{"id":280851,"date":"2025-07-29T01:31:20","date_gmt":"2025-07-29T01:31:20","guid":{"rendered":"https:\/\/www.europesays.com\/fr\/280851\/"},"modified":"2025-07-29T01:31:20","modified_gmt":"2025-07-29T01:31:20","slug":"le-nombre-doccupants-ne-cesse-daugmenter-un-camp-de-migrants-a-rennes-au-bord-de-limplosion","status":"publish","type":"post","link":"https:\/\/www.europesays.com\/fr\/280851\/","title":{"rendered":"\u00ab\u00a0Le nombre d\u2019occupants ne cesse d\u2019augmenter\u00a0\u00bb : un camp de migrants \u00e0 Rennes au bord de l\u2019implosion"},"content":{"rendered":"<p>                                            Soci\u00e9t\u00e9\n                                                                            <\/p>\n<p>\n                                            Les associations de soutien aux migrants alertent sur la situation dans le parc de Maurepas \u00e0 Rennes. Le nombre d\u2019occupants ne cesse de grossir et des tensions de plus en plus vives se font sentir au sein du camp.                                        <\/p>\n<p>                                                Publi\u00e9 le 28 juillet 2025 \u00e0 16h23                                                                                            <\/p>\n<p>                                            <img loading=\"lazy\" width=\"1024\" height=\"683\" src=\"https:\/\/www.europesays.com\/fr\/wp-content\/uploads\/2025\/07\/SIPA_ap22629568_000007-1.jpg\" class=\"attachment-post-thumbnail size-post-thumbnail wp-post-image lazy\" alt=\"Un camp de migrants \u00e0 Calais. \u00a9 Rafael Yaghobzadeh\/AP\/SIPA\" decoding=\"async\"  data-\/><\/p>\n<p>                                            Un camp de migrants \u00e0 Calais. \u00a9 Rafael Yaghobzadeh\/AP\/SIPA<\/p>\n<p>\u00ab Le nombre d\u2019occupants ne cesse d\u2019augmenter, avec de nouvelles familles ces derniers jours. Et l\u2019\u00e9t\u00e9 n\u2019est pas fini. Il est tr\u00e8s difficile de les recenser. \u00bb Voil\u00e0 le constat des associations de soutien <a href=\"https:\/\/www.valeursactuelles.com\/tag\/migrants\" target=\"_blank\" rel=\"noopener\">aux migrants<\/a> concernant la situation du parc de Maurepas \u00e0 Rennes, rapporte <a href=\"https:\/\/www.ouest-france.fr\/bretagne\/rennes-35000\/a-rennes-pas-assez-de-benevoles-pour-le-campement-de-migrants-faut-il-abandonner-le-terrain-2ceb309e-6a3f-11f0-b16b-d94f68dc0538\" target=\"_blank\" rel=\"nofollow noopener\">Ouest-France.<\/a><\/p>\n<p><a href=\"https:\/\/www.valeursactuelles.com\/monde\/le-royaume-uni-sanctionne-25-individus-et-organisations-impliques-dans-les-traversees-illegales-de-la-manche\" class=\"h-flex h-align-items-center h-border-tb h-ptb-15\" target=\"_blank\" rel=\"noopener\">A\u00a0LIRE\u00a0Le Royaume-Uni sanctionne 25 individus et organisations impliqu\u00e9s dans les travers\u00e9es ill\u00e9gales de la Manche<\/a><\/p>\n<p>Depuis plusieurs mois, le parc au nord de la ville s\u2019est transform\u00e9 en un vaste camp de migrants. Les associations estiment avoir d\u00e9pass\u00e9 les 240 personnes dans le parc et 50 enfants. \u00ab Certains sont tr\u00e8s jeunes, six enfants ont moins de 3 ans. \u00bb<\/p>\n<p>\u00ab Les relations se tendent r\u00e9guli\u00e8rement entre occupants \u00bb<\/p>\n<p>De plus, la situation sanitaire et s\u00e9curitaire est d\u00e9plorable : seulement deux toilettes chimiques \u00e0 proximit\u00e9, deux extincteurs sur place et les pr\u00e9conisations essentielles (douches, toilettes, borne \u00e9lectrique pour recharger les portables\u2026) demand\u00e9es par les associations restent sans suite.<\/p>\n<p>Pour couronner le tout, \u00ab les relations se tendent r\u00e9guli\u00e8rement entre occupants \u00bb. \u00ab La situation des enfants est particuli\u00e8rement pr\u00e9occupante. Ils ne peuvent se nourrir correctement, se reposer en raison du bruit la nuit, souffrent de l\u2019anxi\u00e9t\u00e9 et de l\u2019\u00e9puisement de leurs parents. \u00bb<\/p>\n<p>Enfin, les b\u00e9n\u00e9voles ne se pressent plus pour venir en aide <a href=\"https:\/\/www.valeursactuelles.com\/faits-divers\/loon-plage-un-mort-et-cinq-blesses-dont-un-enfant-dans-le-camp-de-migrant\" target=\"_blank\" rel=\"noopener\">aux migrants<\/a>. \u00ab Les nouveaux soutiens se font rares, les vacances n\u2019arrangent pas les choses. \u00bb<\/p>\n","protected":false},"excerpt":{"rendered":"Soci\u00e9t\u00e9 Les associations de soutien aux migrants alertent sur la situation dans le parc de Maurepas \u00e0 Rennes.&hellip;\n","protected":false},"author":2,"featured_media":280852,"comment_status":"","ping_status":"","sticky":false,"template":"","format":"standard","meta":{"footnotes":""},"categories":[2821],"tags":[1111,11,829,1777,674,1011,27,1061,6734,1251,12,584,25,30477],"class_list":{"0":"post-280851","1":"post","2":"type-post","3":"status-publish","4":"format-standard","5":"has-post-thumbnail","7":"category-rennes","8":"tag-actu","9":"tag-actualites","10":"tag-bretagne","11":"tag-eu","12":"tag-europe","13":"tag-fr","14":"tag-france","15":"tag-immigration","16":"tag-immigration-clandestine","17":"tag-migrants","18":"tag-news","19":"tag-rennes","20":"tag-republique-francaise","21":"tag-utopia-56"},"share_on_mastodon":{"url":"https:\/\/pubeurope.com\/@fr\/114933942526931651","error":""},"_links":{"self":[{"href":"https:\/\/www.europesays.com\/fr\/wp-json\/wp\/v2\/posts\/280851","targetHints":{"allow":["GET"]}}],"collection":[{"href":"https:\/\/www.europesays.com\/fr\/wp-json\/wp\/v2\/posts"}],"about":[{"href":"https:\/\/www.europesays.com\/fr\/wp-json\/wp\/v2\/types\/post"}],"author":[{"embeddable":true,"href":"https:\/\/www.europesays.com\/fr\/wp-json\/wp\/v2\/users\/2"}],"replies":[{"embeddable":true,"href":"https:\/\/www.europesays.com\/fr\/wp-json\/wp\/v2\/comments?post=280851"}],"version-history":[{"count":0,"href":"https:\/\/www.europesays.com\/fr\/wp-json\/wp\/v2\/posts\/280851\/revisions"}],"wp:featuredmedia":[{"embeddable":true,"href":"https:\/\/www.europesays.com\/fr\/wp-json\/wp\/v2\/media\/280852"}],"wp:attachment":[{"href":"https:\/\/www.europesays.com\/fr\/wp-json\/wp\/v2\/media?parent=280851"}],"wp:term":[{"taxonomy":"category","embeddable":true,"href":"https:\/\/www.europesays.com\/fr\/wp-json\/wp\/v2\/categories?post=280851"},{"taxonomy":"post_tag","embeddable":true,"href":"https:\/\/www.europesays.com\/fr\/wp-json\/wp\/v2\/tags?post=280851"}],"curies":[{"name":"wp","href":"https:\/\/api.w.org\/{rel}","templated":true}]}}