{"id":280865,"date":"2025-07-29T01:43:10","date_gmt":"2025-07-29T01:43:10","guid":{"rendered":"https:\/\/www.europesays.com\/fr\/280865\/"},"modified":"2025-07-29T01:43:10","modified_gmt":"2025-07-29T01:43:10","slug":"toulouse-jean-jaures-capitole-borderouge-quelles-sont-les-stations-de-metro-les-plus-frequentees","status":"publish","type":"post","link":"https:\/\/www.europesays.com\/fr\/280865\/","title":{"rendered":"Toulouse. Jean-Jaur\u00e8s, Capitole, Borderouge&#8230; Quelles sont les stations de m\u00e9tro les plus fr\u00e9quent\u00e9es\u00a0?"},"content":{"rendered":"<p>            Par<br \/>\n        <strong><br \/>\n            <a href=\"https:\/\/actu.fr\/auteur\/nina-hossein-zadeh\" title=\"Consulter tous les articles de Nina Hossein-Zadeh\" target=\"_blank\" rel=\"noopener\">Nina Hossein-Zadeh<\/a><br \/>\n        <\/strong><\/p>\n<p>        Publi\u00e9 le<\/p>\n<p>            28 juil. 2025 \u00e0 17h00        <\/p>\n<p>206\u00a0millions. C\u2019est le nombre de validations enregistr\u00e9es \u00e0 <a href=\"https:\/\/actu.fr\/toulouse\/\" target=\"_blank\" rel=\"noopener\"><strong>Toulouse<\/strong><\/a> au cours de l\u2019ann\u00e9e 2024 sur le r\u00e9seau Tiss\u00e9o. Tramways, bus, m\u00e9tros,<a href=\"https:\/\/actu.fr\/occitanie\/toulouse_31555\/toulouse-tisseo-est-le-3e-reseau-de-transport-en-commun-le-plus-frequente-de-france-c-est-historique_62953516.html\" target=\"_blank\" rel=\"noopener\"><strong> les Toulousains ont particuli\u00e8rement emprunt\u00e9 les transports en commun<\/strong><\/a>. Et ces chiffres devraient consid\u00e9rablement augmenter avec l\u2019arriv\u00e9e de la troisi\u00e8me ligne de m\u00e9tro, en construction. En attendant de d\u00e9couvrir les nouvelles stations de la ligne C, quelles sont celles qui ont accueilli le plus de passagers au cours de l\u2019ann\u00e9e 2024\u2009?<\/p>\n<p>Jean-Jaur\u00e8s sur la premi\u00e8re marche du podium<\/p>\n<p class=\" wall-content\">Sans surprise, c\u2019est \u00e0<strong>\u00a0la station Jean-Jaur\u00e8s,<\/strong> au croisement des deux lignes de m\u00e9tro A et B, que les voyageurs ont le plus afflu\u00e9. Ils sont <strong>11\u2009001\u2009157 s<\/strong>ur la premi\u00e8re ligne, soit 18\u2009% du trafic sur la ligne A et<strong> 11\u2009511\u2009657<\/strong> sur la seconde avec 20\u2009% de fr\u00e9quentation par rapport aux autres stations de la ligne B.<\/p>\n<p class=\" wall-content\">Avec la construction de la ligne C, Jean-Jaur\u00e8s sera en concurrence avec d\u2019autres points de rencontre. En effet, la future ligne de m\u00e9tro croisera la ligne A \u00e0 Marengo Matabiau. Elle rencontrera par la suite la ligne B \u00e0 Fran\u00e7ois Verdier. Ces deux stations pourraient donc devenir de v\u00e9ritable p\u00f4le d\u2019\u00e9change, tout comme l\u2019est Jean-Jaur\u00e8s.<\/p>\n<p>La ligne A et ses stations multimodales<\/p>\n<p class=\" wall-content\">Sur la ligne A, ce sont des stations qui permettent de rejoindre d\u2019autres moyens de transport qui sont en t\u00eate de classement. Apr\u00e8s Jean-Jaures,<strong> plus de 6\u00a0millions de voyageurs ont badg\u00e9 aux Ar\u00e8nes<\/strong>, o\u00f9 le tramway passe \u00e0 c\u00f4t\u00e9 d\u2019une station de bus.<\/p>\n<p class=\" wall-content\">5\u2009509\u2009081\u00a0personnes ont \u00e9galement transit\u00e9 \u00e0 Marengo SNCF au cours de l\u2019ann\u00e9e 2024, o\u00f9 il est possible de rejoindre la gare de train, et une gare de bus.<\/p>\n<p class=\" wall-content\">En suivant, en plein centre-ville,<strong> la station Capitole a \u00e9t\u00e9 pl\u00e9biscit\u00e9e par 4\u2009847\u2009347 voyageurs<\/strong>, suivie de pr\u00e8s par la station Balma Gramont, qui ouvre sur la p\u00e9riph\u00e9rie de Toulouse, de plus en plus attractive.<\/p>\n<p class=\" wall-content\">S\u2019ensuivent Esquirol, Basso Cambo, Saint-Cyprien R\u00e9publique, Roseraie, Mirail Universit\u00e9, Patte d\u2019Oie, Jolimont, Bagatelle, Argoulets, Bellefontaine, Reynerie, Mermoz et pour finir Fontaine Lestang.<\/p>\n<p>Centre-ville et p\u00e9riph\u00e9rie en ligne B<\/p>\n<p class=\" wall-content\">Du c\u00f4t\u00e9 de la ligne B<strong>, les deux stations du centre-ville Compans Caffarelli et Jeanne d\u2019Arc ont particuli\u00e8rement attir\u00e9 les foules.<\/strong> Respectivement, ce sont 4\u2009460\u2009582 et 3\u2009999\u2009999 voyageurs qui ont pass\u00e9 les portiques.<\/p>\n<p class=\" wall-content\">Terminus de la ligne, Borderouge, quartier en pleine expansion, prend la quatri\u00e8me place des stations les plus pl\u00e9biscit\u00e9es sur la ligne B.<\/p>\n<p class=\" wall-content\">S\u2019ensuivent Palais de Justice, Ramonville, Fran\u00e7ois Verdier, Universit\u00e9 Paul Sabatier, La Vache Empalot, Trois Cocus, Carmes, Barri\u00e8re de Paris, Saint-Michel \u2013 Marcel Langer, Canal du Midi, Saint-Agne \u2013 SNCF, Facult\u00e9 de Pharmacie, Rangueil, Minimes \u2013 Claude Nougaro et enfin Saouzelong.<\/p>\n<p class=\" wall-content\">Suivez toute l\u2019actualit\u00e9 de vos villes et m\u00e9dias favoris en vous inscrivant \u00e0 <a href=\"https:\/\/moncompte.actu.fr\" title=\"D\u00e9couvez Mon Actu\" rel=\"nofollow noopener\" data-trk=\"{&quot;cta&quot;:{&quot;action&quot;:&quot;https:\\\/\\\/moncompte.actu.fr&quot;,&quot;category&quot;:&quot;mon compte&quot;,&quot;from&quot;:&quot;article footer&quot;,&quot;name&quot;:&quot;Mon actu&quot;,&quot;type&quot;:&quot;cta&quot;}}\" target=\"_blank\">Mon Actu<\/a>.<\/p>\n<ul class=\"ac-article-tag wall-content\">\n<li><a href=\"https:\/\/actu.fr\/tag\/metro-de-toulouse\" data-trk=\"{&quot;cta&quot;:{&quot;action&quot;:&quot;M\\u00e9tro de Toulouse&quot;,&quot;category&quot;:&quot;tag&quot;,&quot;from&quot;:&quot;article footer&quot;,&quot;name&quot;:&quot;M\\u00e9tro de Toulouse&quot;,&quot;type&quot;:&quot;cta&quot;}}\" target=\"_blank\" rel=\"noopener\">#M\u00e9tro de Toulouse<\/a><\/li>\n<li><a href=\"https:\/\/actu.fr\/tag\/tisseo\" data-trk=\"{&quot;cta&quot;:{&quot;action&quot;:&quot;Tiss\\u00e9o&quot;,&quot;category&quot;:&quot;tag&quot;,&quot;from&quot;:&quot;article footer&quot;,&quot;name&quot;:&quot;Tiss\\u00e9o&quot;,&quot;type&quot;:&quot;cta&quot;}}\" target=\"_blank\" rel=\"noopener\">#Tiss\u00e9o<\/a><\/li>\n<\/ul>\n","protected":false},"excerpt":{"rendered":"Par Nina Hossein-Zadeh Publi\u00e9 le 28 juil. 2025 \u00e0 17h00 206\u00a0millions. C\u2019est le nombre de validations enregistr\u00e9es \u00e0&hellip;\n","protected":false},"author":2,"featured_media":280866,"comment_status":"","ping_status":"","sticky":false,"template":"","format":"standard","meta":{"footnotes":""},"categories":[2816],"tags":[1111,11,1777,674,1011,27,10596,12,2680,25,104,5400,2312],"class_list":{"0":"post-280865","1":"post","2":"type-post","3":"status-publish","4":"format-standard","5":"has-post-thumbnail","7":"category-toulouse","8":"tag-actu","9":"tag-actualites","10":"tag-eu","11":"tag-europe","12":"tag-fr","13":"tag-france","14":"tag-metro-de-toulouse","15":"tag-news","16":"tag-occitanie","17":"tag-republique-francaise","18":"tag-societe","19":"tag-tisseo","20":"tag-toulouse"},"share_on_mastodon":{"url":"","error":""},"_links":{"self":[{"href":"https:\/\/www.europesays.com\/fr\/wp-json\/wp\/v2\/posts\/280865","targetHints":{"allow":["GET"]}}],"collection":[{"href":"https:\/\/www.europesays.com\/fr\/wp-json\/wp\/v2\/posts"}],"about":[{"href":"https:\/\/www.europesays.com\/fr\/wp-json\/wp\/v2\/types\/post"}],"author":[{"embeddable":true,"href":"https:\/\/www.europesays.com\/fr\/wp-json\/wp\/v2\/users\/2"}],"replies":[{"embeddable":true,"href":"https:\/\/www.europesays.com\/fr\/wp-json\/wp\/v2\/comments?post=280865"}],"version-history":[{"count":0,"href":"https:\/\/www.europesays.com\/fr\/wp-json\/wp\/v2\/posts\/280865\/revisions"}],"wp:featuredmedia":[{"embeddable":true,"href":"https:\/\/www.europesays.com\/fr\/wp-json\/wp\/v2\/media\/280866"}],"wp:attachment":[{"href":"https:\/\/www.europesays.com\/fr\/wp-json\/wp\/v2\/media?parent=280865"}],"wp:term":[{"taxonomy":"category","embeddable":true,"href":"https:\/\/www.europesays.com\/fr\/wp-json\/wp\/v2\/categories?post=280865"},{"taxonomy":"post_tag","embeddable":true,"href":"https:\/\/www.europesays.com\/fr\/wp-json\/wp\/v2\/tags?post=280865"}],"curies":[{"name":"wp","href":"https:\/\/api.w.org\/{rel}","templated":true}]}}