{"id":280873,"date":"2025-07-29T01:49:14","date_gmt":"2025-07-29T01:49:14","guid":{"rendered":"https:\/\/www.europesays.com\/fr\/280873\/"},"modified":"2025-07-29T01:49:14","modified_gmt":"2025-07-29T01:49:14","slug":"la-celebre-enseigne-claires-placee-en-redressement-judiciaire","status":"publish","type":"post","link":"https:\/\/www.europesays.com\/fr\/280873\/","title":{"rendered":"La c\u00e9l\u00e8bre enseigne Claire\u2019s plac\u00e9e en redressement judiciaire"},"content":{"rendered":"<p itemprop=\"description\"><strong>Mauvaise nouvelle pour la marque d\u2019accessoire et de bijoux \u00e0 petits prix.<\/strong><\/p>\n<p>La filiale fran\u00e7aise de Claire\u2019s a \u00e9t\u00e9 plac\u00e9e il y a quelques jours en redressement judiciaire. Selon une information de la radio locale <a href=\"https:\/\/www.deltafm.fr\/\" target=\"_blank\" rel=\"noopener\">Delta FM<\/a>, la proc\u00e9dure a \u00e9t\u00e9 ouverte le 24 juillet par le tribunal des activit\u00e9s \u00e9conomiques de Paris avec au bout une p\u00e9riode d\u2019observation de six mois. A l\u2019issue de celle-ci, une d\u00e9cision sera prise concernant un possible plan de continuation avec un repreneur ou une liquidation judiciaire.<\/p>\n<p>L\u2019enseigne connue pour ses bijoux \u00e0 petits prix, ses piercings et ses accessoires pour les adolescents connait actuellement d\u2019importantes difficult\u00e9s financi\u00e8res. Elle enregistrait d\u00e9but 2024 pr\u00e8s de 250 magasins et 800 employ\u00e9s. A Lyon, Claire\u2019s compte deux boutiques rue Victor Hugo et au sein du centre commercial Westfield La Part-Dieu.<\/p>\n","protected":false},"excerpt":{"rendered":"Mauvaise nouvelle pour la marque d\u2019accessoire et de bijoux \u00e0 petits prix. La filiale fran\u00e7aise de Claire\u2019s a&hellip;\n","protected":false},"author":2,"featured_media":280874,"comment_status":"","ping_status":"","sticky":false,"template":"","format":"standard","meta":{"footnotes":""},"categories":[1889],"tags":[1111,11,2813,2190,2430,1109,251,1112,2811,1777,674,118,1294,4651,1011,27,1922,1110,1114,2428,4903,4902,12,241,316,25,2812,517,800],"class_list":{"0":"post-280873","1":"post","2":"type-post","3":"status-publish","4":"format-standard","5":"has-post-thumbnail","7":"category-lyon","8":"tag-actu","9":"tag-actualites","10":"tag-article","11":"tag-asvel","12":"tag-auvergne-rhone-alpes","13":"tag-breves","14":"tag-culture","15":"tag-depeches","16":"tag-economique","17":"tag-eu","18":"tag-europe","19":"tag-faits-divers","20":"tag-femme","21":"tag-femmes","22":"tag-fr","23":"tag-france","24":"tag-info","25":"tag-informations","26":"tag-infos","27":"tag-lyon","28":"tag-lyonfemme","29":"tag-lyonfemmes","30":"tag-news","31":"tag-ol","32":"tag-politique","33":"tag-republique-francaise","34":"tag-sociale","35":"tag-sport","36":"tag-transports"},"share_on_mastodon":{"url":"https:\/\/pubeurope.com\/@fr\/114934013191385015","error":""},"_links":{"self":[{"href":"https:\/\/www.europesays.com\/fr\/wp-json\/wp\/v2\/posts\/280873","targetHints":{"allow":["GET"]}}],"collection":[{"href":"https:\/\/www.europesays.com\/fr\/wp-json\/wp\/v2\/posts"}],"about":[{"href":"https:\/\/www.europesays.com\/fr\/wp-json\/wp\/v2\/types\/post"}],"author":[{"embeddable":true,"href":"https:\/\/www.europesays.com\/fr\/wp-json\/wp\/v2\/users\/2"}],"replies":[{"embeddable":true,"href":"https:\/\/www.europesays.com\/fr\/wp-json\/wp\/v2\/comments?post=280873"}],"version-history":[{"count":0,"href":"https:\/\/www.europesays.com\/fr\/wp-json\/wp\/v2\/posts\/280873\/revisions"}],"wp:featuredmedia":[{"embeddable":true,"href":"https:\/\/www.europesays.com\/fr\/wp-json\/wp\/v2\/media\/280874"}],"wp:attachment":[{"href":"https:\/\/www.europesays.com\/fr\/wp-json\/wp\/v2\/media?parent=280873"}],"wp:term":[{"taxonomy":"category","embeddable":true,"href":"https:\/\/www.europesays.com\/fr\/wp-json\/wp\/v2\/categories?post=280873"},{"taxonomy":"post_tag","embeddable":true,"href":"https:\/\/www.europesays.com\/fr\/wp-json\/wp\/v2\/tags?post=280873"}],"curies":[{"name":"wp","href":"https:\/\/api.w.org\/{rel}","templated":true}]}}