{"id":280885,"date":"2025-07-29T01:57:19","date_gmt":"2025-07-29T01:57:19","guid":{"rendered":"https:\/\/www.europesays.com\/fr\/280885\/"},"modified":"2025-07-29T01:57:19","modified_gmt":"2025-07-29T01:57:19","slug":"chaque-nouvel-ultimatum-est-une-menace-et-un-pas-vers-la-guerre-declare-dmitri-medvedev-ancien-president-de-la-russie","status":"publish","type":"post","link":"https:\/\/www.europesays.com\/fr\/280885\/","title":{"rendered":"\u00ab\u00a0Chaque nouvel ultimatum est une menace et un pas vers la guerre\u00a0\u00bb, d\u00e9clare Dmitri Medvedev, ancien pr\u00e9sident de la Russie"},"content":{"rendered":"<p>Guerre en Ukraine: \u00ab\u00a0Chaque nouvel ultimatum est une menace et un pas vers la guerre\u00a0\u00bb, d\u00e9clare Dmitri Medvedev, ancien pr\u00e9sident de la RussieSur le m\u00eame sujet<a href=\"https:\/\/www.bfmtv.com\/international\/moyen-orient\/palestine\/video-solution-a-deux-etats-il-y-a-aujourd-hui-entre-la-riviere-et-la-mer-deux-peuples-estime-ofer-bronchtein-president-et-cofondateur-du-forum-international-pour-la-paix_VN-202507280564.html\" title=\"Solution \u00e0 deux \u00c9tats: &quot;Il y a aujourd&#039;hui, entre la rivi\u00e8re et la mer, deux peuples&quot;, estime Ofer Bronchtein, pr\u00e9sident et cofondateur du Forum international pour la paix\" rel=\"nofollow noopener\" target=\"_blank\"><img width=\"16\" height=\"9\" class=\"lozad\"  alt=\"Solution \u00e0 deux \u00c9tats: &quot;Il y a aujourd'hui, entre la rivi\u00e8re et la mer, deux peuples&quot;, estime Ofer Bronchtein, pr\u00e9sident et cofondateur du Forum international pour la paix\"\/>1:26Solution \u00e0 deux \u00c9tats: \u00ab\u00a0Il y a aujourd&rsquo;hui, entre la rivi\u00e8re et la mer, deux peuples\u00a0\u00bb, estime Ofer Bronchtein, pr\u00e9sident et cofondateur du Forum international pour la paix<\/a><a href=\"https:\/\/www.bfmtv.com\/international\/amerique-nord\/etats-unis\/video-guerre-en-ukraine-donald-trump-veut-un-cessez-le-feu-non-negocie-ca-ne-s-est-jamais-vu-affirme-claude-blanchemaison-ancien-ambassadeur-de-france-a-moscou_VN-202507280563.html\" title=\"Guerre en Ukraine: Donald Trump &quot;veut un cessez-le-feu non n\u00e9goci\u00e9, \u00e7a ne s&#039;est jamais vu&quot;, affirme Claude Blanchemaison, ancien ambassadeur de France \u00e0 Moscou\" rel=\"nofollow noopener\" target=\"_blank\"><img width=\"16\" height=\"9\" class=\"lozad\"  alt=\"Guerre en Ukraine: Donald Trump &quot;veut un cessez-le-feu non n\u00e9goci\u00e9, \u00e7a ne s'est jamais vu&quot;, affirme Claude Blanchemaison, ancien ambassadeur de France \u00e0 Moscou\"\/>1:38Guerre en Ukraine: Donald Trump \u00ab\u00a0veut un cessez-le-feu non n\u00e9goci\u00e9, \u00e7a ne s&rsquo;est jamais vu\u00a0\u00bb, affirme Claude Blanchemaison, ancien ambassadeur de France \u00e0 Moscou<\/a><a href=\"https:\/\/www.bfmtv.com\/economie\/video-champagne-fromage-pret-a-porter-ces-produits-concernes-par-la-hausse-des-droits-de-douane_VN-202507280561.html\" title=\"Champagne, fromage, pr\u00eat-\u00e0-porter... ces produits concern\u00e9s par la hausse des droits de douane\" rel=\"nofollow noopener\" target=\"_blank\"><img width=\"16\" height=\"9\" class=\"lozad\"  alt=\"Champagne, fromage, pr\u00eat-\u00e0-porter... ces produits concern\u00e9s par la hausse des droits de douane\"\/>1:24Champagne, fromage, pr\u00eat-\u00e0-porter&#8230; ces produits concern\u00e9s par la hausse des droits de douane<\/a><a href=\"https:\/\/www.bfmtv.com\/international\/amerique-nord\/etats-unis\/video-guerre-en-ukraine-vladimir-poutine-a-tort-de-se-mettre-donald-trump-completement-a-dos-analyse-le-general-de-l-armee-de-l-air-patrick-dutartre_VN-202507280558.html\" title=\"Guerre en Ukraine: &quot;Vladimir Poutine a tort de se mettre Donald Trump compl\u00e8tement \u00e0 dos&quot;, analyse le g\u00e9n\u00e9ral de l&#039;Arm\u00e9e de l&#039;air Patrick Dutartre\" rel=\"nofollow noopener\" target=\"_blank\"><img width=\"16\" height=\"9\" class=\"lozad\"  alt=\"Guerre en Ukraine: &quot;Vladimir Poutine a tort de se mettre Donald Trump compl\u00e8tement \u00e0 dos&quot;, analyse le g\u00e9n\u00e9ral de l'Arm\u00e9e de l'air Patrick Dutartre\"\/>2:04Guerre en Ukraine: \u00ab\u00a0Vladimir Poutine a tort de se mettre Donald Trump compl\u00e8tement \u00e0 dos\u00a0\u00bb, analyse le g\u00e9n\u00e9ral de l&rsquo;Arm\u00e9e de l&rsquo;air Patrick Dutartre<\/a><a href=\"https:\/\/www.bfmtv.com\/economie\/video-droits-de-douane-l-interview-en-integralite-de-patrick-martin-president-du-medef_VN-202507280529.html\" title=\"Droits de douane: l&#039;interview en int\u00e9gralit\u00e9 de Patrick Martin, pr\u00e9sident du MEDEF \" rel=\"nofollow noopener\" target=\"_blank\"><img width=\"16\" height=\"9\" class=\"lozad\"  alt=\"Droits de douane: l'interview en int\u00e9gralit\u00e9 de Patrick Martin, pr\u00e9sident du MEDEF \"\/>15:17Droits de douane: l&rsquo;interview en int\u00e9gralit\u00e9 de Patrick Martin, pr\u00e9sident du MEDEF<\/a><a href=\"https:\/\/www.bfmtv.com\/economie\/video-accord-ue-etats-unis-l-union-europeenne-peut-encore-renegocier-estime-patrick-martin-president-du-medef_VN-202507280521.html\" title=\"Accord UE-\u00c9tats-Unis: &quot;L&#039;Union europ\u00e9enne peut encore ren\u00e9gocier&quot;, estime Patrick Martin, pr\u00e9sident du Medef\" rel=\"nofollow noopener\" target=\"_blank\"><img width=\"16\" height=\"9\" class=\"lozad\"  alt=\"Accord UE-\u00c9tats-Unis: &quot;L'Union europ\u00e9enne peut encore ren\u00e9gocier&quot;, estime Patrick Martin, pr\u00e9sident du Medef\"\/>1:07Accord UE-\u00c9tats-Unis: \u00ab\u00a0L&rsquo;Union europ\u00e9enne peut encore ren\u00e9gocier\u00a0\u00bb, estime Patrick Martin, pr\u00e9sident du Medef<\/a><a href=\"https:\/\/www.bfmtv.com\/economie\/video-accord-ue-etats-unis-commencons-par-nous-occuper-de-nous-memes-et-le-jour-venu-on-pourra-tenir-tete-aux-americains-estime-patrick-martin-president-du-medef_VN-202507280517.html\" title=\"Accord UE-\u00c9tats-Unis: &quot;Commen\u00e7ons par nous occuper de nous-m\u00eames et le jour venu, on pourra tenir t\u00eate aux Am\u00e9ricains&quot;, estime Patrick Martin, pr\u00e9sident du Medef\" rel=\"nofollow noopener\" target=\"_blank\"><img width=\"16\" height=\"9\" class=\"lozad\"  alt=\"Accord UE-\u00c9tats-Unis: &quot;Commen\u00e7ons par nous occuper de nous-m\u00eames et le jour venu, on pourra tenir t\u00eate aux Am\u00e9ricains&quot;, estime Patrick Martin, pr\u00e9sident du Medef\"\/>1:16Accord UE-\u00c9tats-Unis: \u00ab\u00a0Commen\u00e7ons par nous occuper de nous-m\u00eames et le jour venu, on pourra tenir t\u00eate aux Am\u00e9ricains\u00a0\u00bb, estime Patrick Martin, pr\u00e9sident du Medef<\/a><a href=\"https:\/\/www.bfmtv.com\/economie\/video-accord-ue-etats-unis-l-europe-a-les-moyens-de-tenir-une-position-robuste-selon-patrick-martin-president-du-medef_VN-202507280516.html\" title=\"Accord UE-\u00c9tats-Unis: &quot;L&#039;Europe a les moyens de tenir une position robuste&quot;, selon Patrick Martin, pr\u00e9sident du Medef\" rel=\"nofollow noopener\" target=\"_blank\"><img width=\"16\" height=\"9\" class=\"lozad\"  alt=\"Accord UE-\u00c9tats-Unis: &quot;L'Europe a les moyens de tenir une position robuste&quot;, selon Patrick Martin, pr\u00e9sident du Medef\"\/>1:13Accord UE-\u00c9tats-Unis: \u00ab\u00a0L&rsquo;Europe a les moyens de tenir une position robuste\u00a0\u00bb, selon Patrick Martin, pr\u00e9sident du Medef<\/a><a href=\"https:\/\/www.bfmtv.com\/economie\/video-accord-ue-etats-unis-cela-releve-presque-de-l-humiliation-reagit-patrick-martin-president-du-medef_VN-202507280513.html\" title=\"Accord UE-\u00c9tats-Unis: &quot;Cela rel\u00e8ve presque de l&#039;humiliation&quot;, r\u00e9agit Patrick Martin, pr\u00e9sident du MEDEF\" rel=\"nofollow noopener\" target=\"_blank\"><img width=\"16\" height=\"9\" class=\"lozad\"  alt=\"Accord UE-\u00c9tats-Unis: &quot;Cela rel\u00e8ve presque de l'humiliation&quot;, r\u00e9agit Patrick Martin, pr\u00e9sident du MEDEF\"\/>1:26Accord UE-\u00c9tats-Unis: \u00ab\u00a0Cela rel\u00e8ve presque de l&rsquo;humiliation\u00a0\u00bb, r\u00e9agit Patrick Martin, pr\u00e9sident du MEDEF<\/a><a href=\"https:\/\/www.bfmtv.com\/replay-emissions\/bfm-story\/video-story-10-incendie-proche-d-athenes-le-feu-a-ete-circonscrit-par-les-pompiers-grace-a-quatre-canadairs-28-07_VN-202507280511.html\" title=\"Story 10 : Incendie proche d&#039;Ath\u00e8nes, le feu a \u00e9t\u00e9 circonscrit par les pompiers gr\u00e2ce \u00e0 quatre canadairs - 28\/07\" rel=\"nofollow noopener\" target=\"_blank\"><img width=\"16\" height=\"9\" class=\"lozad\"  alt=\"Story 10 : Incendie proche d'Ath\u00e8nes, le feu a \u00e9t\u00e9 circonscrit par les pompiers gr\u00e2ce \u00e0 quatre canadairs - 28\/07\"\/>1:51Story 10 : Incendie proche d&rsquo;Ath\u00e8nes, le feu a \u00e9t\u00e9 circonscrit par les pompiers gr\u00e2ce \u00e0 quatre canadairs &#8211; 28\/07<\/a><a href=\"https:\/\/www.bfmtv.com\/international\/video-guerre-en-ukraine-chaque-nouvel-ultimatum-est-une-menace-et-un-pas-vers-la-guerre-declare-dmitri-medvedev-ancien-president-de-la-russie_VN-202507280508.html\" title=\"Guerre en Ukraine: &quot;Chaque nouvel ultimatum est une menace et un pas vers la guerre&quot;, d\u00e9clare Dmitri Medvedev, ancien pr\u00e9sident de la Russie \" rel=\"nofollow noopener\" target=\"_blank\"><img width=\"16\" height=\"9\" class=\"lozad\"  alt=\"Guerre en Ukraine: &quot;Chaque nouvel ultimatum est une menace et un pas vers la guerre&quot;, d\u00e9clare Dmitri Medvedev, ancien pr\u00e9sident de la Russie \"\/>en lectureGuerre en Ukraine: \u00ab\u00a0Chaque nouvel ultimatum est une menace et un pas vers la guerre\u00a0\u00bb, d\u00e9clare Dmitri Medvedev, ancien pr\u00e9sident de la Russie<\/a><a href=\"https:\/\/www.bfmtv.com\/international\/moyen-orient\/palestine\/video-distribution-d-aide-humanitaire-a-gaza-je-crois-qu-il-s-agit-d-une-bataille-de-communication-analyse-antoine-basbous-politologue_VN-202507280507.html\" title=\"Distribution d&#039;aide humanitaire \u00e0 Gaza: &quot;Je crois qu&#039;il s&#039;agit d&#039;une bataille de communication&quot;, analyse Antoine Basbous, politologue\" rel=\"nofollow noopener\" target=\"_blank\"><img width=\"16\" height=\"9\" class=\"lozad\"  alt=\"Distribution d'aide humanitaire \u00e0 Gaza: &quot;Je crois qu'il s'agit d'une bataille de communication&quot;, analyse Antoine Basbous, politologue\"\/>2:05Distribution d&rsquo;aide humanitaire \u00e0 Gaza: \u00ab\u00a0Je crois qu&rsquo;il s&rsquo;agit d&rsquo;une bataille de communication\u00a0\u00bb, analyse Antoine Basbous, politologue<\/a><a href=\"https:\/\/www.bfmtv.com\/replay-emissions\/bfm-story\/video-story-12-barrot-a-gaza-la-paix-est-possible-28-07_VN-202507280502.html\" title=\"Story 12 : Barrot, \u00e0 Gaza, &quot;la paix est possible&quot; - 28\/07\" rel=\"nofollow noopener\" target=\"_blank\"><img width=\"16\" height=\"9\" class=\"lozad\"  alt=\"Story 12 : Barrot, \u00e0 Gaza, &quot;la paix est possible&quot; - 28\/07\"\/>14:11Story 12 : Barrot, \u00e0 Gaza, \u00ab\u00a0la paix est possible\u00a0\u00bb &#8211; 28\/07<\/a><a href=\"https:\/\/www.bfmtv.com\/international\/moyen-orient\/palestine\/video-aide-alimentaire-arrivee-a-gaza-ce-sont-des-gens-affames-desesperes-qui-meurent-de-faim-raconte-le-porte-parole-de-gaza-humanitarian-foundation_VN-202507280495.html\" title=\"Aide alimentaire arriv\u00e9e \u00e0 Gaza: &quot;Ce sont des gens affam\u00e9s, d\u00e9sesp\u00e9r\u00e9s, qui meurent de faim&quot;, raconte le porte-parole de Gaza humanitarian foundation\" rel=\"nofollow noopener\" target=\"_blank\"><img width=\"16\" height=\"9\" class=\"lozad\"  alt=\"Aide alimentaire arriv\u00e9e \u00e0 Gaza: &quot;Ce sont des gens affam\u00e9s, d\u00e9sesp\u00e9r\u00e9s, qui meurent de faim&quot;, raconte le porte-parole de Gaza humanitarian foundation\"\/>2:53Aide alimentaire arriv\u00e9e \u00e0 Gaza: \u00ab\u00a0Ce sont des gens affam\u00e9s, d\u00e9sesp\u00e9r\u00e9s, qui meurent de faim\u00a0\u00bb, raconte le porte-parole de Gaza humanitarian foundation<\/a><a class=\"jumpToVideo\" target=\"_blank\"><img class=\"thumbnailPreview\"\/><\/a><\/p>\n","protected":false},"excerpt":{"rendered":"Guerre en Ukraine: \u00ab\u00a0Chaque nouvel ultimatum est une menace et un pas vers la guerre\u00a0\u00bb, d\u00e9clare Dmitri Medvedev,&hellip;\n","protected":false},"author":2,"featured_media":280886,"comment_status":"","ping_status":"","sticky":false,"template":"","format":"standard","meta":{"footnotes":""},"categories":[1591],"tags":[11,1887,12,1885,1886,132],"class_list":{"0":"post-280885","1":"post","2":"type-post","3":"status-publish","4":"format-standard","5":"has-post-thumbnail","7":"category-russie","8":"tag-actualites","9":"tag-federation-de-russie","10":"tag-news","11":"tag-russia","12":"tag-russian-federation","13":"tag-russie"},"share_on_mastodon":{"url":"https:\/\/pubeurope.com\/@fr\/114934044773462893","error":""},"_links":{"self":[{"href":"https:\/\/www.europesays.com\/fr\/wp-json\/wp\/v2\/posts\/280885","targetHints":{"allow":["GET"]}}],"collection":[{"href":"https:\/\/www.europesays.com\/fr\/wp-json\/wp\/v2\/posts"}],"about":[{"href":"https:\/\/www.europesays.com\/fr\/wp-json\/wp\/v2\/types\/post"}],"author":[{"embeddable":true,"href":"https:\/\/www.europesays.com\/fr\/wp-json\/wp\/v2\/users\/2"}],"replies":[{"embeddable":true,"href":"https:\/\/www.europesays.com\/fr\/wp-json\/wp\/v2\/comments?post=280885"}],"version-history":[{"count":0,"href":"https:\/\/www.europesays.com\/fr\/wp-json\/wp\/v2\/posts\/280885\/revisions"}],"wp:featuredmedia":[{"embeddable":true,"href":"https:\/\/www.europesays.com\/fr\/wp-json\/wp\/v2\/media\/280886"}],"wp:attachment":[{"href":"https:\/\/www.europesays.com\/fr\/wp-json\/wp\/v2\/media?parent=280885"}],"wp:term":[{"taxonomy":"category","embeddable":true,"href":"https:\/\/www.europesays.com\/fr\/wp-json\/wp\/v2\/categories?post=280885"},{"taxonomy":"post_tag","embeddable":true,"href":"https:\/\/www.europesays.com\/fr\/wp-json\/wp\/v2\/tags?post=280885"}],"curies":[{"name":"wp","href":"https:\/\/api.w.org\/{rel}","templated":true}]}}