{"id":280912,"date":"2025-07-29T02:09:09","date_gmt":"2025-07-29T02:09:09","guid":{"rendered":"https:\/\/www.europesays.com\/fr\/280912\/"},"modified":"2025-07-29T02:09:09","modified_gmt":"2025-07-29T02:09:09","slug":"romain-ntamack-de-retour-la-fuite-dans-la-presse","status":"publish","type":"post","link":"https:\/\/www.europesays.com\/fr\/280912\/","title":{"rendered":"Romain Ntamack de retour, la fuite dans la presse !"},"content":{"rendered":"<p class=\"heading\">En d\u00e9licatesse avec son physique et souvent point\u00e9 du doigt, Romain Ntamack a r\u00e9ussi \u00e0 aller chercher un nouveau Bouclier de Brennus la saison derni\u00e8re, avec le Stade Toulousain. Op\u00e9r\u00e9 \u00e0 un genou d\u00e8s les jours qui ont suivi la finale, l\u2019ouvreur de 26 ans a profit\u00e9 de vacances bien m\u00e9rit\u00e9es pour se ressourcer, afin de retrouver sa meilleure forme. <\/p>\n<p>Certains observateurs ont assur\u00e9 que la saison derni\u00e8re, on a peut-\u00eatre vu l\u2019un des pires <strong>Romain Ntamack<\/strong> des derni\u00e8res ann\u00e9es. Pourtant, la star fran\u00e7aise a tout de m\u00eame eu des r\u00e9sultats tr\u00e8s importants au <strong>XV de France <\/strong>avec une victoire au <strong>6 Nations 2025<\/strong>, sans oublie le <strong>Bouclier de Brennus <\/strong>rafl\u00e9 avec son club du <strong>Stade Toulousain<\/strong>. <\/p>\n<p>                                            \u00ab J&rsquo;ai connu pas mal de p\u00e9pins \u00bb <\/p>\n<p>Sa m\u00e9forme est sans aucun doute li\u00e9e \u00e0 des p\u00e9pins physiques r\u00e9currents qui l\u2019ont beaucoup g\u00ean\u00e9, comme il l\u2019avait avou\u00e9 dans les colonnes de L\u2019Equipe. \u00ab J&rsquo;ai connu pas mal de p\u00e9pins. Au genou, au mollet, etc. Je n&rsquo;ai que 25 ans mais j&rsquo;encha\u00eene les blessures. J&rsquo;essaie de profiter de mes temps d&rsquo;arr\u00eat pour m&rsquo;am\u00e9liorer \u00bb avait d\u00e9clar\u00e9 il y a quelques mois <strong>Romain Ntamack<\/strong>. \u00ab Je me suis renforc\u00e9, mais je sens que je ne suis pas encore revenu \u00e0 mon potentiel maximum. J&rsquo;ai encore des petits bouts de cartilage qui tra\u00eenent dans le genou \u00bb. <\/p>\n<p>                                            Le Stade Toulousain reprend le 4 aout, mais&#8230; <\/p>\n<p>D\u00e8s la fin officielle de la saison 2024\/2025, le demi d&rsquo;ouverture a ainsi subi une op\u00e9ration b\u00e9nigne au genou, pour l\u2019aider \u00e0 r\u00e9gler ses soucis et revenir \u00e0 son meilleur niveau \u00e0 deux ans de la <strong>Coupe du monde<\/strong> en Australie. Et on sait d\u00e9sormais quand il va reprendre, puisque le <strong>Stade Toulousain<\/strong> a annonc\u00e9 que les joueurs devraient revenir d\u00e8s le 4 aout pour le d\u00e9but de la pr\u00e9saison. Toutefois, <a href=\"https:\/\/le10sport.com\/rugby\/ntamack-dupont-le-nouveau-crack-de-toulouse-752036\" rel=\"nofollow noopener\" target=\"_blank\">Romain Ntamack<\/a> devrait b\u00e9n\u00e9ficier d\u2019une semaine suppl\u00e9mentaire de vacances, comme les autres internationaux. <\/p>\n","protected":false},"excerpt":{"rendered":"En d\u00e9licatesse avec son physique et souvent point\u00e9 du doigt, Romain Ntamack a r\u00e9ussi \u00e0 aller chercher un&hellip;\n","protected":false},"author":2,"featured_media":280913,"comment_status":"","ping_status":"","sticky":false,"template":"","format":"standard","meta":{"footnotes":""},"categories":[1416],"tags":[1011,27,479,1468,60],"class_list":{"0":"post-280912","1":"post","2":"type-post","3":"status-publish","4":"format-standard","5":"has-post-thumbnail","7":"category-rugby","8":"tag-fr","9":"tag-france","10":"tag-rugby","11":"tag-rugby-football","12":"tag-sports"},"share_on_mastodon":{"url":"https:\/\/pubeurope.com\/@fr\/114934091784483338","error":""},"_links":{"self":[{"href":"https:\/\/www.europesays.com\/fr\/wp-json\/wp\/v2\/posts\/280912","targetHints":{"allow":["GET"]}}],"collection":[{"href":"https:\/\/www.europesays.com\/fr\/wp-json\/wp\/v2\/posts"}],"about":[{"href":"https:\/\/www.europesays.com\/fr\/wp-json\/wp\/v2\/types\/post"}],"author":[{"embeddable":true,"href":"https:\/\/www.europesays.com\/fr\/wp-json\/wp\/v2\/users\/2"}],"replies":[{"embeddable":true,"href":"https:\/\/www.europesays.com\/fr\/wp-json\/wp\/v2\/comments?post=280912"}],"version-history":[{"count":0,"href":"https:\/\/www.europesays.com\/fr\/wp-json\/wp\/v2\/posts\/280912\/revisions"}],"wp:featuredmedia":[{"embeddable":true,"href":"https:\/\/www.europesays.com\/fr\/wp-json\/wp\/v2\/media\/280913"}],"wp:attachment":[{"href":"https:\/\/www.europesays.com\/fr\/wp-json\/wp\/v2\/media?parent=280912"}],"wp:term":[{"taxonomy":"category","embeddable":true,"href":"https:\/\/www.europesays.com\/fr\/wp-json\/wp\/v2\/categories?post=280912"},{"taxonomy":"post_tag","embeddable":true,"href":"https:\/\/www.europesays.com\/fr\/wp-json\/wp\/v2\/tags?post=280912"}],"curies":[{"name":"wp","href":"https:\/\/api.w.org\/{rel}","templated":true}]}}