{"id":280914,"date":"2025-07-29T02:10:12","date_gmt":"2025-07-29T02:10:12","guid":{"rendered":"https:\/\/www.europesays.com\/fr\/280914\/"},"modified":"2025-07-29T02:10:12","modified_gmt":"2025-07-29T02:10:12","slug":"a-toronto-mannarino-remporte-son-premier-match-en-masters-1000-de-la-saison","status":"publish","type":"post","link":"https:\/\/www.europesays.com\/fr\/280914\/","title":{"rendered":"\u00c0 Toronto, Mannarino remporte son premier match en Masters 1000 de la saison"},"content":{"rendered":"<p>                <img decoding=\"async\" src=\"https:\/\/www.europesays.com\/fr\/wp-content\/uploads\/2025\/07\/BhDT.jpg\" alt=\"\u00c0 Toronto, Mannarino remporte son premier match en Masters 1000 de la saison\"\/><\/p>\n<p><strong>Adrian Mannarino vient de mettre fin \u00e0 une longue disette en Masters 1000.<\/strong><\/p>\n<p>Depuis octobre 2024 et une victoire au deuxi\u00e8me tour \u00e0 Paris-Bercy, le Fran\u00e7ais n\u2019avait plus remport\u00e9 de match dans cette cat\u00e9gorie.<\/p>\n<p><strong>\u00c0 Toronto, il s\u2019est extirp\u00e9 des qualifications et a h\u00e9rit\u00e9 de Marcos Giron dans le tableau principal.<\/strong><\/p>\n<p>Malgr\u00e9 un manque de premier service (48%) et des difficult\u00e9s \u00e0 convertir ses occasions de break (3\/10), Mannarino s\u2019en est sorti sur le score de 6-4, 6-4.<\/p>\n<p>Une premi\u00e8re victoire depuis huit mois en Masters 1000 qui lui permettra d\u2019affronter Ben Shelton, 7e mondial, au deuxi\u00e8me tour mercredi.<\/p>\n","protected":false},"excerpt":{"rendered":"Adrian Mannarino vient de mettre fin \u00e0 une longue disette en Masters 1000. Depuis octobre 2024 et une&hellip;\n","protected":false},"author":2,"featured_media":280915,"comment_status":"","ping_status":"","sticky":false,"template":"","format":"standard","meta":{"footnotes":""},"categories":[1415],"tags":[1011,27,60,1467],"class_list":{"0":"post-280914","1":"post","2":"type-post","3":"status-publish","4":"format-standard","5":"has-post-thumbnail","7":"category-tennis","8":"tag-fr","9":"tag-france","10":"tag-sports","11":"tag-tennis"},"share_on_mastodon":{"url":"https:\/\/pubeurope.com\/@fr\/114934095779962963","error":""},"_links":{"self":[{"href":"https:\/\/www.europesays.com\/fr\/wp-json\/wp\/v2\/posts\/280914","targetHints":{"allow":["GET"]}}],"collection":[{"href":"https:\/\/www.europesays.com\/fr\/wp-json\/wp\/v2\/posts"}],"about":[{"href":"https:\/\/www.europesays.com\/fr\/wp-json\/wp\/v2\/types\/post"}],"author":[{"embeddable":true,"href":"https:\/\/www.europesays.com\/fr\/wp-json\/wp\/v2\/users\/2"}],"replies":[{"embeddable":true,"href":"https:\/\/www.europesays.com\/fr\/wp-json\/wp\/v2\/comments?post=280914"}],"version-history":[{"count":0,"href":"https:\/\/www.europesays.com\/fr\/wp-json\/wp\/v2\/posts\/280914\/revisions"}],"wp:featuredmedia":[{"embeddable":true,"href":"https:\/\/www.europesays.com\/fr\/wp-json\/wp\/v2\/media\/280915"}],"wp:attachment":[{"href":"https:\/\/www.europesays.com\/fr\/wp-json\/wp\/v2\/media?parent=280914"}],"wp:term":[{"taxonomy":"category","embeddable":true,"href":"https:\/\/www.europesays.com\/fr\/wp-json\/wp\/v2\/categories?post=280914"},{"taxonomy":"post_tag","embeddable":true,"href":"https:\/\/www.europesays.com\/fr\/wp-json\/wp\/v2\/tags?post=280914"}],"curies":[{"name":"wp","href":"https:\/\/api.w.org\/{rel}","templated":true}]}}