{"id":280924,"date":"2025-07-29T02:16:10","date_gmt":"2025-07-29T02:16:10","guid":{"rendered":"https:\/\/www.europesays.com\/fr\/280924\/"},"modified":"2025-07-29T02:16:10","modified_gmt":"2025-07-29T02:16:10","slug":"iris-mittenaere-un-candidat-de-noubliez-pas-les-paroles-explique-son-lien-inattendu-avec-la-miss","status":"publish","type":"post","link":"https:\/\/www.europesays.com\/fr\/280924\/","title":{"rendered":"Iris Mittenaere : un candidat de N\u2019oubliez pas les paroles, explique son lien inattendu avec la miss"},"content":{"rendered":"<p>Les candidats de N\u2019oubliez pas les paroles se succ\u00e8dent mais ne<br \/>\nse ressemblent pas ! Ainsi, chaque soir Nagui continue d\u2019\u00eatre<br \/>\nsurpris par l\u2019attitude parfois \u00e9tranger des joueurs ou bien de leur<br \/>\nanecdote, plus \u00e9tonnante les unes que les autres.<\/p>\n<p>Si cela d\u00e9clenche parfois <a class=\"qbe-widget\" href=\"https:\/\/www.closermag.fr\/tv_tele_realite\/attiree-par-les-hommes-qui-aiment-les-femmes-mariees-immense-malaise-sur-le-plateau-de-noubliez-pas-les-paroles-3526897\" target=\"_blank\" rel=\"noopener noreferrer\">des malaises sur le<br \/>\nplateau<\/a>, <a class=\"qbe-widget\" href=\"https:\/\/www.closermag.fr\/tv_tele_realite\/jastique-bien-a-laise-blaise-dans-noubliez-pas-les-paroles-benoit-parle-un-peu-trop-vite-3514788\" target=\"_blank\" rel=\"noopener noreferrer\">les histoires des<br \/>\ncandidats<\/a> sont parfois assez dr\u00f4les. R\u00e9cemment, un chanteur<br \/>\nen herbe a surpris tout le monde en \u00e9voquant son lien improbable<br \/>\navec\u2026 Iris Mittenaere.<\/p>\n<p>Iris Mittenaere li\u00e9e \u00e0 un candidat de N\u2019oubliez pas les<br \/>\nparoles.<\/p>\n<p>Vendredi 25 juillet, Elie est venue tenter sa chance pour la<br \/>\ntroisi\u00e8me fois sur le plateau de N\u2019oubliez pas les paroles.<br \/>\nChirurgien-dentiste de profession, il n\u2019a pas r\u00e9sist\u00e9 \u00e0 l\u2019envie de<br \/>\nparler de son m\u00e9tier. Il a d\u2019ailleurs distribu\u00e9 des grattes-langues<br \/>\nen plein direct, \u00e0 Nagui et \u00e0 <a class=\"qbe-widget\" href=\"https:\/\/www.closermag.fr\/people\/magali-ripoll-combien-a-t-elle-denfants-3557457\" target=\"_blank\" rel=\"noopener noreferrer\">la musicienne Magali<br \/>\nRipoll<\/a>, qui \u00e9tait visiblement ravie de ce cadeau.<\/p>\n<p>Si vous connaissez bien Iris Mittenaere, vous vous rapprochez<br \/>\npeut-\u00eatre du lien qui les unit. Tout comme Elie, la Miss Univers a<br \/>\naussi suivi des \u00e9tudes de dentiste ! D\u2019ailleurs, tous deux \u00e9taient<br \/>\ndans la m\u00eame \u00e9cole. L\u2019information a dans un premier temps \u00e9t\u00e9<br \/>\nr\u00e9v\u00e9l\u00e9e par Nagui : \u201cChirurgien dentiste, notamment ayant fait un<br \/>\nparcours scolaire entre guillemets, ou de fac avec <a class=\"qbe-widget\" href=\"https:\/\/www.closermag.fr\/people\/iris-mittenaere-ses-confidences-jamais-faites-sur-sa-rupture-douloureuse-a-31-ans-avant-sa-rencontre-avec-antoine-dupont-3547887\" target=\"_blank\" rel=\"noopener noreferrer\">l\u2019ex de Kev<br \/>\nAdams<\/a>, qui est devenue dentiste d\u00e9finitivement ?\u201d. Le<br \/>\ncandidat le reprend : \u201cNon, elle aurait pu reprendre, mais<br \/>\napr\u00e8s elle est devenue Miss Univers et donc d\u00a0\u00bbautres portes se sont<br \/>\nouvertes\u201d.<\/p>\n<p>Que fait Iris Mittenaere ?<\/p>\n<p>En effet, rares sont les Miss qui ont repris leur \u00e9tudes ou leur<br \/>\nm\u00e9tier de pr\u00e9dilection. Par exemple, Amandine Petit, r\u00e9cemment<br \/>\nfianc\u00e9e, n\u2019a pas du tout suivi une carri\u00e8re dans le management.<br \/>\nDiane Leyre ne travaille pas non plus dans le management. En<br \/>\nrevanche, d\u2019autres comme Marine Lorphelin <a class=\"qbe-widget\" href=\"https:\/\/www.closermag.fr\/people\/un-peu-malaisant-avec-certains-ce-ressenti-de-clemence-botino-sur-sa-vie-post-miss-france-1710105#item=1\" target=\"_blank\" rel=\"noopener noreferrer\">ou Cl\u00e9mence<br \/>\nBottino<\/a> ont r\u00e9alis\u00e9 leur r\u00eave. La premi\u00e8re exerce en tant<br \/>\nque <a class=\"qbe-widget\" href=\"https:\/\/www.closermag.fr\/people\/marine-lorphelin-submergee-de-travail-l-ex-miss-france-se-fait-harceler-par-ses-patients-1374517#item=1\" target=\"_blank\" rel=\"noopener noreferrer\">m\u00e9decin<br \/>\ng\u00e9n\u00e9raliste<\/a> et la seconde travaille dans l\u2019histoire de<br \/>\nl\u2019art.<\/p>\n<p>Iris Mittenaere fait donc partie des personnes qui ont choisi de<br \/>\nchanger de voie. Rien de tr\u00e8s \u00e9tonnant quand on sait toutes les<br \/>\nopportunit\u00e9s qui se sont offertes \u00e0 elle apr\u00e8s ses deux sacres.<br \/>\nAujourd\u2019hui, elle est l\u2019une des personnalit\u00e9s fran\u00e7aises les plus<br \/>\nsuivies sur les r\u00e9seaux sociaux. Elle a 3,4 millions d&rsquo;abonn\u00e9s sur<br \/>\nInstagram et poursuit sa carri\u00e8re en tant que cr\u00e9atrice de contenu.<br \/>\n<a class=\"qbe-widget\" href=\"https:\/\/www.closermag.fr\/people\/antoine-dupont-et-iris-mittenaere-surprise-cette-apparition-remarquee-du-couple-au-bord-de-la-mediterranee-3567557\" target=\"_blank\" rel=\"noopener noreferrer\">La nouvelle compagne<br \/>\nd\u2019Antoine Dupont<\/a> a aussi cr\u00e9\u00e9 <strong>sa marque de<br \/>\nv\u00eatements.<\/strong><\/p>\n","protected":false},"excerpt":{"rendered":"Les candidats de N\u2019oubliez pas les paroles se succ\u00e8dent mais ne se ressemblent pas ! Ainsi, chaque soir&hellip;\n","protected":false},"author":2,"featured_media":280925,"comment_status":"","ping_status":"","sticky":false,"template":"","format":"standard","meta":{"footnotes":""},"categories":[1359],"tags":[548,58,59,1011,27,7308,31009,973],"class_list":{"0":"post-280924","1":"post","2":"type-post","3":"status-publish","4":"format-standard","5":"has-post-thumbnail","7":"category-people","8":"tag-article-simple","9":"tag-divertissement","10":"tag-entertainment","11":"tag-fr","12":"tag-france","13":"tag-iris-mittenaere","14":"tag-noubliez-pas-les-paroles","15":"tag-people"},"share_on_mastodon":{"url":"https:\/\/pubeurope.com\/@fr\/114934119315927863","error":""},"_links":{"self":[{"href":"https:\/\/www.europesays.com\/fr\/wp-json\/wp\/v2\/posts\/280924","targetHints":{"allow":["GET"]}}],"collection":[{"href":"https:\/\/www.europesays.com\/fr\/wp-json\/wp\/v2\/posts"}],"about":[{"href":"https:\/\/www.europesays.com\/fr\/wp-json\/wp\/v2\/types\/post"}],"author":[{"embeddable":true,"href":"https:\/\/www.europesays.com\/fr\/wp-json\/wp\/v2\/users\/2"}],"replies":[{"embeddable":true,"href":"https:\/\/www.europesays.com\/fr\/wp-json\/wp\/v2\/comments?post=280924"}],"version-history":[{"count":0,"href":"https:\/\/www.europesays.com\/fr\/wp-json\/wp\/v2\/posts\/280924\/revisions"}],"wp:featuredmedia":[{"embeddable":true,"href":"https:\/\/www.europesays.com\/fr\/wp-json\/wp\/v2\/media\/280925"}],"wp:attachment":[{"href":"https:\/\/www.europesays.com\/fr\/wp-json\/wp\/v2\/media?parent=280924"}],"wp:term":[{"taxonomy":"category","embeddable":true,"href":"https:\/\/www.europesays.com\/fr\/wp-json\/wp\/v2\/categories?post=280924"},{"taxonomy":"post_tag","embeddable":true,"href":"https:\/\/www.europesays.com\/fr\/wp-json\/wp\/v2\/tags?post=280924"}],"curies":[{"name":"wp","href":"https:\/\/api.w.org\/{rel}","templated":true}]}}