{"id":280934,"date":"2025-07-29T02:22:10","date_gmt":"2025-07-29T02:22:10","guid":{"rendered":"https:\/\/www.europesays.com\/fr\/280934\/"},"modified":"2025-07-29T02:22:10","modified_gmt":"2025-07-29T02:22:10","slug":"lexposition-prolongee-a-la-pollution-de-lair-augmenterait-les-risques-de-demence-selon-une-etude-alarmante","status":"publish","type":"post","link":"https:\/\/www.europesays.com\/fr\/280934\/","title":{"rendered":"L&rsquo;exposition prolong\u00e9e \u00e0 la pollution de l&rsquo;air augmenterait les risques de d\u00e9mence, selon une \u00e9tude alarmante"},"content":{"rendered":"<p>Un v\u00e9ritable probl\u00e8me de sant\u00e9 publique, qui s&rsquo;ajoute aux nombreux dangers li\u00e9s \u00e0 la pollution atmosph\u00e9rique. D&rsquo;apr\u00e8s un groupe de scientifiques de l&rsquo;Universit\u00e9 de Cambridge (Royaume-Uni), il existe un lien direct entre l&rsquo;exposition \u00e0 un air pollu\u00e9 et le d\u00e9veloppement de pathologies de type d\u00e9mence.<\/p>\n<p>Publi\u00e9e en int\u00e9gralit\u00e9 sur <a data-i13n=\"cpos:1;pos:1\" href=\"https:\/\/www.thelancet.com\/journals\/lanplh\/article\/PIIS2542-5196(25)00118-4\/fulltext\" rel=\"nofollow noopener\" target=\"_blank\" data-ylk=\"slk:The Lancet Planetary Health;cpos:1;pos:1;elm:context_link;itc:0;sec:content-canvas\" class=\"link \">The Lancet Planetary Health<\/a>, l&rsquo;\u00e9tude en question a fait l&rsquo;objet d&rsquo;<a data-i13n=\"cpos:2;pos:1\" href=\"https:\/\/www.cam.ac.uk\/research\/news\/long-term-exposure-to-outdoor-air-pollution-linked-to-increased-risk-of-dementia\" rel=\"nofollow noopener\" target=\"_blank\" data-ylk=\"slk:un article de vulgarisation;cpos:2;pos:1;elm:context_link;itc:0;sec:content-canvas\" class=\"link \">un article de vulgarisation <\/a>sur le site de la c\u00e9l\u00e8bre universit\u00e9 britannique. Ses auteurs y exposent leur m\u00e9thode et pr\u00e9sentent les r\u00e9sultats obtenus, pour le moins alarmants.<\/p>\n<p>Les cas de d\u00e9mence pourraient tripler \u00e0 l&rsquo;\u00e9chelle mondiale d&rsquo;ici 2050<\/p>\n<p>Comme le rappellent les chercheurs en introduction, plus de 57,4 millions de personnes dans le monde souffrent actuellement d&rsquo;une forme de d\u00e9mence et le nombre de malades pourrait fortement augmenter dans les ann\u00e9es \u00e0 venir.<\/p>\n<p>D&rsquo;apr\u00e8s une projection publi\u00e9e en 2022 par <a data-i13n=\"cpos:3;pos:1\" href=\"https:\/\/www.thelancet.com\/journals\/lanpub\/article\/PIIS2468-2667(21)00249-8\/fulltext\" rel=\"nofollow noopener\" target=\"_blank\" data-ylk=\"slk:The Lancet;cpos:3;pos:1;elm:context_link;itc:0;sec:content-canvas\" class=\"link \">The Lancet<\/a>, dans le cadre d&rsquo;une \u00e9tude plus g\u00e9n\u00e9rale sur la Charge mondiale de morbidit\u00e9 des maladies r\u00e9alis\u00e9e sous l&rsquo;\u00e9gide de l&rsquo;Organisation Mondiale de la Sant\u00e9 (OMS), le nombre de personnes atteintes de d\u00e9mence pourrait tripler d&rsquo;ici 2025, pour atteindre 152,8 millions de cas \u00e0 travers le monde.<\/p>\n<p>Une m\u00e9ta-analyse compilant les donn\u00e9es de 29 millions de patients<\/p>\n<p>Pour montrer que l&rsquo;exposition prolong\u00e9e \u00e0 la pollution atmosph\u00e9rique constitue un facteur aggravant de cette inqui\u00e9tante tendance, les chercheurs de l&rsquo;unit\u00e9 d&rsquo;\u00e9pid\u00e9miologie du Medical Research Council (MRC) de l&rsquo;Universit\u00e9 de Cambridge ont r\u00e9alis\u00e9 une m\u00e9ta-analyse de diff\u00e9rentes \u00e9tudes men\u00e9es sur le sujet.<\/p>\n<p>Les scientifiques ont ainsi compil\u00e9 les donn\u00e9es provenant de 51 recherches diff\u00e9rentes, portant sur 29 millions de personnes au total. Comme le pr\u00e9cisent les auteurs de l&rsquo;\u00e9tude, la majorit\u00e9 de ces \u00e9tudes ont \u00e9t\u00e9 r\u00e9alis\u00e9es dans des pays \u00e0 revenu \u00e9lev\u00e9, principalement en Am\u00e9rique du Nord, en Europe et en Asie.<\/p>\n<p>Particules fines, dioxyde d&rsquo;azote et suie<\/p>\n<p>Les chercheurs se sont notamment int\u00e9ress\u00e9s \u00e0 trois types de pollution atmosph\u00e9rique : les particules fines (d&rsquo;un diam\u00e8tre de 2,5 microns ou moins) provenant des \u00e9missions des v\u00e9hicules, des centrales \u00e9lectriques et des po\u00eales et chemin\u00e9es \u00e0 bois ; le dioxyde d\u2019azote \u00e9mis par la combustion de combustibles fossiles ; et la suie provenant des \u00e9chappements des v\u00e9hicules et de la combustion du bois.<\/p>\n<p>\u00c0 l&rsquo;origine de nombreux probl\u00e8mes de sant\u00e9, notamment <a data-i13n=\"cpos:4;pos:1\" href=\"https:\/\/fr.news.yahoo.com\/pollution-atmosph%C3%A9rique-reste-principal-risque-064608283.html\" data-ylk=\"slk:des maladies cardiaques et respiratoires;cpos:4;pos:1;elm:context_link;itc:0;sec:content-canvas;outcm:mb_qualified_link;_E:mb_qualified_link;ct:story;\" class=\"link  yahoo-link\" rel=\"nofollow noopener\" target=\"_blank\">des maladies cardiaques et respiratoires<\/a>, ces polluants ont aussi pour effet de d\u00e9traquer notre cerveau et de favoriser le d\u00e9veloppement de diff\u00e9rentes formes de d\u00e9mence, d&rsquo;apr\u00e8s les r\u00e9sultats de l&rsquo;\u00e9tude.<\/p>\n<p>Une augmentation du risque relatif dans tous les cas<\/p>\n<p>Pour chacun des trois types de pollution observ\u00e9s par les chercheurs, ces derniers ont ainsi \u00ab\u00a0constat\u00e9 une association positive et statistiquement significative\u00a0\u00bb avec le nombre de cas de d\u00e9mence. En d&rsquo;autres termes, plus une personne est expos\u00e9e \u00e0 un air pollu\u00e9 au quotidien, plus elle a de chances d&rsquo;\u00eatre atteinte de d\u00e9mence.<\/p>\n<p>Plus pr\u00e9cis\u00e9ment, d&rsquo;apr\u00e8s les calculs des chercheurs, pour chaque 10 microgrammes par m\u00e8tre cube de particules fines pr\u00e9sentes dans l&rsquo;atmosph\u00e8re, le risque relatif de d\u00e9mence augmente de 17%. La m\u00eame proportion de dioxyde d&rsquo;azote g\u00e9n\u00e8re une augmentation de 3% du risque de d\u00e9velopper une forme de d\u00e9mence. Dans le cas de la suie, cette hausse du risque relatif a \u00e9t\u00e9 mesur\u00e9e \u00e0 13%.<\/p>\n<p>Si le lien de causalit\u00e9 entre pollution atmosph\u00e9rique et d\u00e9mence semble difficilement contestable avec de tels rapports, les chercheurs n&rsquo;ont pas encore identifi\u00e9 avec certitude les m\u00e9canismes qui font de ces diff\u00e9rents polluants des facteurs aggravants.<\/p>\n<p>L&rsquo;hypoth\u00e8se principale \u00e0 ce stade des recherches est que les particules fines, le dioxyde d&rsquo;azote et la suie ont tendance \u00e0 augmenter l&rsquo;inflammation c\u00e9r\u00e9brale et le stress oxydatif, des processus chimiques directement responsables de la d\u00e9mence, soit \u00ab\u00a0par une p\u00e9n\u00e9tration directe dans le cerveau\u00a0\u00bb, soit par \u00ab\u00a0la circulation sanguine \u00e0 partir des poumons\u00a0\u00bb.<\/p>\n<p>Une preuve suppl\u00e9mentaire du lien entre pollution de l&rsquo;air et d\u00e9mence<\/p>\n<p>\u00ab\u00a0Les donn\u00e9es \u00e9pid\u00e9miologiques jouent un r\u00f4le crucial pour d\u00e9terminer si la pollution atmosph\u00e9rique augmente le risque de d\u00e9mence et dans quelle mesure, a comment\u00e9 l&rsquo;auteure principale de l&rsquo;\u00e9tude, la Dre Haneen Khreis. Nos travaux apportent des preuves suppl\u00e9mentaires \u00e0 l&rsquo;appui de l&rsquo;observation selon laquelle une exposition prolong\u00e9e \u00e0 la pollution de l&rsquo;air ext\u00e9rieur est un facteur de risque d&rsquo;apparition de d\u00e9mence chez des adultes auparavant en bonne sant\u00e9.\u00a0\u00bb<\/p>\n<p>\u00ab\u00a0Cette \u00e9tude rigoureuse s&rsquo;ajoute aux preuves de plus en plus nombreuses selon lesquelles l&rsquo;exposition \u00e0 la pollution de l&rsquo;air \u2013 des gaz d&rsquo;\u00e9chappement des v\u00e9hicules aux po\u00eales \u00e0 bois \u2013 augmente le risque de d\u00e9velopper une d\u00e9mence\u00a0\u00bb, abonde dans les colonnes de <a data-i13n=\"cpos:5;pos:1\" href=\"https:\/\/www.theguardian.com\/environment\/2025\/jul\/24\/air-pollution-raises-risk-of-dementia-say-cambridge-scientists\" rel=\"nofollow noopener\" target=\"_blank\" data-ylk=\"slk:The Guardian;cpos:5;pos:1;elm:context_link;itc:0;sec:content-canvas\" class=\"link \">The Guardian<\/a> la Dre Isolde Radford, qui n&rsquo;a pas particip\u00e9 \u00e0 la recherche.<\/p>\n<p>\u00ab\u00a0Ce n&rsquo;est pas un probl\u00e8me que les individus peuvent r\u00e9soudre seuls\u00a0\u00bb<\/p>\n<p>Selon cette responsable de la fondation Alzheimer\u2019s Research UK, les r\u00e9sultats obtenus par les chercheurs de Cambridge doivent pousser les autorit\u00e9s \u00e0 agir, partout dans le monde. \u00ab\u00a0La pollution atmosph\u00e9rique est l&rsquo;un des principaux facteurs de risque modifiables de d\u00e9mence, mais ce n&rsquo;est pas un probl\u00e8me que les individus peuvent r\u00e9soudre seuls, explique Isolde Radford. C&rsquo;est l\u00e0 que l&rsquo;engagement des pouvoirs publics est crucial.\u00a0\u00bb<\/p>\n<p>\u00ab\u00a0Lutter contre la pollution atmosph\u00e9rique peut avoir des effets b\u00e9n\u00e9fiques \u00e0 long terme sur la sant\u00e9, la soci\u00e9t\u00e9, le climat et l&rsquo;\u00e9conomie, confirme la Dre Haneen Khreis. Cela peut all\u00e9ger le fardeau consid\u00e9rable qui p\u00e8se sur les patients, les familles et les soignants, tout en all\u00e9geant la pression sur les syst\u00e8mes de sant\u00e9 d\u00e9j\u00e0 surcharg\u00e9s.\u00a0\u00bb<\/p>\n<p>Des \u00ab\u00a0limites plus strictes\u00a0\u00bb seront n\u00e9cessaires pour prot\u00e9ger les populations<\/p>\n<p>Co-auteure de l&rsquo;\u00e9tude, Clare Rogowski estime que pour am\u00e9liorer durablement la qualit\u00e9 de l&rsquo;air, \u00ab\u00a0des limites plus strictes pour plusieurs polluants seront probablement n\u00e9cessaires, ciblant les principaux contributeurs tels que les secteurs des transports et de l&rsquo;industrie\u00a0\u00bb.<\/p>\n<p>\u00ab\u00a0Compte tenu de l&rsquo;ampleur de la pollution atmosph\u00e9rique, il est urgent de mettre en place des politiques r\u00e9gionales, nationales et internationales pour lutter \u00e9quitablement contre cette pollution\u00a0\u00bb, affirme l&rsquo;\u00e9pid\u00e9miologiste, bien consciente de l&rsquo;ampleur du chantier.<\/p>\n<p>Pour une approche inter-disciplinaire de la pr\u00e9vention de la d\u00e9mence<\/p>\n<p>Rappelant que leur m\u00e9ta-analyse rassemble essentiellement des donn\u00e9es provenant de personnes \u00ab\u00a0blanches vivant dans des pays \u00e0 revenu \u00e9lev\u00e9\u00a0\u00bb, les auteurs de l&rsquo;\u00e9tude appellent \u00e0 des travaux futurs sur le m\u00eame sujet, prenant davantage en compte la population mondiale dans sa diversit\u00e9 d&rsquo;origines et d&rsquo;espaces de vie.<\/p>\n<p>Selon le Dr Christiaan Bredell, autre co-auteur de l&rsquo;\u00e9tude, les r\u00e9sultats obtenus soulignent en tout cas \u00ab\u00a0la n\u00e9cessit\u00e9 d&rsquo;une approche interdisciplinaire de la pr\u00e9vention de la d\u00e9mence\u00a0\u00bb. \u00ab\u00a0La pr\u00e9vention de la d\u00e9mence ne rel\u00e8ve pas uniquement de la responsabilit\u00e9 des soins de sant\u00e9, poursuit le chercheur. Cette \u00e9tude renforce l&rsquo;id\u00e9e que l&rsquo;urbanisme, la politique des transports et la r\u00e9glementation environnementale ont tous un r\u00f4le important \u00e0 jouer.\u00a0\u00bb<\/p>\n","protected":false},"excerpt":{"rendered":"Un v\u00e9ritable probl\u00e8me de sant\u00e9 publique, qui s&rsquo;ajoute aux nombreux dangers li\u00e9s \u00e0 la pollution atmosph\u00e9rique. D&rsquo;apr\u00e8s un&hellip;\n","protected":false},"author":2,"featured_media":280935,"comment_status":"","ping_status":"","sticky":false,"template":"","format":"standard","meta":{"footnotes":""},"categories":[10],"tags":[281,1011,27,72,32512,6000,6549,71],"class_list":{"0":"post-280934","1":"post","2":"type-post","3":"status-publish","4":"format-standard","5":"has-post-thumbnail","7":"category-sante","8":"tag-demence","9":"tag-fr","10":"tag-france","11":"tag-health","12":"tag-luniversite-de-cambridge","13":"tag-la-pollution","14":"tag-probleme-de-sante","15":"tag-sante"},"share_on_mastodon":{"url":"https:\/\/pubeurope.com\/@fr\/114934142988607541","error":""},"_links":{"self":[{"href":"https:\/\/www.europesays.com\/fr\/wp-json\/wp\/v2\/posts\/280934","targetHints":{"allow":["GET"]}}],"collection":[{"href":"https:\/\/www.europesays.com\/fr\/wp-json\/wp\/v2\/posts"}],"about":[{"href":"https:\/\/www.europesays.com\/fr\/wp-json\/wp\/v2\/types\/post"}],"author":[{"embeddable":true,"href":"https:\/\/www.europesays.com\/fr\/wp-json\/wp\/v2\/users\/2"}],"replies":[{"embeddable":true,"href":"https:\/\/www.europesays.com\/fr\/wp-json\/wp\/v2\/comments?post=280934"}],"version-history":[{"count":0,"href":"https:\/\/www.europesays.com\/fr\/wp-json\/wp\/v2\/posts\/280934\/revisions"}],"wp:featuredmedia":[{"embeddable":true,"href":"https:\/\/www.europesays.com\/fr\/wp-json\/wp\/v2\/media\/280935"}],"wp:attachment":[{"href":"https:\/\/www.europesays.com\/fr\/wp-json\/wp\/v2\/media?parent=280934"}],"wp:term":[{"taxonomy":"category","embeddable":true,"href":"https:\/\/www.europesays.com\/fr\/wp-json\/wp\/v2\/categories?post=280934"},{"taxonomy":"post_tag","embeddable":true,"href":"https:\/\/www.europesays.com\/fr\/wp-json\/wp\/v2\/tags?post=280934"}],"curies":[{"name":"wp","href":"https:\/\/api.w.org\/{rel}","templated":true}]}}