{"id":280957,"date":"2025-07-29T02:38:12","date_gmt":"2025-07-29T02:38:12","guid":{"rendered":"https:\/\/www.europesays.com\/fr\/280957\/"},"modified":"2025-07-29T02:38:12","modified_gmt":"2025-07-29T02:38:12","slug":"un-incendie-parcourt-320-hectares-a-cournonsec-au-sud-de-montpellier-liberation","status":"publish","type":"post","link":"https:\/\/www.europesays.com\/fr\/280957\/","title":{"rendered":"un incendie parcourt 320 hectares \u00e0 Cournonsec, au sud de Montpellier \u2013 Lib\u00e9ration"},"content":{"rendered":"<p class=\"sc-ksZaOG ehjQrN text-element\">Les <a href=\"https:\/\/www.liberation.fr\/environnement\/climat\/incendie-en-herault-300-hectares-de-pinede-brules-les-flammes-continuent-a-progresser-20240818_FFYJCBH6UNHJVCB24VWNJELDSE\/\" target=\"_blank\" rel=\"noreferrer nofollow noopener\" title=\"https:\/\/www.liberation.fr\/environnement\/climat\/incendie-en-herault-300-hectares-de-pinede-brules-les-flammes-continuent-a-progresser-20240818_FFYJCBH6UNHJVCB24VWNJELDSE\/\">pompiers de l\u2019H\u00e9rault<\/a> luttent contre un violent incendie, ce lundi, au niveau de Cournonsec. Cette commune proche de Montpellier a d\u00e9j\u00e0 vu 320 hectares de garrigue ravag\u00e9s par les flammes.<\/p>\n<p class=\"sc-ksZaOG ehjQrN text-element\">\u00abLe feu ne menace plus les habitations de Cournonsec\u00bb, ont assur\u00e9 les pompiers vers 20 heures, alors qu\u2019une centaine de personnes avaient \u00e9t\u00e9 \u00e9vacu\u00e9es \u00e0 Montbazin, la commune limitrophe.<\/p>\n<p class=\"sc-ksZaOG ehjQrN text-element\">Ils sont pr\u00e8s de 500 pompiers et 100 camions de lutte \u00e0 se trouver sur les lieux. Ces moyens terrestres \u00e9taient appuy\u00e9s par quatre Canadair, ont soulign\u00e9 les pompiers, pr\u00e9cisant que les axes de la zone d\u2019intervention sont interdits \u00e0 la circulation.<\/p>\n<p class=\"sc-ksZaOG ehjQrN text-element\">Une usine de fabrication de palettes a notamment \u00e9t\u00e9 sauv\u00e9e des flammes et les pompiers sont parvenus \u00e0 diminuer la propagation de l\u2019incendie qui partait en direction de la commune voisine de Montbazin.<\/p>\n<p class=\"sc-ksZaOG ehjQrN text-element\">L\u2019incendie aurait \u00e9t\u00e9 d\u00e9clench\u00e9 par des \u00abtravaux de soudure\u00bb, selon <a href=\"https:\/\/www.midilibre.fr\/2025\/07\/28\/en-direct-important-incendie-pres-de-montpellier-300-hectares-en-flammes-plus-de-200-pompiers-mobilises-face-a-un-feu-de-garrigue-a-cournonsec-12849140.php\" target=\"_blank\" rel=\"noreferrer nofollow noopener\" title=\"https:\/\/www.midilibre.fr\/2025\/07\/28\/en-direct-important-incendie-pres-de-montpellier-300-hectares-en-flammes-plus-de-200-pompiers-mobilises-face-a-un-feu-de-garrigue-a-cournonsec-12849140.php\">Midi Libre<\/a>. Toujours selon le journal, il se serait d\u2019abord \u00abpropag\u00e9 dans une vigne avant de rentrer dans un massif de garrigue et de ch\u00eanes verts\u00bb.<\/p>\n","protected":false},"excerpt":{"rendered":"Les pompiers de l\u2019H\u00e9rault luttent contre un violent incendie, ce lundi, au niveau de Cournonsec. Cette commune proche&hellip;\n","protected":false},"author":2,"featured_media":280958,"comment_status":"","ping_status":"","sticky":false,"template":"","format":"standard","meta":{"footnotes":""},"categories":[9599],"tags":[1111,11,1777,674,1011,27,1310,2208,12,2680,25],"class_list":{"0":"post-280957","1":"post","2":"type-post","3":"status-publish","4":"format-standard","5":"has-post-thumbnail","7":"category-montpellier","8":"tag-actu","9":"tag-actualites","10":"tag-eu","11":"tag-europe","12":"tag-fr","13":"tag-france","14":"tag-incendie","15":"tag-montpellier","16":"tag-news","17":"tag-occitanie","18":"tag-republique-francaise"},"share_on_mastodon":{"url":"https:\/\/pubeurope.com\/@fr\/114934205791065127","error":""},"_links":{"self":[{"href":"https:\/\/www.europesays.com\/fr\/wp-json\/wp\/v2\/posts\/280957","targetHints":{"allow":["GET"]}}],"collection":[{"href":"https:\/\/www.europesays.com\/fr\/wp-json\/wp\/v2\/posts"}],"about":[{"href":"https:\/\/www.europesays.com\/fr\/wp-json\/wp\/v2\/types\/post"}],"author":[{"embeddable":true,"href":"https:\/\/www.europesays.com\/fr\/wp-json\/wp\/v2\/users\/2"}],"replies":[{"embeddable":true,"href":"https:\/\/www.europesays.com\/fr\/wp-json\/wp\/v2\/comments?post=280957"}],"version-history":[{"count":0,"href":"https:\/\/www.europesays.com\/fr\/wp-json\/wp\/v2\/posts\/280957\/revisions"}],"wp:featuredmedia":[{"embeddable":true,"href":"https:\/\/www.europesays.com\/fr\/wp-json\/wp\/v2\/media\/280958"}],"wp:attachment":[{"href":"https:\/\/www.europesays.com\/fr\/wp-json\/wp\/v2\/media?parent=280957"}],"wp:term":[{"taxonomy":"category","embeddable":true,"href":"https:\/\/www.europesays.com\/fr\/wp-json\/wp\/v2\/categories?post=280957"},{"taxonomy":"post_tag","embeddable":true,"href":"https:\/\/www.europesays.com\/fr\/wp-json\/wp\/v2\/tags?post=280957"}],"curies":[{"name":"wp","href":"https:\/\/api.w.org\/{rel}","templated":true}]}}