{"id":280961,"date":"2025-07-29T02:45:23","date_gmt":"2025-07-29T02:45:23","guid":{"rendered":"https:\/\/www.europesays.com\/fr\/280961\/"},"modified":"2025-07-29T02:45:23","modified_gmt":"2025-07-29T02:45:23","slug":"a-strasbourg-les-systemes-darrosage-des-jardinieres-sont-regulierement-vandalises","status":"publish","type":"post","link":"https:\/\/www.europesays.com\/fr\/280961\/","title":{"rendered":"A Strasbourg, les syst\u00e8mes d&rsquo;arrosage des jardini\u00e8res sont r\u00e9guli\u00e8rement vandalis\u00e9s"},"content":{"rendered":"<p>            Par<br \/>\n        <strong><br \/>\n            <a href=\"https:\/\/actu.fr\/auteur\/olivia-kouassi\" title=\"Consulter tous les articles de Olivia Kouassi\" target=\"_blank\" rel=\"noopener\">Olivia Kouassi<\/a><br \/>\n        <\/strong><\/p>\n<p>        Publi\u00e9 le<\/p>\n<p>            28 juil. 2025 \u00e0 16h54        <\/p>\n<p>C\u2019est un <strong>probl\u00e8me \u00ab\u2009r\u00e9current\u2009\u00bb<\/strong> qui occupe les \u00e9quipes en charge de l\u2019entretien des espaces verts. Il n\u2019est pas rare de voir dans le centre-ville de <strong>Strasbourg<\/strong> (Bas-Rhin) un jet d\u2019eau terminant sa course dans l\u2019Ill au lieu de venir nourrir les plantes qui fleurissent dans jardini\u00e8res.<\/p>\n<p>Des actes de vandalisme r\u00e9currents<\/p>\n<p class=\" wall-content\">L\u2019\u00e9quipe de l\u2019Eurom\u00e9tropole de Strasbourg (EMS) en charge des espaces verts dans le centre-ville explique faire r\u00e9guli\u00e8rement face \u00e0 des<strong> actes de vandalisme<\/strong>. \u00ab\u2009On a du mal \u00e0 suivre mais on essaie de les rep\u00e9rer lorsque l\u2019on fait un tour\u2009\u00bb, explique C\u00e9dric D\u00fcb, responsable du secteur hypercentre. Loin d\u2019un vandalisme d\u2019opportunisme, ce dernier suspecte l\u2019\u0153uvre de <strong>passants alcoolis\u00e9s <\/strong>qui toucheraient au syst\u00e8me d\u2019irrigation des <strong>400 jardini\u00e8res<\/strong> diss\u00e9min\u00e9es dans le centre-ville.<\/p>\n<p>    <img   decoding=\"async\" loading=\"lazy\" src=\"https:\/\/www.europesays.com\/fr\/wp-content\/uploads\/2025\/07\/whatsapp-image-2025-07-28-a-090723-9d5e8106-960x640.jpg\" alt=\"Les embouts en plastiques noirs qui relient les tuyaux en cuivre sont r\u00e9guli\u00e8rement d\u00e9grad\u00e9s?\" width=\"960\" height=\"640\"\/><br \/>\n    Les embouts en plastique noir qui relient les tuyaux en cuivre sont r\u00e9guli\u00e8rement d\u00e9grad\u00e9s. (\u00a9Ivan Capecchi \/ actu Strasbourg)Un arrosage de 15\u00a0minutes maximum<\/p>\n<p class=\" wall-content\">\u00ab\u2009Si on passe devant \u00e0 un moment donn\u00e9 on peut penser que l\u2019eau coule <strong>toute la journ\u00e9e<\/strong> mais <strong>ce n\u2019est pas le cas\u2009\u00bb<\/strong>, rassure le responsable. Ce sont en effet une \u00e0 deux sessions d\u2019arrosage par jour dont b\u00e9n\u00e9ficient les fleurs des jardini\u00e8res. \u00ab<strong>\u2009\u00c7a dure entre 10 et 15\u00a0minutes maximum<\/strong>\u2009\u00bb, pr\u00e9cise C\u00e9dric D\u00fcb. Chaque jardini\u00e8re est \u00e9quip\u00e9e de son propre compteur g\u00e9r\u00e9 \u00e0 distance par t\u00e9l\u00e9commande. Lorsque le probl\u00e8me est rep\u00e9r\u00e9, l\u2019arrosage n\u2019est donc pas effectu\u00e9 le temps de r\u00e9parer le syst\u00e8me.<\/p>\n<p class=\" wall-content\">Parmi les zones les plus vandalis\u00e9es, les ponts de l\u2019Abattoir, National et Kuss figurent en haut de la liste.<\/p>\n<p class=\" wall-content\">Suivez toute l\u2019actualit\u00e9 de vos villes et m\u00e9dias favoris en vous inscrivant \u00e0 <a href=\"https:\/\/moncompte.actu.fr\" title=\"D\u00e9couvez Mon Actu\" rel=\"nofollow noopener\" data-trk=\"{&quot;cta&quot;:{&quot;action&quot;:&quot;https:\\\/\\\/moncompte.actu.fr&quot;,&quot;category&quot;:&quot;mon compte&quot;,&quot;from&quot;:&quot;article footer&quot;,&quot;name&quot;:&quot;Mon actu&quot;,&quot;type&quot;:&quot;cta&quot;}}\" target=\"_blank\">Mon Actu<\/a>.<\/p>\n<ul class=\"ac-article-tag wall-content\">\n<li><a href=\"https:\/\/actu.fr\/tag\/eurometropole-de-strasbourg\" data-trk=\"{&quot;cta&quot;:{&quot;action&quot;:&quot;Eurom\\u00e9tropole de Strasbourg&quot;,&quot;category&quot;:&quot;tag&quot;,&quot;from&quot;:&quot;article footer&quot;,&quot;name&quot;:&quot;Eurom\\u00e9tropole de Strasbourg&quot;,&quot;type&quot;:&quot;cta&quot;}}\" target=\"_blank\" rel=\"noopener\">#Eurom\u00e9tropole de Strasbourg<\/a><\/li>\n<\/ul>\n","protected":false},"excerpt":{"rendered":"Par Olivia Kouassi Publi\u00e9 le 28 juil. 2025 \u00e0 16h54 C\u2019est un probl\u00e8me \u00ab\u2009r\u00e9current\u2009\u00bb qui occupe les \u00e9quipes&hellip;\n","protected":false},"author":2,"featured_media":280962,"comment_status":"","ping_status":"","sticky":false,"template":"","format":"standard","meta":{"footnotes":""},"categories":[2820],"tags":[1111,11,1777,5342,674,1011,27,775,12,25,104,640],"class_list":{"0":"post-280961","1":"post","2":"type-post","3":"status-publish","4":"format-standard","5":"has-post-thumbnail","7":"category-strasbourg","8":"tag-actu","9":"tag-actualites","10":"tag-eu","11":"tag-eurometropole-de-strasbourg","12":"tag-europe","13":"tag-fr","14":"tag-france","15":"tag-grand-est","16":"tag-news","17":"tag-republique-francaise","18":"tag-societe","19":"tag-strasbourg"},"share_on_mastodon":{"url":"https:\/\/pubeurope.com\/@fr\/114934233593352531","error":""},"_links":{"self":[{"href":"https:\/\/www.europesays.com\/fr\/wp-json\/wp\/v2\/posts\/280961","targetHints":{"allow":["GET"]}}],"collection":[{"href":"https:\/\/www.europesays.com\/fr\/wp-json\/wp\/v2\/posts"}],"about":[{"href":"https:\/\/www.europesays.com\/fr\/wp-json\/wp\/v2\/types\/post"}],"author":[{"embeddable":true,"href":"https:\/\/www.europesays.com\/fr\/wp-json\/wp\/v2\/users\/2"}],"replies":[{"embeddable":true,"href":"https:\/\/www.europesays.com\/fr\/wp-json\/wp\/v2\/comments?post=280961"}],"version-history":[{"count":0,"href":"https:\/\/www.europesays.com\/fr\/wp-json\/wp\/v2\/posts\/280961\/revisions"}],"wp:featuredmedia":[{"embeddable":true,"href":"https:\/\/www.europesays.com\/fr\/wp-json\/wp\/v2\/media\/280962"}],"wp:attachment":[{"href":"https:\/\/www.europesays.com\/fr\/wp-json\/wp\/v2\/media?parent=280961"}],"wp:term":[{"taxonomy":"category","embeddable":true,"href":"https:\/\/www.europesays.com\/fr\/wp-json\/wp\/v2\/categories?post=280961"},{"taxonomy":"post_tag","embeddable":true,"href":"https:\/\/www.europesays.com\/fr\/wp-json\/wp\/v2\/tags?post=280961"}],"curies":[{"name":"wp","href":"https:\/\/api.w.org\/{rel}","templated":true}]}}