{"id":280977,"date":"2025-07-29T02:57:20","date_gmt":"2025-07-29T02:57:20","guid":{"rendered":"https:\/\/www.europesays.com\/fr\/280977\/"},"modified":"2025-07-29T02:57:20","modified_gmt":"2025-07-29T02:57:20","slug":"a-la-decouverte-de-lhistoire-vraie-dun-faux-quartier-de-marseille","status":"publish","type":"post","link":"https:\/\/www.europesays.com\/fr\/280977\/","title":{"rendered":"\u00e0 la d\u00e9couverte de l&rsquo;histoire vraie d&rsquo;un \u00ab\u00a0faux\u00a0\u00bb quartier de Marseille"},"content":{"rendered":"<p>N\u2019est pas quartier de Marseille qui veut. Yvon Tapias, l\u2019une des figures du Panier (2e) depuis qu\u2019il y exerce comme \u00ab\u00a0animateur de balades\u00a0\u00bb, a choqu\u00e9 plus d\u2019un Marseillais en leur racontant l\u2019histoire de leur ville. <a href=\"https:\/\/www.laprovence.com\/article\/culture-loisirs\/1356591469738\/la-bibliotheque-du-panier-a-marseille-rouvre-ses-portes-a-la-maison-diamantee\" target=\"_blank\" rel=\"noopener\">S\u2019\u00e9lan\u00e7ant depuis l\u2019H\u00f4tel de ville (2e)<\/a>, il entend r\u00e9tablir quelques v\u00e9rit\u00e9s en se basant sur le \u00ab\u00a0Dictionnaire historique du nom des rues\u00a0\u00bb de l\u2019historien marseillais Adrien Bl\u00e9s.<\/p>\n","protected":false},"excerpt":{"rendered":"N\u2019est pas quartier de Marseille qui veut. Yvon Tapias, l\u2019une des figures du Panier (2e) depuis qu\u2019il y&hellip;\n","protected":false},"author":2,"featured_media":280978,"comment_status":"","ping_status":"","sticky":false,"template":"","format":"standard","meta":{"footnotes":""},"categories":[2814],"tags":[17,1111,11,2837,5975,1777,674,10483,1011,27,23058,884,12,9444,882,16,25,133,24994],"class_list":{"0":"post-280977","1":"post","2":"type-post","3":"status-publish","4":"format-standard","5":"has-post-thumbnail","7":"category-marseille","8":"tag-17","9":"tag-actu","10":"tag-actualites","11":"tag-dun","12":"tag-decouverte","13":"tag-eu","14":"tag-europe","15":"tag-faux","16":"tag-fr","17":"tag-france","18":"tag-lhistoire","19":"tag-marseille","20":"tag-news","21":"tag-panier","22":"tag-provence-alpes-cote-dazur","23":"tag-region","24":"tag-republique-francaise","25":"tag-video","26":"tag-vraie"},"share_on_mastodon":{"url":"https:\/\/pubeurope.com\/@fr\/114934280753805566","error":""},"_links":{"self":[{"href":"https:\/\/www.europesays.com\/fr\/wp-json\/wp\/v2\/posts\/280977","targetHints":{"allow":["GET"]}}],"collection":[{"href":"https:\/\/www.europesays.com\/fr\/wp-json\/wp\/v2\/posts"}],"about":[{"href":"https:\/\/www.europesays.com\/fr\/wp-json\/wp\/v2\/types\/post"}],"author":[{"embeddable":true,"href":"https:\/\/www.europesays.com\/fr\/wp-json\/wp\/v2\/users\/2"}],"replies":[{"embeddable":true,"href":"https:\/\/www.europesays.com\/fr\/wp-json\/wp\/v2\/comments?post=280977"}],"version-history":[{"count":0,"href":"https:\/\/www.europesays.com\/fr\/wp-json\/wp\/v2\/posts\/280977\/revisions"}],"wp:featuredmedia":[{"embeddable":true,"href":"https:\/\/www.europesays.com\/fr\/wp-json\/wp\/v2\/media\/280978"}],"wp:attachment":[{"href":"https:\/\/www.europesays.com\/fr\/wp-json\/wp\/v2\/media?parent=280977"}],"wp:term":[{"taxonomy":"category","embeddable":true,"href":"https:\/\/www.europesays.com\/fr\/wp-json\/wp\/v2\/categories?post=280977"},{"taxonomy":"post_tag","embeddable":true,"href":"https:\/\/www.europesays.com\/fr\/wp-json\/wp\/v2\/tags?post=280977"}],"curies":[{"name":"wp","href":"https:\/\/api.w.org\/{rel}","templated":true}]}}