{"id":280981,"date":"2025-07-29T02:59:18","date_gmt":"2025-07-29T02:59:18","guid":{"rendered":"https:\/\/www.europesays.com\/fr\/280981\/"},"modified":"2025-07-29T02:59:18","modified_gmt":"2025-07-29T02:59:18","slug":"jean-michel-aulas-exige-des-excuses-de-la-metropole-de-lyon-apres-le-derapage-de-fabien-bagnon","status":"publish","type":"post","link":"https:\/\/www.europesays.com\/fr\/280981\/","title":{"rendered":"Jean-Michel Aulas exige des excuses de la M\u00e9tropole de Lyon apr\u00e8s le d\u00e9rapage de Fabien Bagnon"},"content":{"rendered":"<p>Un \u00e9change sur X entre Jean-Michel Aulas et le vice-pr\u00e9sident \u00e9cologiste de la M\u00e9tropole de Lyon a d\u00e9clench\u00e9 une vive pol\u00e9mique. En cause : des propos tenus par Fabien Bagnon, que l\u2019ancien pr\u00e9sident de l\u2019OL juge logiquement \u00ab\u00a0abjects\u00a0\u00bb\u00a0et \u00ab\u00a0indignes.\u00a0\u00bb<\/p>\n<p>Tout est parti d\u2019un message publi\u00e9 par Jean-Michel Aulas r\u00e9agissant \u00e0 la prolif\u00e9ration des tags dans la ville de Lyon. Sur X (ex-Twitter), celui qui alimente depuis plusieurs mois les rumeurs de candidature aux prochaines municipales \u00e9crivait :\u00a0\u00bb@Gregorydoucet C\u2019est tr\u00e8s juste les vrais lyonnais ont honte de ce qui se passe : mais c\u2019est vrai il faut \u00eatre Lyonnais (de naissance, de travail, de c\u0153ur) pour comprendre ce d\u00e9senchantement qui se mue en col\u00e8re !\u00a0\u00bb<\/p>\n<blockquote class=\"twitter-tweet\"><p>&#13;<\/p>\n<p dir=\"ltr\" lang=\"fr\">Mais enfin, jusqu\u2019o\u00f9 ira la bassesse ? <a href=\"https:\/\/twitter.com\/Fabien_Bagnon?ref_src=twsrc%5Etfw\" rel=\"nofollow noopener\" target=\"_blank\">@Fabien_Bagnon<\/a> , \u00e9lu de la R\u00e9publique, compare <a href=\"https:\/\/twitter.com\/JM_Aulas?ref_src=twsrc%5Etfw\" rel=\"nofollow noopener\" target=\"_blank\">@JM_Aulas<\/a> \u00e0 ceux qui ont d\u00e9truit l\u2019Europe par la haine et la barbarie. C\u2019est une infamie. Une honte absolue. Un franchissement de toutes les limites. Ce n\u2019est plus de la politique, c\u2019est de la\u2026 <a href=\"https:\/\/t.co\/72rJN7ve63\" rel=\"nofollow\">https:\/\/t.co\/72rJN7ve63<\/a><\/p>\n<p>&#13;<br \/>\n\u2014 Edouard Hoffmann (@EddHoffmann) <a href=\"https:\/\/twitter.com\/EddHoffmann\/status\/1949816472542294118?ref_src=twsrc%5Etfw\" rel=\"nofollow noopener\" target=\"_blank\">July 28, 2025<\/a><\/p><\/blockquote>\n<p>Fabien Bagnon, vice-pr\u00e9sident charg\u00e9 de la voirie et de la mobilit\u00e9 active \u00e0 la M\u00e9tropole, a r\u00e9agi vivement :\u00a0\u00bbQuand on commence \u00e0 parler de vrais lyonnais, on en arrive rapidement \u00e0 parler de vrais fran\u00e7ais ou de vrais allemands. D\u00e9cid\u00e9ment Jean-Michel Aulas ratisse tr\u00e8s tr\u00e8s large \u00e0 droite.\u00a0\u00bb<\/p>\n<p><strong>\u00ab\u00a0La ligne rouge\u00a0\u00bb<\/strong><\/p>\n<p>Des mots qui ont imm\u00e9diatement fait bondir Jean-Michel Aulas. Dans un long message publi\u00e9 en retour ce lundi 28 juillet, il s\u2019est dit \u00ab\u00a0sid\u00e9r\u00e9 par les propos de Fabien Bagnon\u00a0\u00bb, ajoutant :\u00a0\u00bbComparer mon attachement aux Lyonnais \u00e0 une d\u00e9rive nazie, faire l&rsquo;amalgame entre l&rsquo;amour d&rsquo;une ville et les heures les plus sombres de notre histoire, c&rsquo;est franchir une ligne rouge.\u00a0\u00bb<\/p>\n<p>L\u2019ancien dirigeant de l\u2019OL poursuit :\u00a0\u00bbC&rsquo;est abject, c&rsquo;est indigne, c&rsquo;est insultant pour tous ceux qui ont v\u00e9cu la R\u00e9sistance, et pour tous ceux qui continuent \u00e0 croire que le d\u00e9bat public impose un minimum de d\u00e9cence.\u00a0\u00bb<br \/>Avant de rappeler :\u00a0\u00ab\u00a0Mes parents \u00e9taient enseignants r\u00e9publicains de gauche, enracin\u00e9s dans la tradition la\u00efque et r\u00e9sistante de Lyon. Cette m\u00e9moire, je l&rsquo;ai re\u00e7ue en h\u00e9ritage.\u00a0\u00bb<\/p>\n<p>Jean-Michel Aulas demande au maire de Lyon et au pr\u00e9sident de la M\u00e9tropole de se positionner : \u00ab\u00a0Je demande \u00e0 @Gregorydoucet de d\u00e9noncer ces propos. Je demande \u00e0 @brunobernard_fr de les condamner et de prendre ses responsabilit\u00e9s.\u00a0\u00bb<\/p>\n<p>Selon lui,\u00a0\u00ab\u00a0un vice-pr\u00e9sident ne peut impun\u00e9ment prof\u00e9rer de telles accusations. Il ne s&rsquo;agit plus d&rsquo;un d\u00e9rapage, mais d&rsquo;un naufrage moral. Le silence de la @villedelyon et de la @grandlyon vaudrait approbation. Et moi, je ne me tairai pas.\u00a0\u00bb<\/p>\n<p>Ainsi, Jean-Michel Aulas ne compte ainsi pas en rester l\u00e0. Fabien Bagnon aurait sans doute mieux fait de rester dans sa zone de confort : les mobilit\u00e9s, et plus particuli\u00e8rement, les pistes cyclables.<\/p>\n<blockquote class=\"twitter-tweet\" data-media-max-width=\"560\"><p>&#13;<\/p>\n<p dir=\"ltr\" lang=\"fr\">Je suis sid\u00e9r\u00e9 par les propos de Fabien Bagnon. Comparer mon attachement aux Lyonnais \u00e0 une d\u00e9rive nazie, faire l\u2019amalgame entre l\u2019amour d\u2019une ville et les heures les plus sombres de notre histoire, c\u2019est franchir une ligne rouge. C\u2019est abject, c\u2019est indigne, c\u2019est insultant pour\u2026<\/p>\n<p>&#13;<br \/>\n\u2014 Jean-Michel AULAS (@JM_Aulas) <a href=\"https:\/\/twitter.com\/JM_Aulas\/status\/1949832455327756309?ref_src=twsrc%5Etfw\" rel=\"nofollow noopener\" target=\"_blank\">July 28, 2025<\/a><\/p><\/blockquote>\n<p>  \t\t\t\t\t<script async src=\"https:\/\/platform.twitter.com\/widgets.js\" charset=\"utf-8\"><\/script><\/p>\n","protected":false},"excerpt":{"rendered":"Un \u00e9change sur X entre Jean-Michel Aulas et le vice-pr\u00e9sident \u00e9cologiste de la M\u00e9tropole de Lyon a d\u00e9clench\u00e9&hellip;\n","protected":false},"author":2,"featured_media":280982,"comment_status":"","ping_status":"","sticky":false,"template":"","format":"standard","meta":{"footnotes":""},"categories":[1889],"tags":[1111,11,2813,2190,2430,1109,251,1112,2811,1777,674,118,1011,27,1922,1110,1114,2428,2810,12,241,316,25,2812,517,800],"class_list":{"0":"post-280981","1":"post","2":"type-post","3":"status-publish","4":"format-standard","5":"has-post-thumbnail","7":"category-lyon","8":"tag-actu","9":"tag-actualites","10":"tag-article","11":"tag-asvel","12":"tag-auvergne-rhone-alpes","13":"tag-breves","14":"tag-culture","15":"tag-depeches","16":"tag-economique","17":"tag-eu","18":"tag-europe","19":"tag-faits-divers","20":"tag-fr","21":"tag-france","22":"tag-info","23":"tag-informations","24":"tag-infos","25":"tag-lyon","26":"tag-lyonmag","27":"tag-news","28":"tag-ol","29":"tag-politique","30":"tag-republique-francaise","31":"tag-sociale","32":"tag-sport","33":"tag-transports"},"share_on_mastodon":{"url":"https:\/\/pubeurope.com\/@fr\/114934288818337707","error":""},"_links":{"self":[{"href":"https:\/\/www.europesays.com\/fr\/wp-json\/wp\/v2\/posts\/280981","targetHints":{"allow":["GET"]}}],"collection":[{"href":"https:\/\/www.europesays.com\/fr\/wp-json\/wp\/v2\/posts"}],"about":[{"href":"https:\/\/www.europesays.com\/fr\/wp-json\/wp\/v2\/types\/post"}],"author":[{"embeddable":true,"href":"https:\/\/www.europesays.com\/fr\/wp-json\/wp\/v2\/users\/2"}],"replies":[{"embeddable":true,"href":"https:\/\/www.europesays.com\/fr\/wp-json\/wp\/v2\/comments?post=280981"}],"version-history":[{"count":0,"href":"https:\/\/www.europesays.com\/fr\/wp-json\/wp\/v2\/posts\/280981\/revisions"}],"wp:featuredmedia":[{"embeddable":true,"href":"https:\/\/www.europesays.com\/fr\/wp-json\/wp\/v2\/media\/280982"}],"wp:attachment":[{"href":"https:\/\/www.europesays.com\/fr\/wp-json\/wp\/v2\/media?parent=280981"}],"wp:term":[{"taxonomy":"category","embeddable":true,"href":"https:\/\/www.europesays.com\/fr\/wp-json\/wp\/v2\/categories?post=280981"},{"taxonomy":"post_tag","embeddable":true,"href":"https:\/\/www.europesays.com\/fr\/wp-json\/wp\/v2\/tags?post=280981"}],"curies":[{"name":"wp","href":"https:\/\/api.w.org\/{rel}","templated":true}]}}