{"id":280988,"date":"2025-07-29T03:05:12","date_gmt":"2025-07-29T03:05:12","guid":{"rendered":"https:\/\/www.europesays.com\/fr\/280988\/"},"modified":"2025-07-29T03:05:12","modified_gmt":"2025-07-29T03:05:12","slug":"maria-de-la-orden-sinstalle-au-bon-marche-et-affirme-ses-ambitions-de-croissance-internationale","status":"publish","type":"post","link":"https:\/\/www.europesays.com\/fr\/280988\/","title":{"rendered":"Maria de la Orden s&rsquo;installe au Bon March\u00e9 et affirme ses ambitions de croissance internationale"},"content":{"rendered":"<p>\n                                    <b>Publi\u00e9 le<\/b><br \/>\n                                    <\/p>\n<p>                                        29 juillet 2025<\/p>\n<p class=\"article-content col-md-8 offset-md-1\">\n                                La jeune entreprise de mode Maria de la Orden vise une croissance \u00e0 deux chiffres de son activit\u00e9 en 2025. S\u2019appuyant sur l\u2019image forte de la It-Girl espagnole \u00e9ponyme, compagne de Edward Bouygues, la marque bas\u00e9e \u00e0 Paris franchit une \u00e9tape cl\u00e9 de son d\u00e9veloppement en s&rsquo;offrant un corner permanent au prestigieux Bon March\u00e9 d\u00e8s ce mois de juillet. Un mouvement significatif qui ancre davantage sa pr\u00e9sence sur le march\u00e9 fran\u00e7ais.<img decoding=\"async\" class=\"news-image\" style=\"width:100%;max-width:711px;\" src=\"https:\/\/www.europesays.com\/fr\/wp-content\/uploads\/2025\/07\/2736.jpg\" alt=\"Boutique Maria de la Orden\" loading=\"lazy\"\/>Boutique Maria de la Orden &#8211; Maria de la OrdenCette installation au sein du grand magasin parisien n&rsquo;est pas seulement une vitrine de luxe, elle est aussi le symbole d&rsquo;une maturit\u00e9 strat\u00e9gique pour une griffe qui, en moins de cinq ans, a su imposer un style distinctif et un mod\u00e8le \u00e9conomique robuste, comme le confie Laura de la R\u00e9v\u00e9liere, cofondatrice de la marque et partenaire de la cr\u00e9atrice Maria de la Orden.\n                            <\/p>\n<p>\n                                Tous droits de reproduction et de repr\u00e9sentation r\u00e9serv\u00e9s.<br \/>\u00a9 2025 FashionNetwork.com\n                            <\/p>\n","protected":false},"excerpt":{"rendered":"Publi\u00e9 le 29 juillet 2025 La jeune entreprise de mode Maria de la Orden vise une croissance \u00e0&hellip;\n","protected":false},"author":2,"featured_media":280989,"comment_status":"","ping_status":"","sticky":false,"template":"","format":"standard","meta":{"footnotes":""},"categories":[1888],"tags":[11,2424,537,2423,37236,1777,674,1011,27,8827,33911,2425,42055,985,12,2298,626,2426,2427,25,2421,2422],"class_list":{"0":"post-280988","1":"post","2":"type-post","3":"status-publish","4":"format-standard","5":"has-post-thumbnail","7":"category-paris","8":"tag-actualites","9":"tag-beaute","10":"tag-contact","11":"tag-cosmetiques","12":"tag-el-corte-ingles","13":"tag-eu","14":"tag-europe","15":"tag-fr","16":"tag-france","17":"tag-le-bon-marche","18":"tag-liberty","19":"tag-luxe","20":"tag-m-a-c","21":"tag-mode","22":"tag-news","23":"tag-parfum","24":"tag-paris","25":"tag-professionnel","26":"tag-professionnels","27":"tag-republique-francaise","28":"tag-reseau","29":"tag-textile"},"share_on_mastodon":{"url":"https:\/\/pubeurope.com\/@fr\/114934312133376923","error":""},"_links":{"self":[{"href":"https:\/\/www.europesays.com\/fr\/wp-json\/wp\/v2\/posts\/280988","targetHints":{"allow":["GET"]}}],"collection":[{"href":"https:\/\/www.europesays.com\/fr\/wp-json\/wp\/v2\/posts"}],"about":[{"href":"https:\/\/www.europesays.com\/fr\/wp-json\/wp\/v2\/types\/post"}],"author":[{"embeddable":true,"href":"https:\/\/www.europesays.com\/fr\/wp-json\/wp\/v2\/users\/2"}],"replies":[{"embeddable":true,"href":"https:\/\/www.europesays.com\/fr\/wp-json\/wp\/v2\/comments?post=280988"}],"version-history":[{"count":0,"href":"https:\/\/www.europesays.com\/fr\/wp-json\/wp\/v2\/posts\/280988\/revisions"}],"wp:featuredmedia":[{"embeddable":true,"href":"https:\/\/www.europesays.com\/fr\/wp-json\/wp\/v2\/media\/280989"}],"wp:attachment":[{"href":"https:\/\/www.europesays.com\/fr\/wp-json\/wp\/v2\/media?parent=280988"}],"wp:term":[{"taxonomy":"category","embeddable":true,"href":"https:\/\/www.europesays.com\/fr\/wp-json\/wp\/v2\/categories?post=280988"},{"taxonomy":"post_tag","embeddable":true,"href":"https:\/\/www.europesays.com\/fr\/wp-json\/wp\/v2\/tags?post=280988"}],"curies":[{"name":"wp","href":"https:\/\/api.w.org\/{rel}","templated":true}]}}