{"id":281000,"date":"2025-07-29T03:11:17","date_gmt":"2025-07-29T03:11:17","guid":{"rendered":"https:\/\/www.europesays.com\/fr\/281000\/"},"modified":"2025-07-29T03:11:17","modified_gmt":"2025-07-29T03:11:17","slug":"jo-le-qatar-entre-en-piste-et-menace-les-reves-de-lallemagne","status":"publish","type":"post","link":"https:\/\/www.europesays.com\/fr\/281000\/","title":{"rendered":"JO | Le Qatar entre en piste et menace les r\u00eaves de l&rsquo;Allemagne"},"content":{"rendered":"<p>                <img loading=\"lazy\" decoding=\"async\" class=\"aligncenter size-full wp-image-83192\" src=\"https:\/\/www.europesays.com\/fr\/wp-content\/uploads\/2025\/07\/IMG_1120.jpg\" alt=\"\" width=\"650\" height=\"433\"\/><\/p>\n<p style=\"text-align: justify;\"><strong>Le Qatar a officiellement confirm\u00e9 son intention d\u2019organiser les Jeux Olympiques d\u2019\u00e9t\u00e9 2036, en entamant un dialogue formel avec le CIO. D\u00e9j\u00e0 riche de son exp\u00e9rience lors de la Coupe du monde 2022, l\u2019\u00e9mirat affirme disposer de 95\u202f% des infrastructures n\u00e9cessaires, pr\u00eat \u00e0 s\u2019imposer comme un candidat s\u00e9rieux\u2026 et inattendu face notamment \u00e0 l&rsquo;Allemagne.<\/strong><\/p>\n<p style=\"text-align: justify;\">Cette entr\u00e9e en lice pourrait bien contrarier les ambitions de l\u2019Allemagne, r\u00e9guli\u00e8rement \u00e9voqu\u00e9e comme favorite pour accueillir les Jeux du centenaire de Berlin 1936. Un retour symbolique sur lequel p\u00e8sent d\u00e9j\u00e0 de nombreux d\u00e9bats historiques et politiques au sein du monde olympique et en Europe.<\/p>\n<p style=\"text-align: justify;\">En se positionnant aussi t\u00f4t, le Qatar vient jouer les trouble-f\u00eates dans une course o\u00f9 figurent \u00e9galement l\u2019Inde, l\u2019Indon\u00e9sie, la Turquie ou encore le Chili. Le pr\u00e9sident du comit\u00e9 olympique qatari, <strong>Sheikh Joaan bin<\/strong> <strong>Hamad Al-Thani<\/strong>, mise sur une candidature \u00ab\u00a0durable, pr\u00eate, et ambitieuse\u00a0\u00bb, dans la lign\u00e9e des grands \u00e9v\u00e9nements r\u00e9cemment organis\u00e9s dans le pays depuis le championnat du monde de handball en janvier 2015 ainsi que la coupe du monde de football en 2022.<\/p>\n<p style=\"text-align: justify;\">Avec ses moyens, son exp\u00e9rience logistique et sa diplomatie sportive offensive, le Qatar veut bousculer l\u2019ordre \u00e9tabli. Reste \u00e0 savoir si le CIO acceptera une \u00e9dition estivale dans un climat extr\u00eame\u2026 ou si l\u2019histoire pr\u00e9f\u00e9rera le symbole d\u2019un retour olympique en Allemagne&#8230;terre de handball par excellence notamment !<\/p>\n","protected":false},"excerpt":{"rendered":"Le Qatar a officiellement confirm\u00e9 son intention d\u2019organiser les Jeux Olympiques d\u2019\u00e9t\u00e9 2036, en entamant un dialogue formel&hellip;\n","protected":false},"author":2,"featured_media":281001,"comment_status":"","ping_status":"","sticky":false,"template":"","format":"standard","meta":{"footnotes":""},"categories":[1587],"tags":[11,672,1804,1805,1803,1777,674,1801,3996,12,1463,1802],"class_list":{"0":"post-281000","1":"post","2":"type-post","3":"status-publish","4":"format-standard","5":"has-post-thumbnail","7":"category-allemagne","8":"tag-actualites","9":"tag-allemagne","10":"tag-bundesrepublik-deutschland","11":"tag-de","12":"tag-deutschland","13":"tag-eu","14":"tag-europe","15":"tag-germany","16":"tag-jeux-olympiques","17":"tag-news","18":"tag-qatar","19":"tag-republique-federale-dallemagne"},"share_on_mastodon":{"url":"https:\/\/pubeurope.com\/@fr\/114934336156153529","error":""},"_links":{"self":[{"href":"https:\/\/www.europesays.com\/fr\/wp-json\/wp\/v2\/posts\/281000","targetHints":{"allow":["GET"]}}],"collection":[{"href":"https:\/\/www.europesays.com\/fr\/wp-json\/wp\/v2\/posts"}],"about":[{"href":"https:\/\/www.europesays.com\/fr\/wp-json\/wp\/v2\/types\/post"}],"author":[{"embeddable":true,"href":"https:\/\/www.europesays.com\/fr\/wp-json\/wp\/v2\/users\/2"}],"replies":[{"embeddable":true,"href":"https:\/\/www.europesays.com\/fr\/wp-json\/wp\/v2\/comments?post=281000"}],"version-history":[{"count":0,"href":"https:\/\/www.europesays.com\/fr\/wp-json\/wp\/v2\/posts\/281000\/revisions"}],"wp:featuredmedia":[{"embeddable":true,"href":"https:\/\/www.europesays.com\/fr\/wp-json\/wp\/v2\/media\/281001"}],"wp:attachment":[{"href":"https:\/\/www.europesays.com\/fr\/wp-json\/wp\/v2\/media?parent=281000"}],"wp:term":[{"taxonomy":"category","embeddable":true,"href":"https:\/\/www.europesays.com\/fr\/wp-json\/wp\/v2\/categories?post=281000"},{"taxonomy":"post_tag","embeddable":true,"href":"https:\/\/www.europesays.com\/fr\/wp-json\/wp\/v2\/tags?post=281000"}],"curies":[{"name":"wp","href":"https:\/\/api.w.org\/{rel}","templated":true}]}}