{"id":281014,"date":"2025-07-29T03:19:17","date_gmt":"2025-07-29T03:19:17","guid":{"rendered":"https:\/\/www.europesays.com\/fr\/281014\/"},"modified":"2025-07-29T03:19:17","modified_gmt":"2025-07-29T03:19:17","slug":"rugby-champion-doccitanie-pourquoi-ce-club-amateur-jette-leponge-et-ne-jouera-pas-au-niveau-superieur","status":"publish","type":"post","link":"https:\/\/www.europesays.com\/fr\/281014\/","title":{"rendered":"Rugby. Champion d&rsquo;Occitanie, pourquoi ce club amateur jette l&rsquo;\u00e9ponge et ne jouera pas au niveau sup\u00e9rieur"},"content":{"rendered":"<p>            Par<br \/>\n        <strong><br \/>\n            <a href=\"https:\/\/actu.fr\/auteur\/anthony-assemat\" title=\"Consulter tous les articles de Anthony Assemat\" target=\"_blank\" rel=\"noopener\">Anthony Assemat<\/a><br \/>\n        <\/strong><\/p>\n<p>        Publi\u00e9 le<\/p>\n<p>            28 juil. 2025 \u00e0 16h16        <\/p>\n<p>Un vrai coup de massue. Jusque-l\u00e0, la saison avait \u00e9t\u00e9 parfaite, le soleil au beau fixe \u00e0 l\u2019image de ce magnifique d\u00e9partement de l\u2019Aude. Champion du Terroir et <a href=\"https:\/\/www.lindependant.fr\/2025\/04\/27\/rugby-dans-laude-finale-doccitanie-regionale-3-vinassan-decroche-le-bouclier-12661985.php\" target=\"_blank\" rel=\"noopener\">champion d\u2019Occitanie 2025 en R\u00e9gionale 3 fin aril 2025 gr\u00e2ce \u00e0 sa victoire face aux Gerois de Panjas<\/a>, <strong>l\u2019ES Vinassan rugby<\/strong> avait gagn\u00e9 le droit d\u2019\u00e9voluer en R\u00e9gionale 2 la saison prochaine. Mais l\u2019Aude, c\u2019est aussi beaucoup de vent. Et les vents ont \u00e9t\u00e9 contraires pour le club de cette ville de 2600 habitants.\u00a0<\/p>\n<p>    <a href=\"https:\/\/www.facebook.com\/plugins\/post.php?href=https%3A%2F%2Fwww.facebook.com%2Fvinassan%2Fposts%2Fpfbid024FzS6xT61ahAUBJUkFbrReMvAC9V8LfqavdTkidcUNsW77M1kme4aM2os7EahdkJl&amp;show_text=true&amp;width=350\" title=\"Ouvrie le lien\" target=\"_blank\" rel=\"noopener\">Cliquez ici pour visualiser le contenu<\/a><\/p>\n<p>\u00ab\u00a0Grande difficult\u00e9 sportive\u00a0\u00bb<\/p>\n<p class=\" wall-content\">Lors de l\u2019assembl\u00e9e g\u00e9n\u00e9rale, le 10 juin 2025, les dirigeants de Vinassan avaient averti : \u00ab\u00a0Beaucoup d\u2019inqui\u00e9tudes et d\u2019interrogations planent sur la saison \u00e0 venir. En effet, l\u2019arr\u00eat du rugby pour certains joueurs, de nombreux d\u00e9parts pour d\u2019autres, y compris les entraineurs, un recrutement timide ne nous permettent pas aujourd\u2019hui d\u2019objectiver sur la saison \u00e0 venir\u00a0\u00bb.<\/p>\n<p class=\" wall-content\">Plus d\u2019un mois plus tard, le constat est sans appel :\u00a0<\/p>\n<blockquote class=\"ac-article-quote wall-content\">\n<p>\u00ab\u00a0L&rsquo;ESV est en grande difficult\u00e9 sportive. Suite \u00e0 de nombreux arr\u00eats, un d\u00e9part massif de joueurs parfois inattendu et la d\u00e9mission des entra\u00eeneurs, l&rsquo;Etoile ne comptait plus qu&rsquo;une dizaine de joueurs et le staff. Face \u00e0 cette situation, l&rsquo;ensemble des dirigeants, confort\u00e9s par les entra\u00eeneurs, ont d\u00e9cid\u00e9 de ne pas engager d&rsquo;\u00e9quipe s\u00e9nior en comp\u00e9tition pour la saison 2025-2026 de R\u00e9gionale 2\u00a0\u00bb.<\/p>\n<p>    <strong>Les dirigeants du club de Vinassan<\/strong>\n            <\/p><\/blockquote>\n<p>\u00ab\u00a0Ce n\u2019est pas une mise en sommeil\u00a0\u00bb<\/p>\n<p class=\" wall-content\">Si le club audois avait retrouv\u00e9 un duo de coachs (Bruno Druetta et Michel Garcia), le d\u00e9lai \u00e9tait trop court pour pallier les nombreux d\u00e9parts de joueurs. \u00ab\u00a0Nous partions de trop loin. Nous \u00e9tions dans l\u2019impasse et nous devions la franchise \u00e0 la dizaine de joueurs qui restaient\u00a0\u00bb, explique \u00e0 Actu Rugby <strong>Laurent Matutano<\/strong>, le pr\u00e9sident de l\u2019ES Vinassan. Une d\u00e9cision prise \u00ab\u00a0la mort dans l\u2019\u00e2me\u00a0\u00bb alors que l\u2019\u00e9quipe avait gagn\u00e9 le droit, sur le terrain, d\u2019\u00e9voluer \u00e0 l\u2019\u00e9chelon au-dessus.<\/p>\n<p class=\" wall-content\">Mais cet \u00e9tat de fait ne signifie pas la mort du club. Laurent Matutano explique :<\/p>\n<blockquote class=\"ac-article-quote wall-content\">\n<p>\u00ab\u00a0Ce n&rsquo;est pas une mise en sommeil. L&rsquo;Etoile sera toujours pr\u00e9sente \u00e0 travers son \u00e9cole de rugby et le rassemblement initi\u00e9 avec l&rsquo;Entente Fleury Salles Coursan. La d\u00e9cision n&rsquo;a pas d&rsquo;impact sur nos jeunes ni sur les licences\u00a0\u00bb.<\/p>\n<p>    <strong>Laurent Matutano<\/strong><br \/>\n        Pr\u00e9sident du club de Vinassan    <\/p><\/blockquote>\n<p>    <a href=\"https:\/\/www.facebook.com\/plugins\/post.php?href=https%3A%2F%2Fwww.facebook.com%2Fvinassan%2Fposts%2Fpfbid02rRiKewA4ryDgE7a17WzXG4UrMc8UvLhefmYhkVKMZVarjBmia5JhKxuEAnXihRKLl&amp;show_text=true&amp;width=350\" title=\"Ouvrie le lien\" target=\"_blank\" rel=\"noopener\">Cliquez ici pour visualiser le contenu<\/a><\/p>\n<p>La volont\u00e9 de repartir en R\u00e9gionale 3 dans un an<\/p>\n<p class=\" wall-content\">Laurent Matutano et les forces vives de Vinassan Rugby vont d\u00e9sormais s\u2019atteler \u00e0 attirer de nouveaux joueurs et \u00e0 la pr\u00e9paration d\u2019un \u00ab\u00a0nouveau projet sportif\u00a0\u00bb pour pouvoir repartir en R\u00e9gionale 3 lors de la saison 2026-2027. \u00ab\u00a0On va se battre, et la mairie nous soutient dans cette volont\u00e9\u00a0\u00bb, poursuit Laurent Matutano.<\/p>\n<p class=\" wall-content\">L\u2019avenir, le club l\u2019imagine encore ind\u00e9pendamment, en gardant sa forte identit\u00e9. Mais toutes les options sont ouvertes, comme un rapprochement avec l\u2019\u00e9quipe premi\u00e8re de Fleury-Salles-Coursan, qui vient d\u2019acc\u00e9der, de son c\u00f4t\u00e9, \u00e0 la R\u00e9gionale 1. Les mois qui viennent seront cruciaux pour remettre Vinassan sur la carte du rugby amateur. Et faire revenir le soleil rugbystique \u00e0 son z\u00e9nith au stade de la Prairie.<\/p>\n<p>    <a href=\"https:\/\/www.google.com\/maps\/embed?pb=!1m18!1m12!1m3!1d11632.799971585695!2d3.084004104160846!3d43.20529443905128!2m3!1f0!2f0!3f0!3m2!1i1024!2i768!4f13.1!3m3!1m2!1s0x12b1aa009a3fb45f%3A0x4078821166d1890!2s11110%20Vinassan!5e0!3m2!1sfr!2sfr!4v1753711808928!5m2!1sfr!2sfr\" title=\"Ouvrie le lien\" target=\"_blank\" rel=\"noopener\">Cliquez ici pour visualiser le contenu<\/a><\/p>\n<p class=\" wall-content\">Suivez toute l\u2019actualit\u00e9 de vos villes et m\u00e9dias favoris en vous inscrivant \u00e0 <a href=\"https:\/\/moncompte.actu.fr\" title=\"D\u00e9couvez Mon Actu\" rel=\"nofollow noopener\" data-trk=\"{&quot;cta&quot;:{&quot;action&quot;:&quot;https:\\\/\\\/moncompte.actu.fr&quot;,&quot;category&quot;:&quot;mon compte&quot;,&quot;from&quot;:&quot;article footer&quot;,&quot;name&quot;:&quot;Mon actu&quot;,&quot;type&quot;:&quot;cta&quot;}}\" target=\"_blank\">Mon Actu<\/a>.<\/p>\n","protected":false},"excerpt":{"rendered":"Par Anthony Assemat Publi\u00e9 le 28 juil. 2025 \u00e0 16h16 Un vrai coup de massue. Jusque-l\u00e0, la saison&hellip;\n","protected":false},"author":2,"featured_media":281015,"comment_status":"","ping_status":"","sticky":false,"template":"","format":"standard","meta":{"footnotes":""},"categories":[1416],"tags":[5592,1011,27,479,4126,1468,60],"class_list":{"0":"post-281014","1":"post","2":"type-post","3":"status-publish","4":"format-standard","5":"has-post-thumbnail","7":"category-rugby","8":"tag-amateurs","9":"tag-fr","10":"tag-france","11":"tag-rugby","12":"tag-rugby-amateur","13":"tag-rugby-football","14":"tag-sports"},"share_on_mastodon":{"url":"https:\/\/pubeurope.com\/@fr\/114934367107994999","error":""},"_links":{"self":[{"href":"https:\/\/www.europesays.com\/fr\/wp-json\/wp\/v2\/posts\/281014","targetHints":{"allow":["GET"]}}],"collection":[{"href":"https:\/\/www.europesays.com\/fr\/wp-json\/wp\/v2\/posts"}],"about":[{"href":"https:\/\/www.europesays.com\/fr\/wp-json\/wp\/v2\/types\/post"}],"author":[{"embeddable":true,"href":"https:\/\/www.europesays.com\/fr\/wp-json\/wp\/v2\/users\/2"}],"replies":[{"embeddable":true,"href":"https:\/\/www.europesays.com\/fr\/wp-json\/wp\/v2\/comments?post=281014"}],"version-history":[{"count":0,"href":"https:\/\/www.europesays.com\/fr\/wp-json\/wp\/v2\/posts\/281014\/revisions"}],"wp:featuredmedia":[{"embeddable":true,"href":"https:\/\/www.europesays.com\/fr\/wp-json\/wp\/v2\/media\/281015"}],"wp:attachment":[{"href":"https:\/\/www.europesays.com\/fr\/wp-json\/wp\/v2\/media?parent=281014"}],"wp:term":[{"taxonomy":"category","embeddable":true,"href":"https:\/\/www.europesays.com\/fr\/wp-json\/wp\/v2\/categories?post=281014"},{"taxonomy":"post_tag","embeddable":true,"href":"https:\/\/www.europesays.com\/fr\/wp-json\/wp\/v2\/tags?post=281014"}],"curies":[{"name":"wp","href":"https:\/\/api.w.org\/{rel}","templated":true}]}}