{"id":281018,"date":"2025-07-29T03:22:04","date_gmt":"2025-07-29T03:22:04","guid":{"rendered":"https:\/\/www.europesays.com\/fr\/281018\/"},"modified":"2025-07-29T03:22:04","modified_gmt":"2025-07-29T03:22:04","slug":"motogp-video-qui-de-marquez-ou-bagnaia-craquera-le-plus-vite","status":"publish","type":"post","link":"https:\/\/www.europesays.com\/fr\/281018\/","title":{"rendered":"MotoGP vid\u00e9o : Qui de Marquez ou Bagnaia craquera le plus vite ?"},"content":{"rendered":"<p><img loading=\"lazy\" decoding=\"async\" src=\"https:\/\/www.europesays.com\/fr\/wp-content\/uploads\/2025\/07\/Reseaux-sociaux-Recupere-Recupere-6.png\" alt=\"Marquez, MotoGP\" class=\"\" width=\"1080\" height=\"675\"\/><\/p>\n<p><strong>Vous n\u2019\u00eates pas assez int\u00e9ress\u00e9 par les r\u00e9seaux sociaux<br \/>\npour suivre plusieurs centaines de pilotes, mais vous n\u2019aimez pas<br \/>\nrater aucune des petites histoires qui animent le MotoGP (Moto2 et<br \/>\nMoto3), le WorldSBK\u00a0et les autres cat\u00e9gories ? Cette\u202f<a class=\"break-word hover:text-super hover:decoration-super underline decoration-from-font underline-offset-1 transition-all duration-300\" href=\"https:\/\/www.paddock-gp.com\/en\/?s=echo+reseaux\" target=\"_blank\" rel=\"nofollow noopener\">rubrique quotidienne<\/a>\u202fest faite<br \/>\npour vous, pour bien commencer la journ\u00e9e en attendant des articles<br \/>\nplus cons\u00e9quents mais parfois moins insolites ! Aujourd\u2019hui, focus<br \/>\nsur un d\u00e9fi qui fait sourire le paddock : Marc Marquez et Pecco<br \/>\nBagnaia face \u00e0 face, dans le jeu \u2018tu ris, tu perds\u2019.<\/strong><\/p>\n<p class=\"my-0\">Depuis plusieurs semaines, les r\u00e9seaux sociaux<br \/>\nofficiels du MotoGP orchestrent un jeu simple : deux \u00e9quipiers se<br \/>\nfont face\u2026 et le premier qui rit a perdu. Les duos filment la<br \/>\ns\u00e9quence, un chrono \u00e0 la main. Le classement des \u00ab\u202fvainqueurs\u202f\u00bb est<br \/>\ntenu \u00e0 jour.<\/p>\n<p class=\"my-0\">Cette fois, c\u2019est le choc des titans\u202f: Marc<br \/>\nMarquez, laur\u00e9at de tant de batailles sur la piste, affronte Pecco<br \/>\nBagnaia, ma\u00eetre du contr\u00f4le. Les deux champions se sont pr\u00eat\u00e9s au<br \/>\njeu, diffusant la vid\u00e9o sur Instagram (<a href=\"https:\/\/www.instagram.com\/reel\/DMnZAEQoUx7\/?utm_source=ig_web_copy_link\" rel=\"nofollow noopener\" target=\"_blank\">\u00e0<br \/>\nretrouver ici<\/a>). Cette initiative, baptis\u00e9e \u00ab\u202fTu ris, tu<br \/>\nperds\u202f\u00bb, remporte un succ\u00e8s chez les pilotes. Jusqu\u2019\u00e0 ce jour,<br \/>\nFabio Quartararo fut le moins bon des concurrents, ayant rigol\u00e9<br \/>\napr\u00e8s seulement 3 secondes face \u00e0 Alex Rins.<\/p>\n<p><a href=\"https:\/\/www.europesays.com\/fr\/wp-content\/uploads\/2025\/07\/Capture-decran-2025-07-28-a-12.10.25.png\"><br \/>\n<img loading=\"lazy\" decoding=\"async\" class=\"aligncenter wp-image-1314956 size-full\" src=\"https:\/\/www.europesays.com\/fr\/wp-content\/uploads\/2025\/07\/Capture-decran-2025-07-28-a-12.10.25.png\" alt=\"\" width=\"658\" height=\"422\"  \/><\/a><\/p>\n<p><script async src=\"\/\/www.instagram.com\/embed.js\"><\/script><\/p>\n","protected":false},"excerpt":{"rendered":"Vous n\u2019\u00eates pas assez int\u00e9ress\u00e9 par les r\u00e9seaux sociaux pour suivre plusieurs centaines de pilotes, mais vous n\u2019aimez&hellip;\n","protected":false},"author":2,"featured_media":281019,"comment_status":"","ping_status":"","sticky":false,"template":"","format":"standard","meta":{"footnotes":""},"categories":[1413],"tags":[1011,27,1457,1456,60],"class_list":{"0":"post-281018","1":"post","2":"type-post","3":"status-publish","4":"format-standard","5":"has-post-thumbnail","7":"category-moto","8":"tag-fr","9":"tag-france","10":"tag-moto","11":"tag-motocycle","12":"tag-sports"},"share_on_mastodon":{"url":"https:\/\/pubeurope.com\/@fr\/114934378980949973","error":""},"_links":{"self":[{"href":"https:\/\/www.europesays.com\/fr\/wp-json\/wp\/v2\/posts\/281018","targetHints":{"allow":["GET"]}}],"collection":[{"href":"https:\/\/www.europesays.com\/fr\/wp-json\/wp\/v2\/posts"}],"about":[{"href":"https:\/\/www.europesays.com\/fr\/wp-json\/wp\/v2\/types\/post"}],"author":[{"embeddable":true,"href":"https:\/\/www.europesays.com\/fr\/wp-json\/wp\/v2\/users\/2"}],"replies":[{"embeddable":true,"href":"https:\/\/www.europesays.com\/fr\/wp-json\/wp\/v2\/comments?post=281018"}],"version-history":[{"count":0,"href":"https:\/\/www.europesays.com\/fr\/wp-json\/wp\/v2\/posts\/281018\/revisions"}],"wp:featuredmedia":[{"embeddable":true,"href":"https:\/\/www.europesays.com\/fr\/wp-json\/wp\/v2\/media\/281019"}],"wp:attachment":[{"href":"https:\/\/www.europesays.com\/fr\/wp-json\/wp\/v2\/media?parent=281018"}],"wp:term":[{"taxonomy":"category","embeddable":true,"href":"https:\/\/www.europesays.com\/fr\/wp-json\/wp\/v2\/categories?post=281018"},{"taxonomy":"post_tag","embeddable":true,"href":"https:\/\/www.europesays.com\/fr\/wp-json\/wp\/v2\/tags?post=281018"}],"curies":[{"name":"wp","href":"https:\/\/api.w.org\/{rel}","templated":true}]}}