{"id":281020,"date":"2025-07-29T03:23:21","date_gmt":"2025-07-29T03:23:21","guid":{"rendered":"https:\/\/www.europesays.com\/fr\/281020\/"},"modified":"2025-07-29T03:23:21","modified_gmt":"2025-07-29T03:23:21","slug":"le-programme-du-gp-de-hongrie-f1-2025-dates-horaires-et-infos","status":"publish","type":"post","link":"https:\/\/www.europesays.com\/fr\/281020\/","title":{"rendered":"Le programme du GP de Hongrie F1 2025\u00a0: dates, horaires et infos"},"content":{"rendered":"<p>Avant la tr\u00eave estivale, le Grand Prix de Hongrie va constituer la 14e manche de la saison 2025 de Formule 1.<\/p>\n<p>Lire aussi :<\/p>\n<p>Horaires du Grand Prix de Hongrie 2025<\/p>\n<tr>\nDate<br \/>\nS\u00e9ance<\/p>\n<p>Horaires fran\u00e7ais<\/p>\n<\/tr>\n<tr>\n<td style=\"width: 25%;\"><strong>Vendredi 1er ao\u00fbt<\/strong><\/td>\n<td style=\"width: 25%;\">Essais Libres 1<\/td>\n<td style=\"width: 25%;\">13h30 &#8211; 14h30<\/td>\n<\/tr>\n<tr>\n<td style=\"width: 25%;\">\u00a0<\/td>\n<td style=\"width: 25%;\">Essais Libres 2<\/td>\n<td style=\"width: 25%;\">17h00 &#8211; 18h00<\/td>\n<\/tr>\n<tr>\n<td style=\"width: 25%;\">\u00a0<\/td>\n<td style=\"width: 25%;\">\u00a0<\/td>\n<td style=\"width: 25%;\">\u00a0<\/td>\n<\/tr>\n<tr>\n<td style=\"width: 25%;\"><strong>Samedi 2\u00a0ao\u00fbt<\/strong><\/td>\n<td style=\"width: 25%;\">Essais Libres 3<\/td>\n<td style=\"width: 25%;\">12h30 &#8211; 13h30<\/td>\n<\/tr>\n<tr>\n<td style=\"width: 25%;\">\u00a0<\/td>\n<td style=\"width: 25%;\">Qualifications<\/td>\n<td style=\"width: 25%;\">16h00 &#8211; 17h00<\/td>\n<\/tr>\n<tr>\n<td style=\"width: 25%;\">\u00a0<\/td>\n<td style=\"width: 25%;\">\u00a0<\/td>\n<td style=\"width: 25%;\">\u00a0<\/td>\n<\/tr>\n<tr>\n<td style=\"width: 25%;\"><strong>Dimanche\u00a03 ao\u00fbt<\/strong><\/td>\n<td style=\"width: 25%;\">Course<\/td>\n<td style=\"width: 25%;\">15h00<\/td>\n<\/tr>\n<p>O\u00f9 regarder le Grand Prix de Hongrie ?<\/p>\n<p>Les cha\u00eenes du groupe Canal+ sont le diffuseur officiel de la Formule 1 en France. Comme lors des derni\u00e8res saisons, elles diffuseront l&rsquo;int\u00e9gralit\u00e9 du week-end pour tous les Grands Prix de la saison.<\/p>\n<p>Pour le Grand Prix de Hongrie, les essais libres et les qualifications seront diffus\u00e9s sur Canal+ Sport. Il faudra basculer sur Canal+ pour la course de dimanche.<\/p>\n<p>Le circuit du Hungaroring<br \/>\n   <img decoding=\"async\" draggable=\"false\" src=\"https:\/\/www.europesays.com\/fr\/wp-content\/uploads\/2025\/07\/nelson-piquet-williams-1.jpg\" alt=\"Nelson Piquet (Williams) a remport\u00e9 la premi\u00e8re \u00e9dition du GP de Hongrie en 1986.\" width=\"1200\" height=\"800\" loading=\"lazy\"\/> <\/p>\n<p class=\"title\">Nelson Piquet (Williams) a remport\u00e9 la premi\u00e8re \u00e9dition du GP de Hongrie en 1986.<\/p>\n<p class=\"photographer\">Photo de: Rainer W. Schlegelmilch \/ Motorsport Images<\/p>\n<p>Lanc\u00e9 \u00e0 la construction en 1985, le Hungaroring \u00e9tait d\u00e9j\u00e0 pr\u00eat \u00e0 recevoir son premier Grand Prix neuf mois apr\u00e8s le d\u00e9but du projet. Le gouvernement hongrois avait initialement envisag\u00e9 de faire revivre l&rsquo;ancien circuit du parc Nepliget \u00e0 Budapest afin d&rsquo;accueillir la Formule 1 dans le pays, mais il a finalement d\u00e9cid\u00e9 de cr\u00e9er une installation sp\u00e9cialement con\u00e7ue \u00e0 cet effet. Le premier GP de Hongrie s&rsquo;est donc tenu en 1986, et a \u00e9t\u00e9 remport\u00e9 par\u00a0Nelson Piquet\u00a0(Williams), battant alors son compatriote et rival\u00a0Ayrton Senna.<\/p>\n<p>Connu pour \u00eatre sinueux et \u00e9troit, le Hungaroring encha\u00eene les virages et l&rsquo;on y voit un appui a\u00e9rodynamique tr\u00e8s \u00e9lev\u00e9, proche des niveaux adopt\u00e9s \u00e0 Monaco. Les autos disposant de grip m\u00e9canique et d&rsquo;aisance dans les changements de direction y sont souvent \u00e0 l&rsquo;aise, et le trac\u00e9 autorise les \u00e9quipes disposant de moins d&rsquo;atouts du c\u00f4t\u00e9 de la puissance moteur \u00e0 esp\u00e9rer jouer leur carte.<\/p>\n<p>Il fait traditionnellement tr\u00e8s chaud pour le Grand Prix de Hongrie, qui se tient dans une \u00ab\u00a0cuvette\u00a0\u00bb et offre ainsi aux spectateurs de tr\u00e8s nombreux points de vue sur le circuit depuis les positions sur\u00e9lev\u00e9es des tribunes, log\u00e9es sur les cr\u00eates. Par ses caract\u00e9ristiques, le Hungaroring est un lieu o\u00f9 une bonne place en qualifications est particuli\u00e8rement importante, tant il y est ensuite difficile de d\u00e9passer, m\u00eame si le DRS permet d&rsquo;avaler des rivaux au bout de la courte ligne droite de d\u00e9part\/arriv\u00e9e. Il s&rsquo;agit aussi d&rsquo;un endroit o\u00f9 l&rsquo;on assiste pour cette raison \u00e0 d&rsquo;audacieuses strat\u00e9gies d\u00e9cal\u00e9es, qui viennent pimenter les courses.<\/p>\n<p>La distance de course dimanche sera de 306,630 km. Les 14 virages du trac\u00e9 seront \u00e0 n\u00e9gocier 70 fois.<\/p>\n<p>Les records F1 du Hungaroring (version 2003)<\/p>\n<p>Les derniers polemen et vainqueurs du GP de Hongrie F1<br \/>\n   <img decoding=\"async\" draggable=\"false\" src=\"https:\/\/www.europesays.com\/fr\/wp-content\/uploads\/2025\/07\/oscar-piastri-mclaren-f1-team-.jpg\" alt=\"Oscar Piastri a remport\u00e9 son tout premier GP en F1 l'an pass\u00e9 au Hungaroring.\" width=\"1200\" height=\"800\" loading=\"lazy\"\/> <\/p>\n<p class=\"title\">Oscar Piastri a remport\u00e9 son tout premier GP en F1 l&rsquo;an pass\u00e9 au Hungaroring.<\/p>\n<p class=\"photographer\">Photo de: Glenn Dunbar \/ Motorsport Images<\/p>\n<p>La m\u00e9t\u00e9o attendue \u00e0 Budapest<\/p>\n<p>Si les deux premi\u00e8res journ\u00e9es du GP de Hongrie sont attendues s\u00e8ches et chaudes (entre 26\u00b0C et 28\u00b0C), la journ\u00e9e de dimanche pourrait \u00eatre l\u00e9g\u00e8rement plus fra\u00eeche et \u00e9ventuellement pluvieuse dans l&rsquo;apr\u00e8s-midi.<\/p>\n<p><strong>Course suivante\u00a0:<\/strong>\u00a0Grand Prix des Pays-Bas (29-31 ao\u00fbt)<\/p>\n<p><a href=\"https:\/\/fr.motorsport.com\/f1\/schedule\/2025\/\" target=\"_blank\" rel=\"noopener\">Retrouvez le calendrier F1 2025 complet<\/a><\/p>\n<p>Dans cet article<\/p>\n<p>Soyez le premier inform\u00e9 et souscrivez aux alertes mails pour recevoir les infos en temps r\u00e9el<\/p>\n<p>    S&rsquo;abonner aux alertes de news<\/p>\n","protected":false},"excerpt":{"rendered":"Avant la tr\u00eave estivale, le Grand Prix de Hongrie va constituer la 14e manche de la saison 2025&hellip;\n","protected":false},"author":2,"featured_media":281021,"comment_status":"","ping_status":"","sticky":false,"template":"","format":"standard","meta":{"footnotes":""},"categories":[1412],"tags":[1451,1452,1453,1454,1455,1011,27,21746,42060,60],"class_list":{"0":"post-281020","1":"post","2":"type-post","3":"status-publish","4":"format-standard","5":"has-post-thumbnail","7":"category-f1","8":"tag-f1","9":"tag-formula-1","10":"tag-formula1","11":"tag-formule-1","12":"tag-formule1","13":"tag-fr","14":"tag-france","15":"tag-gp-de-hongrie","16":"tag-hungaroring","17":"tag-sports"},"share_on_mastodon":{"url":"https:\/\/pubeurope.com\/@fr\/114934383242560880","error":""},"_links":{"self":[{"href":"https:\/\/www.europesays.com\/fr\/wp-json\/wp\/v2\/posts\/281020","targetHints":{"allow":["GET"]}}],"collection":[{"href":"https:\/\/www.europesays.com\/fr\/wp-json\/wp\/v2\/posts"}],"about":[{"href":"https:\/\/www.europesays.com\/fr\/wp-json\/wp\/v2\/types\/post"}],"author":[{"embeddable":true,"href":"https:\/\/www.europesays.com\/fr\/wp-json\/wp\/v2\/users\/2"}],"replies":[{"embeddable":true,"href":"https:\/\/www.europesays.com\/fr\/wp-json\/wp\/v2\/comments?post=281020"}],"version-history":[{"count":0,"href":"https:\/\/www.europesays.com\/fr\/wp-json\/wp\/v2\/posts\/281020\/revisions"}],"wp:featuredmedia":[{"embeddable":true,"href":"https:\/\/www.europesays.com\/fr\/wp-json\/wp\/v2\/media\/281021"}],"wp:attachment":[{"href":"https:\/\/www.europesays.com\/fr\/wp-json\/wp\/v2\/media?parent=281020"}],"wp:term":[{"taxonomy":"category","embeddable":true,"href":"https:\/\/www.europesays.com\/fr\/wp-json\/wp\/v2\/categories?post=281020"},{"taxonomy":"post_tag","embeddable":true,"href":"https:\/\/www.europesays.com\/fr\/wp-json\/wp\/v2\/tags?post=281020"}],"curies":[{"name":"wp","href":"https:\/\/api.w.org\/{rel}","templated":true}]}}