{"id":281022,"date":"2025-07-29T03:24:13","date_gmt":"2025-07-29T03:24:13","guid":{"rendered":"https:\/\/www.europesays.com\/fr\/281022\/"},"modified":"2025-07-29T03:24:13","modified_gmt":"2025-07-29T03:24:13","slug":"il-y-a-un-an-ferrand-prevot-finissait-en-beaute-sa-carriere-en-vtt","status":"publish","type":"post","link":"https:\/\/www.europesays.com\/fr\/281022\/","title":{"rendered":"Il y a un an, Ferrand-Pr\u00e9v\u00f4t finissait en beaut\u00e9 sa carri\u00e8re en VTT"},"content":{"rendered":"<p class=\"date\">\n                                                            Guillaume Marion, Media365 : publi\u00e9 le lundi 28 juillet 2025 \u00e0 21h00\n                                                    <\/p>\n<p>Il y a un an, le 28 juillet 2024, Pauline Ferrand-Pr\u00e9v\u00f4t remportait lors des Jeux Olympiques de Paris 2024 le titre qui lui manquait tant et pouvait ainsi faire son grand retour au cyclisme sur route, avec un objectif tr\u00e8s pr\u00e9cis en t\u00eate.<\/p>\n<p>Titr\u00e9e \u00e0 de tr\u00e8s nombreuses reprises durant son immense carri\u00e8re, Pauline Ferrand-Pr\u00e9v\u00f4t avait encore un \u00e9norme objectif l&rsquo;an dernier : remporter (enfin) la m\u00e9daille d&rsquo;or lors des Jeux Olympiques de Paris 2024. <a href=\"https:\/\/sports.orange.fr\/rugby\/article\/paris-2024-il-y-a-un-an-les-bleus-de-dupont-remportaient-l-or-olympique-exclu-CNT000002jLfp7.html\" rel=\"nofollow noopener\" target=\"_blank\">Au lendemain du sacre des co\u00e9quipiers d&rsquo;Antoine Dupont en rugby \u00e0 7<\/a>, la Fran\u00e7aise a \u00e0 son tour particip\u00e9 pleinement \u00e0 la f\u00eate. Sur les collines d&rsquo;Elancourt, \u00ab\u00a0PFP\u00a0\u00bb avait alors survol\u00e9 l&rsquo;\u00e9preuve de VTT cross-country il y a pile un an, le 28 juillet 2024. Impressionnante, <a href=\"https:\/\/sports.orange.fr\/cyclisme\/article\/paris-2024-vtt-f-ferrand-prevot-championne-olympique-CNT000002ezRJw.html\" rel=\"nofollow noopener\" target=\"_blank\">la native de Reims avait domin\u00e9 avec la mani\u00e8re ses rivales et s&rsquo;\u00e9tait donc enfin par\u00e9e d&rsquo;or<\/a>, le dernier gros titre qui manquait encore \u00e0 sa collection. \u00ab Pour l&rsquo;instant, j&rsquo;ai du mal \u00e0 y croire. J&rsquo;ai tellement travaill\u00e9 dur pour cette journ\u00e9e qu&rsquo;en fait, j&rsquo;\u00e9tais comme un robot aujourd&rsquo;hui (dimanche). Et oui, je suis super contente, mais je ne sais pas quoi dire tellement c&rsquo;est \u00e9norme \u00bb, avait alors d\u00e9clar\u00e9 sur France TV cette derni\u00e8re, qui pensait sans doute d\u00e9j\u00e0 \u00e0 la suite.<\/p>\n<p><strong>Apr\u00e8s l&rsquo;or olympique, \u00ab FPF \u00bb se mettait \u00e0 r\u00eaver du Tour<\/strong><\/p>\n<p>Car, ce titre lors des JO de Paris 2024 \u00e9tait la fin d&rsquo;un long chapitre pour elle. En effet, quelques jours apr\u00e8s, Ferrand-Pr\u00e9v\u00f4t avait annonc\u00e9 arr\u00eater le VTT pour faire son grand retour au cyclisme sur route. \u00ab Je suis toujours aussi passionn\u00e9e, j&rsquo;aime m&rsquo;entra\u00eener et j&rsquo;aime ce que je fais, donc pourquoi pas retourner sur la route pour faire le Tour de France Femmes et essayer de le remporter, ce sera mon prochain challenge. J&rsquo;arr\u00eate le VTT \u00e0 la fin de l&rsquo;ann\u00e9e, \u00e7a, c&rsquo;est s\u00fbr. Pourquoi ? Parce que j&rsquo;ai fait le tour, je pense. M\u00eame si je n&rsquo;avais pas fait ce r\u00e9sultat aujourd&rsquo;hui (dimanche), je me dis qu&rsquo;il faut finir un jour. C&rsquo;\u00e9tait la bonne ann\u00e9e, je ne me voyais pas repartir sur un cycle de quatre ans \u00bb, avait-elle expliqu\u00e9 sur le plateau de \u00ab\u00a0Quels Jeux !\u00a0\u00bb. Victorieuse de Paris-Roubaix il y a quelques semaines, \u00ab\u00a0PFP\u00a0\u00bb est d\u00e9sormais en lice pour atteindre son nouveau r\u00eave. Actuellement 3e du classement g\u00e9n\u00e9ral, la Fran\u00e7aise va tenter de briller \u00e0 nouveau ces prochains jours.<\/p>\n","protected":false},"excerpt":{"rendered":"Guillaume Marion, Media365 : publi\u00e9 le lundi 28 juillet 2025 \u00e0 21h00 Il y a un an, le&hellip;\n","protected":false},"author":2,"featured_media":281023,"comment_status":"","ping_status":"","sticky":false,"template":"","format":"standard","meta":{"footnotes":""},"categories":[1411],"tags":[1154,207,1011,27,60],"class_list":{"0":"post-281022","1":"post","2":"type-post","3":"status-publish","4":"format-standard","5":"has-post-thumbnail","7":"category-cyclisme","8":"tag-cycling","9":"tag-cyclisme","10":"tag-fr","11":"tag-france","12":"tag-sports"},"share_on_mastodon":{"url":"https:\/\/pubeurope.com\/@fr\/114934386777462620","error":""},"_links":{"self":[{"href":"https:\/\/www.europesays.com\/fr\/wp-json\/wp\/v2\/posts\/281022","targetHints":{"allow":["GET"]}}],"collection":[{"href":"https:\/\/www.europesays.com\/fr\/wp-json\/wp\/v2\/posts"}],"about":[{"href":"https:\/\/www.europesays.com\/fr\/wp-json\/wp\/v2\/types\/post"}],"author":[{"embeddable":true,"href":"https:\/\/www.europesays.com\/fr\/wp-json\/wp\/v2\/users\/2"}],"replies":[{"embeddable":true,"href":"https:\/\/www.europesays.com\/fr\/wp-json\/wp\/v2\/comments?post=281022"}],"version-history":[{"count":0,"href":"https:\/\/www.europesays.com\/fr\/wp-json\/wp\/v2\/posts\/281022\/revisions"}],"wp:featuredmedia":[{"embeddable":true,"href":"https:\/\/www.europesays.com\/fr\/wp-json\/wp\/v2\/media\/281023"}],"wp:attachment":[{"href":"https:\/\/www.europesays.com\/fr\/wp-json\/wp\/v2\/media?parent=281022"}],"wp:term":[{"taxonomy":"category","embeddable":true,"href":"https:\/\/www.europesays.com\/fr\/wp-json\/wp\/v2\/categories?post=281022"},{"taxonomy":"post_tag","embeddable":true,"href":"https:\/\/www.europesays.com\/fr\/wp-json\/wp\/v2\/tags?post=281022"}],"curies":[{"name":"wp","href":"https:\/\/api.w.org\/{rel}","templated":true}]}}