{"id":281028,"date":"2025-07-29T03:28:13","date_gmt":"2025-07-29T03:28:13","guid":{"rendered":"https:\/\/www.europesays.com\/fr\/281028\/"},"modified":"2025-07-29T03:28:13","modified_gmt":"2025-07-29T03:28:13","slug":"la-fouillade-succes-sur-toute-la-ligne-pour-le-festival-des-livres","status":"publish","type":"post","link":"https:\/\/www.europesays.com\/fr\/281028\/","title":{"rendered":"La Fouillade. Succ\u00e8s sur toute la ligne pour le festival des Livres"},"content":{"rendered":"<p>Il flotte toujours un petit quelque chose dans l\u2019air de La Fouillade, quand arrive la fin juillet. Une sorte de vibration discr\u00e8te, un parfum de papier neuf et d\u2019encre fra\u00eeche, qui pr\u00e9c\u00e8de ce rendez-vous devenu d\u00e9sormais incontournable : le Festival des Livres. Et cette \u00e9dition, tenue en ce dernier samedi de juillet, n\u2019a pas failli \u00e0 la r\u00e8gle. Car ici, les livres ne sont pas seulement des objets, ils sont des passeurs, des compagnons, des \u00e9claireurs. Et les auteurs, qu\u2019ils soient romanciers du coin, sc\u00e9naristes de mangas, b\u00e9d\u00e9istes aux bulles inspir\u00e9es ou conteurs venus d\u2019ailleurs, sont re\u00e7us comme des h\u00f4tes de choix. Le terroir, lui, veille en toile de fond. On sent qu\u2019il y a l\u00e0 une volont\u00e9 assum\u00e9e d\u2019enraciner la manifestation dans son territoire, tout en laissant les portes grandes ouvertes \u00e0 l\u2019imaginaire. C\u2019est un salon en int\u00e9rieur, une agora tranquille o\u00f9 les mots circulent, o\u00f9 les lecteurs passent d\u2019une histoire \u00e0 l\u2019autre, d\u2019un style \u00e0 l\u2019autre, comme on traverse un champ sem\u00e9 de curiosit\u00e9s. Les enfants d\u00e9couvrent un monde en bulles, les adultes prennent le temps de discuter avec les auteurs, de repartir souvent avec un livre d\u00e9dicac\u00e9, ou bien avec une \u00e9tincelle en plus dans les yeux.<\/p>\n<p>Et puis il y a ce charme propre au Festival des Livres : celui de ne pas en faire trop, de garder la mesure, tout en d\u00e9roulant un vrai tapis rouge aux \u00e9crivains. Pas celui des paillettes, mais celui tiss\u00e9 de respect, de rencontres sinc\u00e8res, d\u2019instants partag\u00e9s autour de l\u2019amour des histoires.<\/p>\n<p>Point d\u2019orgue d\u2019un \u00e9t\u00e9 fouilladais peu rempli, le festival poursuit son bonhomme de chemin, fid\u00e8le \u00e0 lui-m\u00eame, sans bruit mais avec c\u0153ur. Et dans le murmure des pages qui se tournent, il laisse derri\u00e8re lui une certitude : \u00e0 La Fouillade, les livres ont trouv\u00e9 leur village.<\/p>\n","protected":false},"excerpt":{"rendered":"Il flotte toujours un petit quelque chose dans l\u2019air de La Fouillade, quand arrive la fin juillet. Une&hellip;\n","protected":false},"author":2,"featured_media":281029,"comment_status":"","ping_status":"","sticky":false,"template":"","format":"standard","meta":{"footnotes":""},"categories":[1357],"tags":[1379,58,59,1011,27,1380],"class_list":{"0":"post-281028","1":"post","2":"type-post","3":"status-publish","4":"format-standard","5":"has-post-thumbnail","7":"category-livres","8":"tag-books","9":"tag-divertissement","10":"tag-entertainment","11":"tag-fr","12":"tag-france","13":"tag-livres"},"share_on_mastodon":{"url":"https:\/\/pubeurope.com\/@fr\/114934402503970660","error":""},"_links":{"self":[{"href":"https:\/\/www.europesays.com\/fr\/wp-json\/wp\/v2\/posts\/281028","targetHints":{"allow":["GET"]}}],"collection":[{"href":"https:\/\/www.europesays.com\/fr\/wp-json\/wp\/v2\/posts"}],"about":[{"href":"https:\/\/www.europesays.com\/fr\/wp-json\/wp\/v2\/types\/post"}],"author":[{"embeddable":true,"href":"https:\/\/www.europesays.com\/fr\/wp-json\/wp\/v2\/users\/2"}],"replies":[{"embeddable":true,"href":"https:\/\/www.europesays.com\/fr\/wp-json\/wp\/v2\/comments?post=281028"}],"version-history":[{"count":0,"href":"https:\/\/www.europesays.com\/fr\/wp-json\/wp\/v2\/posts\/281028\/revisions"}],"wp:featuredmedia":[{"embeddable":true,"href":"https:\/\/www.europesays.com\/fr\/wp-json\/wp\/v2\/media\/281029"}],"wp:attachment":[{"href":"https:\/\/www.europesays.com\/fr\/wp-json\/wp\/v2\/media?parent=281028"}],"wp:term":[{"taxonomy":"category","embeddable":true,"href":"https:\/\/www.europesays.com\/fr\/wp-json\/wp\/v2\/categories?post=281028"},{"taxonomy":"post_tag","embeddable":true,"href":"https:\/\/www.europesays.com\/fr\/wp-json\/wp\/v2\/tags?post=281028"}],"curies":[{"name":"wp","href":"https:\/\/api.w.org\/{rel}","templated":true}]}}