{"id":281030,"date":"2025-07-29T03:29:22","date_gmt":"2025-07-29T03:29:22","guid":{"rendered":"https:\/\/www.europesays.com\/fr\/281030\/"},"modified":"2025-07-29T03:29:22","modified_gmt":"2025-07-29T03:29:22","slug":"je-pensais-avoir-des-problemes-patrick-labyorteaux-andy-se-confie-sur-un-moment-particulier-avec-michael-landon","status":"publish","type":"post","link":"https:\/\/www.europesays.com\/fr\/281030\/","title":{"rendered":"\u00ab\u00a0Je pensais avoir des probl\u00e8mes&#8230;\u00a0\u00bb Patrick Labyorteaux (Andy) se confie sur un moment particulier avec Michael Landon"},"content":{"rendered":"<p>Patrick Labyorteaux restera dans le c\u0153ur de ses fans l&rsquo;\u00e9ternel Andy Garvey dans La Petite Maison dans la prairie. Dans un entretien accord\u00e9 au site am\u00e9ricain BuzzFeed, l&rsquo;acteur a fait des confidences sur un moment qu&rsquo;il a pass\u00e9 avec le regrett\u00e9 Michael Landon, qui restera \u00e0 jamais grav\u00e9 dans sa m\u00e9moire.<\/p>\n<p>Apr\u00e8s avoir figur\u00e9 dans la com\u00e9die musicale Mame avec<a href=\"https:\/\/www.programme-tv.net\/news\/cinema\/290018-being-the-ricardos-prime-video-qui-etait-lucille-ball-quincarne-nicole-kidman-dans-le-film\/\" data-api-deeplink=\"teleloisirs:\/\/news\/290018\" target=\"_blank\" rel=\"noopener\"> \u00ab\u00a0la reine de la t\u00e9l\u00e9\u00a0\u00bb Lucille Ball<\/a>, la vie de Patrick Labyorteaux a radicalement chang\u00e9 gr\u00e2ce \u00e0 son r\u00f4le dans La Petite Maison dans la prairie, disponible sur la plateforme M6+. <a href=\"https:\/\/www.programme-tv.net\/news\/series-tv\/361820-la-petite-maison-dans-la-prairie-ces-deux-acteurs-de-la-serie-sont-freres-dans-la-vie\/\" data-api-deeplink=\"teleloisirs:\/\/news\/361820\" target=\"_blank\" rel=\"noopener\">Aux c\u00f4t\u00e9s de son fr\u00e8re Matthew Labyorteaux<\/a>, il a incarn\u00e9 Andy Garvey dans cette s\u00e9rie dont il \u00e9tait fan. \u00ab\u00a0J&rsquo;\u00e9tais fan de La Petite Maison dans la prairie parce que j&rsquo;avais le m\u00eame \u00e2ge que <a href=\"https:\/\/www.programme-tv.net\/biographie\/1163-gilbert-melissa\/\" data-link-people=\"c17d5789-f960-4e61-b99f-86becc851efb\" target=\"_blank\" rel=\"noopener\">Melissa [Gilbert<\/a>] et j&rsquo;adorais voir une enfant de mon \u00e2ge vivre toutes ces aventures\u00a0\u00bb, a-t-il racont\u00e9 au site am\u00e9ricain BuzzFeed, avant d&rsquo;\u00e9voquer le processus d&rsquo;audition pour le r\u00f4le du meilleur ami de Laura Ingalls. \u00ab\u00a0Ma m\u00e8re m&rsquo;a annonc\u00e9 que j&rsquo;avais une audition pour Paramount. J&rsquo;ai auditionn\u00e9 pour Susie Sukman, la directrice de casting. Elle m&rsquo;a dit : &lsquo;Je veux que tu auditionnes avec Michael Landon&rsquo;, et il s&rsquo;est av\u00e9r\u00e9 que c&rsquo;\u00e9tait pour La Petite Maison dans la prairie. Je me suis dit : &lsquo;Super, j&rsquo;adore La Petite Maison dans la prairie'\u00a0\u00bb.<\/p>\n<p>                        <b>La Petite Maison dans la prairie<\/b><b> : Patrick Labyorteaux se souvient de l&rsquo;audition qu&rsquo;il a pass\u00e9e en pr\u00e9sence de Michael Landon<\/b><\/p>\n<p>\u00ab\u00a0Ils tournaient \u00e0 Simi Valley ce jour-l\u00e0, \u00e0 environ 90 minutes des studios Paramount \u00e0 Hollywood, donc ils nous ont mis dans un bus. Il y avait moi, ma m\u00e8re et cinq autres enfants avec leurs m\u00e8res. On est all\u00e9s l\u00e0-bas, et ils avaient install\u00e9 un camp de base o\u00f9 tous les gros camions et les g\u00e9n\u00e9rateurs \u00e9taient regroup\u00e9s. On arrivait sur cette colline, et il y avait Walnut Grove, comme on le conna\u00eet tous, et sous l&rsquo;arbre principal, au milieu de la place, se trouvait Michael Landon, habill\u00e9 en Papa\u00a0\u00bb, s&rsquo;est rem\u00e9mor\u00e9 l&rsquo;acteur de 60 ans. \u00ab\u00a0Michael avait ce don incroyable de vous faire sentir comme un type comme les autres, m\u00eame s&rsquo;il s&rsquo;appelait Michael Landon. On a auditionn\u00e9, puis il nous a tous rassembl\u00e9s. J&rsquo;\u00e9tais juste \u00e0 c\u00f4t\u00e9 de lui, il m&rsquo;a pris dans ses bras et m&rsquo;a dit : &lsquo;Je tiens \u00e0 remercier tout le monde d&rsquo;\u00eatre venu lire. On vous tiendra au courant d\u00e8s qu&rsquo;on aura pris notre d\u00e9cision&rsquo;. On s&rsquo;appr\u00eatait tous \u00e0 partir, et il s&rsquo;est pench\u00e9 vers moi. Il m&rsquo;a dit : &lsquo;Reste ici&rsquo;, et il l&rsquo;a dit d&rsquo;une mani\u00e8re qui laissait penser que j&rsquo;allais avoir des probl\u00e8mes\u00a0\u00bb.<\/p>\n<p>            <b>La Petite Maison dans la prairie <\/b><b>: Patrick Labyorteaux a appris qu&rsquo;il avait d\u00e9croch\u00e9 le r\u00f4le d&rsquo;Andy de la bouche de Michael Landon <\/b><\/p>\n<p>Patrick Labyorteaux a fini par obtenir le r\u00f4le d&rsquo;Andy Garvey, et c&rsquo;est Michael Landon lui-m\u00eame qui lui a annonc\u00e9 la bonne nouvelle. \u00ab\u00a0Tout le monde est parti. Et il a dit : &lsquo;OK, tu as le r\u00f4le, mon petit !&rsquo; Je n&rsquo;en croyais pas mes yeux\u00a0\u00bb, s&rsquo;est souvenue la star de JAG. \u00ab\u00a0Je suis all\u00e9 \u00e0 la garde-robe, j&rsquo;ai essay\u00e9 des tenues et le lendemain, j&rsquo;ai commenc\u00e9 \u00e0 travailler. Mercredi, je regardais la s\u00e9rie, et vendredi, j&rsquo;y \u00e9tais !\u00a0\u00bb<\/p>\n<p>Article \u00e9crit en collaboration avec 6M\u00e9dias<\/p>\n","protected":false},"excerpt":{"rendered":"Patrick Labyorteaux restera dans le c\u0153ur de ses fans l&rsquo;\u00e9ternel Andy Garvey dans La Petite Maison dans la&hellip;\n","protected":false},"author":2,"featured_media":281031,"comment_status":"","ping_status":"","sticky":false,"template":"","format":"standard","meta":{"footnotes":""},"categories":[1356],"tags":[5635,244,58,59,1011,27,42067,42066,10395,10396,4496,129,252,1364],"class_list":{"0":"post-281030","1":"post","2":"type-post","3":"status-publish","4":"format-standard","5":"has-post-thumbnail","7":"category-television","8":"tag-6play","9":"tag-commentaire","10":"tag-divertissement","11":"tag-entertainment","12":"tag-fr","13":"tag-france","14":"tag-la-petite-maison-dans-la-prairie","15":"tag-michael-landon","16":"tag-pub-streaming","17":"tag-su00e9ries-nostalgie","18":"tag-superstream","19":"tag-svod","20":"tag-television","21":"tag-tv"},"share_on_mastodon":{"url":"https:\/\/pubeurope.com\/@fr\/114934406412329879","error":""},"_links":{"self":[{"href":"https:\/\/www.europesays.com\/fr\/wp-json\/wp\/v2\/posts\/281030","targetHints":{"allow":["GET"]}}],"collection":[{"href":"https:\/\/www.europesays.com\/fr\/wp-json\/wp\/v2\/posts"}],"about":[{"href":"https:\/\/www.europesays.com\/fr\/wp-json\/wp\/v2\/types\/post"}],"author":[{"embeddable":true,"href":"https:\/\/www.europesays.com\/fr\/wp-json\/wp\/v2\/users\/2"}],"replies":[{"embeddable":true,"href":"https:\/\/www.europesays.com\/fr\/wp-json\/wp\/v2\/comments?post=281030"}],"version-history":[{"count":0,"href":"https:\/\/www.europesays.com\/fr\/wp-json\/wp\/v2\/posts\/281030\/revisions"}],"wp:featuredmedia":[{"embeddable":true,"href":"https:\/\/www.europesays.com\/fr\/wp-json\/wp\/v2\/media\/281031"}],"wp:attachment":[{"href":"https:\/\/www.europesays.com\/fr\/wp-json\/wp\/v2\/media?parent=281030"}],"wp:term":[{"taxonomy":"category","embeddable":true,"href":"https:\/\/www.europesays.com\/fr\/wp-json\/wp\/v2\/categories?post=281030"},{"taxonomy":"post_tag","embeddable":true,"href":"https:\/\/www.europesays.com\/fr\/wp-json\/wp\/v2\/tags?post=281030"}],"curies":[{"name":"wp","href":"https:\/\/api.w.org\/{rel}","templated":true}]}}