{"id":281032,"date":"2025-07-29T03:30:16","date_gmt":"2025-07-29T03:30:16","guid":{"rendered":"https:\/\/www.europesays.com\/fr\/281032\/"},"modified":"2025-07-29T03:30:16","modified_gmt":"2025-07-29T03:30:16","slug":"kendji-girac-regrette-avoir-lisse-son-image-dans-le-passe-et-explique-pourquoi-il-ne-veut-plus-le-faire","status":"publish","type":"post","link":"https:\/\/www.europesays.com\/fr\/281032\/","title":{"rendered":"Kendji Girac regrette avoir \u00ab\u00a0liss\u00e9\u00a0\u00bb son image dans le pass\u00e9, et explique pourquoi il ne veut plus le faire"},"content":{"rendered":"<p>Pr\u00e9sent \u00e0 la 31e \u00e9dition des Francofolies de Spa, Kendji Girac est remont\u00e9 sur sc\u00e8ne apr\u00e8s un \u00e9pisode sombre de sa vie priv\u00e9e, qui a \u00e9t\u00e9 largement m\u00e9diatis\u00e9 sur les r\u00e9seaux sociaux. L&rsquo;occasion pour le chanteur de 29 ans, qui vient de devenir p\u00e8re pour la seconde fois, de s&rsquo;exprimer sur l&rsquo;image qu&rsquo;il veut d\u00e9sormais renvoyer \u00e0 son public.<\/p>\n<p>Il est l&rsquo;un des chanteurs les plus populaires et f\u00e9d\u00e9rateurs de la vari\u00e9t\u00e9 fran\u00e7aise. <a href=\"https:\/\/www.programme-tv.net\/news\/tele-realite\/47422-the-voice-3-kendji-girac-deja-star-du-web-video\/\" data-api-deeplink=\"teleloisirs:\/\/news\/47422\" target=\"_blank\" rel=\"noopener\">Depuis sa victoire \u00e0 The Voice en 2014<\/a>, Kendji Girac a sorti six albums, avec des tubes dont Andalouse, Les yeux de la mama ou encore Habibi. D&rsquo;origine gitane catalane, celui qui a grandi s\u00e9dentaris\u00e9 en Dordogne a r\u00e9cemment travers\u00e9 un \u00e9pisode sombre de sa vie priv\u00e9e qui a \u00e9t\u00e9 largement \u00e9voqu\u00e9 dans les m\u00e9dias et les r\u00e9seaux sociaux : <a href=\"https:\/\/www.programme-tv.net\/news\/people\/355880-je-me-suis-perdu-kendji-girac-prend-la-parole-pour-la-premiere-fois-depuis-le-drame-et-exprime-des-regrets\/\" data-api-deeplink=\"teleloisirs:\/\/news\/355880\" target=\"_blank\" rel=\"noopener\">il s&rsquo;est lui-m\u00eame bless\u00e9 par balles<\/a>, dans la nuit du 21 au 22 avril 2024 au niveau de la poitrine, pour simuler un suicide alors que sa compagne Soraya Miranda lui aurait annonc\u00e9 son d\u00e9sir de rompre. Des faits qui ont suscit\u00e9 une vive pol\u00e9mique et l&rsquo;ouverture une enqu\u00eate, finalement class\u00e9e sans suite. Plus d&rsquo;un an apr\u00e8s ce chapitre m\u00e9diatico-judiciaire embarrassant, l&rsquo;interpr\u00e8te de Maria Maria a accord\u00e9 une interview pour TV5 Monde, parue ce 26 juillet 2025, dans laquelle il a notamment \u00e9voqu\u00e9 l&rsquo;image qu&rsquo;il souhaite d\u00e9sormais v\u00e9hiculer aupr\u00e8s de son public.<\/p>\n<p>                        Kendji Girac est \u00ab\u00a0tomb\u00e9\u00a0\u00bb mais a su se relever<\/p>\n<p>De retour sur sc\u00e8ne devant le public belge de la 31e \u00e9dition des Francofolies de Spa, Kendji Girac s&rsquo;est exprim\u00e9 face \u00e0 Patrick Simonin sur son \u00e9tat d&rsquo;esprit par rapport \u00e0 l&rsquo;image qu&rsquo;il renvoie. \u00ab\u00a0Depuis le d\u00e9but, j&rsquo;ai toujours liss\u00e9 mon image et l\u00e0, c&rsquo;est fini. Il n&rsquo;y a plus de lissage : on est comme on est, humain avant tout. Je pense qu&rsquo;il ne faut pas mentir au public. On avance et montrer la vraie personne qu&rsquo;on est, c&rsquo;est une sorte de cadeau sinc\u00e8re qu&rsquo;on offre aux gens, ne pas se cacher derri\u00e8re ces belles vid\u00e9os\u00a0\u00bb, a estim\u00e9 le chanteur, <a href=\"https:\/\/www.programme-tv.net\/news\/people\/66841-eva-longoria-kendji-est-un-ami-il-parle-de-moi-dans-une-de-ses-chansons-video\/\" data-api-deeplink=\"teleloisirs:\/\/news\/66841\" target=\"_blank\" rel=\"noopener\">connu pour ses chansons solaires et dansantes<\/a>. L&rsquo;occasion pour lui d&rsquo;\u00e9voquer \u00e0 demi-mot la p\u00e9riode sombre qu&rsquo;il a travers\u00e9e ces derniers mois : \u00ab\u00a0On a des fragilit\u00e9s, on est tomb\u00e9 mais on a su se relever et c&rsquo;est le plus important\u00a0\u00bb.<\/p>\n<p>            Kendji Girac p\u00e8re pour la deuxi\u00e8me fois avec sa compagne Soraya<\/p>\n<p>Pour TV5 Monde, Kendji Girac est revenu sur sa chanson J&rsquo;ai chang\u00e9, d\u00e9di\u00e9e \u00e0 son \u00e9pouse, <a href=\"https:\/\/www.programme-tv.net\/news\/people\/351878-kendji-girac-qui-est-soraya-miranda-sa-discrete-compagne\/\" data-api-deeplink=\"teleloisirs:\/\/news\/351878\" target=\"_blank\" rel=\"noopener\">dont il partage la vie depuis une dizaine d&rsquo;ann\u00e9es<\/a>. \u00ab\u00a0Oui, j&rsquo;ai chang\u00e9 et c&rsquo;\u00e9tait important de le chanter. Ce sont des th\u00e8mes importants et qui font partie de moi. J&rsquo;ai \u00e9t\u00e9 chercher dans mes sentiments, dans la vie que je vis et celle je vais vivre\u00a0\u00bb, a-t-il assur\u00e9, lui qui vient d&rsquo;accueillir il y a quelques semaines avec sa compagne Soraya Miranda <a href=\"https:\/\/www.programme-tv.net\/news\/people\/379159-kendji-girac-papa-pour-la-deuxieme-fois-pluie-d-amour-et-de-messages-de-stars-apres-la-naissance-de-son-fils\/\" data-api-deeplink=\"teleloisirs:\/\/news\/379159\" target=\"_blank\" rel=\"noopener\">leur deuxi\u00e8me enfant<\/a>.<\/p>\n","protected":false},"excerpt":{"rendered":"Pr\u00e9sent \u00e0 la 31e \u00e9dition des Francofolies de Spa, Kendji Girac est remont\u00e9 sur sc\u00e8ne apr\u00e8s un \u00e9pisode&hellip;\n","protected":false},"author":2,"featured_media":281033,"comment_status":"","ping_status":"","sticky":false,"template":"","format":"standard","meta":{"footnotes":""},"categories":[1355],"tags":[244,9260,58,59,1011,27,12294,7780,1361,873,9482,5251],"class_list":{"0":"post-281032","1":"post","2":"type-post","3":"status-publish","4":"format-standard","5":"has-post-thumbnail","7":"category-musique","8":"tag-commentaire","9":"tag-confidences","10":"tag-divertissement","11":"tag-entertainment","12":"tag-fr","13":"tag-france","14":"tag-fru00e9du00e9ric-lopez","15":"tag-kendji-girac","16":"tag-music","17":"tag-musique","18":"tag-rendez-vous-en-terre-inconnue","19":"tag-tu00e9lu00e9-loisirs"},"share_on_mastodon":{"url":"https:\/\/pubeurope.com\/@fr\/114934410358716296","error":""},"_links":{"self":[{"href":"https:\/\/www.europesays.com\/fr\/wp-json\/wp\/v2\/posts\/281032","targetHints":{"allow":["GET"]}}],"collection":[{"href":"https:\/\/www.europesays.com\/fr\/wp-json\/wp\/v2\/posts"}],"about":[{"href":"https:\/\/www.europesays.com\/fr\/wp-json\/wp\/v2\/types\/post"}],"author":[{"embeddable":true,"href":"https:\/\/www.europesays.com\/fr\/wp-json\/wp\/v2\/users\/2"}],"replies":[{"embeddable":true,"href":"https:\/\/www.europesays.com\/fr\/wp-json\/wp\/v2\/comments?post=281032"}],"version-history":[{"count":0,"href":"https:\/\/www.europesays.com\/fr\/wp-json\/wp\/v2\/posts\/281032\/revisions"}],"wp:featuredmedia":[{"embeddable":true,"href":"https:\/\/www.europesays.com\/fr\/wp-json\/wp\/v2\/media\/281033"}],"wp:attachment":[{"href":"https:\/\/www.europesays.com\/fr\/wp-json\/wp\/v2\/media?parent=281032"}],"wp:term":[{"taxonomy":"category","embeddable":true,"href":"https:\/\/www.europesays.com\/fr\/wp-json\/wp\/v2\/categories?post=281032"},{"taxonomy":"post_tag","embeddable":true,"href":"https:\/\/www.europesays.com\/fr\/wp-json\/wp\/v2\/tags?post=281032"}],"curies":[{"name":"wp","href":"https:\/\/api.w.org\/{rel}","templated":true}]}}