{"id":281034,"date":"2025-07-29T03:31:31","date_gmt":"2025-07-29T03:31:31","guid":{"rendered":"https:\/\/www.europesays.com\/fr\/281034\/"},"modified":"2025-07-29T03:31:31","modified_gmt":"2025-07-29T03:31:31","slug":"je-ne-me-ferme-a-rien-un-sixieme-taxi-pourrait-il-voir-le-jour","status":"publish","type":"post","link":"https:\/\/www.europesays.com\/fr\/281034\/","title":{"rendered":"\u00ab\u00a0Je ne me ferme \u00e0 rien\u00a0\u00bb\u00a0: un sixi\u00e8me \u00ab\u00a0Taxi\u00a0\u00bb pourrait-il voir le jour\u00a0?"},"content":{"rendered":"<p class=\"paragraph text_align_left lp-f-body-02\">La Peugeot 406 est toujours en vogue. Depuis d\u00e9but juillet, TF 1 rediffuse tous les mardis les films de la saga \u00ab Taxi \u00bb, coproduits par <a href=\"https:\/\/www.leparisien.fr\/culture-loisirs\/cinema\/on-a-vu-le-dernier-luc-besson-june-john-et-cest-tres-bien-18-04-2025-HVTMF7YKFVDWBPVDRFJAMU7FJA.php\" target=\"_self\" rel=\"nofollow noopener\">Luc Besson<\/a>. Une franchise qui conserve son succ\u00e8s puisque le premier volet a \u00e9t\u00e9 suivi par 2,79 millions de t\u00e9l\u00e9spectateurs le 2 juillet dernier. Le deuxi\u00e8me est, lui, arriv\u00e9 en t\u00eate des audiences avec pr\u00e8s de 19 % du public ayant suivi les aventures de Daniel et \u00c9milien.<\/p>\n<p class=\"paragraph text_align_left lp-f-body-02\">Alors que les deux derniers opus vont \u00eatre diffus\u00e9s ce mardi et la semaine prochaine, une question reste en suspens : la soci\u00e9t\u00e9 de production EuropaCorp, cofond\u00e9e par Luc Besson, pourrait-elle renouveler l\u2019aventure pour un sixi\u00e8me \u00e9pisode ?<\/p>\n","protected":false},"excerpt":{"rendered":"La Peugeot 406 est toujours en vogue. Depuis d\u00e9but juillet, TF 1 rediffuse tous les mardis les films&hellip;\n","protected":false},"author":2,"featured_media":281035,"comment_status":"","ping_status":"","sticky":false,"template":"","format":"standard","meta":{"footnotes":""},"categories":[1354],"tags":[650,872,58,59,1346,1011,27,1360],"class_list":{"0":"post-281034","1":"post","2":"type-post","3":"status-publish","4":"format-standard","5":"has-post-thumbnail","7":"category-films","8":"tag-cinema","9":"tag-culture-et-loisirs","10":"tag-divertissement","11":"tag-entertainment","12":"tag-films","13":"tag-fr","14":"tag-france","15":"tag-movies"},"share_on_mastodon":{"url":"https:\/\/pubeurope.com\/@fr\/114934414475561300","error":""},"_links":{"self":[{"href":"https:\/\/www.europesays.com\/fr\/wp-json\/wp\/v2\/posts\/281034","targetHints":{"allow":["GET"]}}],"collection":[{"href":"https:\/\/www.europesays.com\/fr\/wp-json\/wp\/v2\/posts"}],"about":[{"href":"https:\/\/www.europesays.com\/fr\/wp-json\/wp\/v2\/types\/post"}],"author":[{"embeddable":true,"href":"https:\/\/www.europesays.com\/fr\/wp-json\/wp\/v2\/users\/2"}],"replies":[{"embeddable":true,"href":"https:\/\/www.europesays.com\/fr\/wp-json\/wp\/v2\/comments?post=281034"}],"version-history":[{"count":0,"href":"https:\/\/www.europesays.com\/fr\/wp-json\/wp\/v2\/posts\/281034\/revisions"}],"wp:featuredmedia":[{"embeddable":true,"href":"https:\/\/www.europesays.com\/fr\/wp-json\/wp\/v2\/media\/281035"}],"wp:attachment":[{"href":"https:\/\/www.europesays.com\/fr\/wp-json\/wp\/v2\/media?parent=281034"}],"wp:term":[{"taxonomy":"category","embeddable":true,"href":"https:\/\/www.europesays.com\/fr\/wp-json\/wp\/v2\/categories?post=281034"},{"taxonomy":"post_tag","embeddable":true,"href":"https:\/\/www.europesays.com\/fr\/wp-json\/wp\/v2\/tags?post=281034"}],"curies":[{"name":"wp","href":"https:\/\/api.w.org\/{rel}","templated":true}]}}