{"id":281043,"date":"2025-07-29T03:37:14","date_gmt":"2025-07-29T03:37:14","guid":{"rendered":"https:\/\/www.europesays.com\/fr\/281043\/"},"modified":"2025-07-29T03:37:14","modified_gmt":"2025-07-29T03:37:14","slug":"la-federation-de-balconning-des-baleares-recense-les-chutes-mortelles-et-provoque-un-tolle","status":"publish","type":"post","link":"https:\/\/www.europesays.com\/fr\/281043\/","title":{"rendered":"La F\u00e9d\u00e9ration de \u00ab\u00a0balconning\u00a0\u00bb des Bal\u00e9ares recense les chutes mortelles et provoque un toll\u00e9"},"content":{"rendered":"<p>La controverse autour du \u00ab\u00a0compteur de balconing\u00a0\u00bb enflamme d\u00e9sormais le <a href=\"https:\/\/www.20minutes.fr\/monde\/royaume-uni\/\" target=\"_blank\" class=\"color-ultramarine c-link\" rel=\"nofollow noopener\">Royaume-Uni<\/a>, o\u00f9 de nombreux responsables politiques et citoyens d\u00e9noncent une initiative jug\u00e9e choquante. La <a href=\"https:\/\/www.balcon.ing\" rel=\"nofollow noopener\" target=\"_blank\" class=\"color-ultramarine c-link\">F\u00e9d\u00e9ration Bal\u00e9are de Balconing<\/a>, collectif anonyme \u00e0 l\u2019origine de ce classement macabre, comptabilise les morts et bless\u00e9s tomb\u00e9s de balcons aux Bal\u00e9ares et publie ses chiffres sur les r\u00e9seaux sociaux et son site web, provoquant un toll\u00e9 outre-Manche.<\/p>\n<p>Selon <a href=\"https:\/\/www.ultimahora.es\/noticias\/local\/2025\/07\/27\/2438459\/indignacion-reino-unido-por-contador-federacion-balear-balconing-absolutamente-vil.html\" rel=\"nofollow noopener\" target=\"_blank\" class=\"color-ultramarine c-link\">Ultima Hora<\/a>, la F\u00e9d\u00e9ration revendique l\u2019usage de l\u2019humour noir pour \u00ab\u00a0supporter\u00a0\u00bb ce qu\u2019elle d\u00e9crit comme un \u00ab\u00a0mod\u00e8le touristique sauvage\u00a0\u00bb \u00e0 <a href=\"https:\/\/www.20minutes.fr\/dossier\/majorque\" target=\"_blank\" class=\"color-ultramarine c-link\" rel=\"nofollow noopener\">Majorque<\/a>. Son syst\u00e8me de points, volontairement \u00ab\u00a0simple et neutre\u00a0\u00bb, attribue deux points pour chaque d\u00e9c\u00e8s et un pour chaque bless\u00e9. Le classement, mis \u00e0 jour environ tous les dix jours en haute saison, r\u00e9pertorie les <a href=\"https:\/\/www.20minutes.fr\/dossier\/nationalite\" target=\"_blank\" class=\"color-ultramarine c-link\" rel=\"nofollow noopener\">nationalit\u00e9s<\/a> des victimes ainsi que les communes o\u00f9 les accidents surviennent.<\/p>\n<p>Col\u00e8re des familles devant ce classement<\/p>\n<p>La pol\u00e9mique a \u00e9t\u00e9 relanc\u00e9e par une s\u00e9rie de drames r\u00e9cents. <a href=\"https:\/\/www.20minutes.fr\/sport\/4164751-20250722-gary-kelly-espoir-hockey-glace-ecossais-mort-19-ans-apres-etre-tombe-balcon-ibiza\" rel=\"nofollow noopener\" target=\"_blank\" class=\"color-ultramarine c-link\">Le jeune joueur de hockey sur glace Gary Kelly<\/a> est mort la semaine derni\u00e8re apr\u00e8s une chute du troisi\u00e8me \u00e9tage de l\u2019h\u00f4tel Ibiza Rocks, \u00e0 San Antonio, seulement deux semaines apr\u00e8s la mort d\u2019un autre Ecossais, Evan Thomson, dans le m\u00eame \u00e9tablissement. En avril, une touriste italienne de 19 ans, d\u2019origine turque, a elle aussi perdu la vie dans cet h\u00f4tel appartenant au groupe britannique Ibiza Rocks.<\/p>\n<\/p>\n<p>Cette accumulation d\u2019accidents alimente la col\u00e8re des familles et de plusieurs responsables britanniques, qui jugent intol\u00e9rable la publication d\u2019un classement macabre, per\u00e7u comme une mani\u00e8re de \u00ab\u00a0banaliser\u00a0\u00bb les drames.<\/p>\n<blockquote class=\"twitter-tweet\" align=\"center\" data-lang=\"fr_FR\">\n<p lang=\"ca\" dir=\"ltr\">2 punts m\u00e9s per \ud83c\uddec\ud83c\udde7 i St Antoni!!<\/p>\n<p>Sa Royal Air Force comen\u00e7a a agafar dist\u00e0ncia a sa classificaci\u00f3 i encara no \u00e9s ni Agost&#8230; <\/p>\n<p>St Antoni per altra banda segueix intractable enguany gr\u00e0cies a una temporada impecable. <\/p>\n<p>Sa lliga se comen\u00e7a a decantar&#8230; ACTUALITZAM MARCADORS! <a href=\"https:\/\/t.co\/WyAXFxbXLl\" rel=\"nofollow\">https:\/\/t.co\/WyAXFxbXLl<\/a> <a href=\"https:\/\/t.co\/nuoZRDsyut\" rel=\"nofollow\">pic.twitter.com\/nuoZRDsyut<\/a><\/p>\n<p>\u2014 Federaci\u00f3 Balear de Balconing (@Botquebota) <a href=\"https:\/\/twitter.com\/Botquebota\/status\/1947259660391559606?ref_src=twsrc%5Etfw\" rel=\"nofollow noopener\" target=\"_blank\">July 21, 2025<\/a><\/p><\/blockquote>\n<p class=\"mb-xxl@xs color-ultramarine font-weight-semi-bold@xs font-source-serif-pro heading-s@xs\">L\u2019acc\u00e8s \u00e0 ce contenu a \u00e9t\u00e9 bloqu\u00e9 afin de respecter votre choix de consentement<\/p>\n<p class=\"mb-m@xs text-l@xs\">En cliquant sur\u00ab J\u2019accepte \u00bb, vous acceptez le d\u00e9p\u00f4t de cookies par des services externes et aurez ainsi acc\u00e8s aux contenus de nos partenaires.<\/p>\n<p class=\"mb-xl@xs text-s@xs\">Plus d\u2019informations sur la page<a href=\"https:\/\/www.20minutes.fr\/gestion-cookies\" class=\"mx-xxs@xs color-ultramarine\" rel=\"nofollow noopener\" target=\"_blank\">Politique de gestion des cookies<\/a><\/p>\n<p>J\u2019accepteLe comportement des touristes mis en cause<\/p>\n<p>Face aux critiques, la F\u00e9d\u00e9ration Bal\u00e9are de Balconing a r\u00e9pondu \u00e0 Ultima Hora que les reproches adress\u00e9s depuis le Royaume-Uni \u00ab\u00a0n\u2019incluent pas la moindre remise en question du comportement des touristes et de leurs exc\u00e8s d\u2019alcool \u00e0 l\u2019\u00e9tranger\u00a0\u00bb, invitant chacun \u00e0 \u00ab\u00a0regarder les chiffres et se demander o\u00f9 se trouve le vrai probl\u00e8me\u00a0\u00bb.<\/p>\n<p><a href=\"https:\/\/www.20minutes.fr\/dossier\/espagne\" target=\"_blank\" class=\"c-link c-btn c-btn--primary\" rel=\"nofollow noopener\">Notre dossier sur l&rsquo;Espagne<\/a><\/p>\n<p>Pour ses cr\u00e9ateurs, ce <a href=\"https:\/\/www.20minutes.fr\/dossier\/classement\" target=\"_blank\" class=\"color-ultramarine c-link\" rel=\"nofollow noopener\">classement<\/a> se veut avant tout un \u00ab\u00a0outil de suivi\u00a0\u00bb et un exutoire ironique. Mais il est d\u00e9sormais au c\u0153ur d\u2019un v\u00e9ritable s\u00e9isme m\u00e9diatique et diplomatique, illustrant la fracture grandissante entre les habitants des Bal\u00e9ares et un <a href=\"https:\/\/www.20minutes.fr\/dossier\/tourisme\" target=\"_blank\" class=\"color-ultramarine c-link\" rel=\"nofollow noopener\">tourisme<\/a> de masse parfois tragique.<\/p>\n<p><script async src=\"https:\/\/platform.twitter.com\/widgets.js\" charset=\"utf-8\"><\/script><\/p>\n","protected":false},"excerpt":{"rendered":"La controverse autour du \u00ab\u00a0compteur de balconing\u00a0\u00bb enflamme d\u00e9sormais le Royaume-Uni, o\u00f9 de nombreux responsables politiques et citoyens&hellip;\n","protected":false},"author":2,"featured_media":281044,"comment_status":"","ping_status":"","sticky":false,"template":"","format":"standard","meta":{"footnotes":""},"categories":[5],"tags":[119,47,11,5702,1981,3983,123,1011,27,14,41236,74,12,473,28],"class_list":{"0":"post-281043","1":"post","2":"type-post","3":"status-publish","4":"format-standard","5":"has-post-thumbnail","7":"category-international","8":"tag-accident","9":"tag-actualite","10":"tag-actualites","11":"tag-alcool","12":"tag-classement","13":"tag-deces","14":"tag-espagne","15":"tag-fr","16":"tag-france","17":"tag-international","18":"tag-majorque","19":"tag-monde","20":"tag-news","21":"tag-royaume-uni","22":"tag-world"},"share_on_mastodon":{"url":"https:\/\/pubeurope.com\/@fr\/114934437849861308","error":""},"_links":{"self":[{"href":"https:\/\/www.europesays.com\/fr\/wp-json\/wp\/v2\/posts\/281043","targetHints":{"allow":["GET"]}}],"collection":[{"href":"https:\/\/www.europesays.com\/fr\/wp-json\/wp\/v2\/posts"}],"about":[{"href":"https:\/\/www.europesays.com\/fr\/wp-json\/wp\/v2\/types\/post"}],"author":[{"embeddable":true,"href":"https:\/\/www.europesays.com\/fr\/wp-json\/wp\/v2\/users\/2"}],"replies":[{"embeddable":true,"href":"https:\/\/www.europesays.com\/fr\/wp-json\/wp\/v2\/comments?post=281043"}],"version-history":[{"count":0,"href":"https:\/\/www.europesays.com\/fr\/wp-json\/wp\/v2\/posts\/281043\/revisions"}],"wp:featuredmedia":[{"embeddable":true,"href":"https:\/\/www.europesays.com\/fr\/wp-json\/wp\/v2\/media\/281044"}],"wp:attachment":[{"href":"https:\/\/www.europesays.com\/fr\/wp-json\/wp\/v2\/media?parent=281043"}],"wp:term":[{"taxonomy":"category","embeddable":true,"href":"https:\/\/www.europesays.com\/fr\/wp-json\/wp\/v2\/categories?post=281043"},{"taxonomy":"post_tag","embeddable":true,"href":"https:\/\/www.europesays.com\/fr\/wp-json\/wp\/v2\/tags?post=281043"}],"curies":[{"name":"wp","href":"https:\/\/api.w.org\/{rel}","templated":true}]}}