{"id":281045,"date":"2025-07-29T03:38:11","date_gmt":"2025-07-29T03:38:11","guid":{"rendered":"https:\/\/www.europesays.com\/fr\/281045\/"},"modified":"2025-07-29T03:38:11","modified_gmt":"2025-07-29T03:38:11","slug":"autoroutes-fermees-trafic-aerien-perturbe-de-nouveaux-incendies-declenches-pres-de-marseille","status":"publish","type":"post","link":"https:\/\/www.europesays.com\/fr\/281045\/","title":{"rendered":"Autoroutes ferm\u00e9es, trafic a\u00e9rien perturb\u00e9&#8230; de nouveaux incendies d\u00e9clench\u00e9s pr\u00e8s de Marseille"},"content":{"rendered":"<p>        <img decoding=\"async\" loading=\"lazy\" src=\"https:\/\/www.europesays.com\/fr\/wp-content\/uploads\/2025\/07\/571751e_upload-1-pcvvzpjubqyv-afp-20250714-hl-jmbarrere-2831936-v1-highres-francefiredepartment.jpg\"  width=\"728\" height=\"410\" alt=\"Un impressionnant incendie a touch\u00e9 la p\u00e9riph\u00e9rie de Marseille ce lundi 28\u00a0juillet.\"\/>  <\/p>\n<p>JEAN-MARC BARRERE \/ Hans Lucas via AFP<\/p>\n<p>Un impressionnant incendie a touch\u00e9 la p\u00e9riph\u00e9rie de Marseille ce lundi 28\u00a0juillet.<\/p>\n<p class=\"asset asset-text\">INCENDIE &#8211; Un violent<a href=\"https:\/\/www.huffingtonpost.fr\/france\/article\/bruno-retailleau-previent-que-l-incendie-a-marseille-deja-devastateur-est-le-prelude-d-un-ete-a-haut-risque_252393.html\" rel=\"nofollow noopener\" target=\"_blank\"> incendie au nord de Marseille <\/a>a provoqu\u00e9 ce lundi 28\u00a0juillet apr\u00e8s-midi la fermeture des autoroutes A7 et A51, dans les deux sens, au niveau de l\u2019\u00e9changeur entre ces deux axes, perturbant au passage le trafic a\u00e9rien de la deuxi\u00e8me ville de France.<\/p>\n<p class=\"asset asset-text\">L\u2019incendie, qui a totalement d\u00e9truit \u00ab\u00a0les b\u00e2timents d\u2019une soci\u00e9t\u00e9 de caravaning\u00a0\u00bb, g\u00e9n\u00e9rant un \u00e9norme nuage de fum\u00e9e noire, est parti au niveau de l\u2019\u00e9changeur 517, sur les communes de Sept\u00e8mes-les-Vallons et des Pennes-Mirabeau, \u00e0 une vingtaine de kilom\u00e8tres au nord de Marseille.<\/p>\n<p class=\"asset asset-text\">C\u2019est \u00e0 quelques centaines de m\u00e8tres \u00e0 peine, d\u00e9j\u00e0 aux Pennes-Mirabeau, qu\u2019\u00e9tait parti un important sinistre le 8\u00a0juillet, apr\u00e8s qu\u2019une voiture avait pris feu sur l\u2019A55, plus \u00e0 l\u2019est. Le feu avait alors parcouru 750 hectares de broussailles et de pin\u00e8des et atteint Marseille, ravageant une soixantaine de b\u00e2timents au total dans le quartier de L\u2019Estaque.<\/p>\n<p> La lecture de ce contenu est susceptible d\u2019entra\u00eener un d\u00e9p\u00f4t de cookies de la part de l\u2019op\u00e9rateur tiers qui l\u2019h\u00e9berge. Compte-tenu des choix que vous avez exprim\u00e9s en mati\u00e8re de d\u00e9p\u00f4t de cookies, nous avons bloqu\u00e9 l\u2019affichage de ce contenu. Si vous souhaitez y acc\u00e9der, vous devez accepter la cat\u00e9gorie de cookies \u201cContenus tiers\u201d en cliquant sur le bouton ci-dessous. <\/p>\n<p> Lire la Vid\u00e9o        <\/p>\n<p class=\"asset asset-text\">Face \u00e0 ce nouveau sinistre, 400 pompiers ont \u00e9t\u00e9 mobilis\u00e9s, aid\u00e9s de 100 engins au sol et d\u2019importants moyens a\u00e9riens, avec quatre Canadair, deux avions Dash et deux h\u00e9licopt\u00e8res bombardiers d\u2019eau selon un communiqu\u00e9 de la pr\u00e9fecture des Bouches-du-Rh\u00f4ne.<\/p>\n<p class=\"asset asset-text\">L\u2019objectif \u00e9tait d\u2019\u00e9viter la propagation du feu \u00ab\u00a0vers le massif de l\u2019\u00e9toile\u00a0\u00bb, qui borde la ville de Marseille au nord, et de \u00ab\u00a0prot\u00e9ger des habitations \u00e9ventuelles\u00a0\u00bb, ont indiqu\u00e9 les pompiers dans un communiqu\u00e9, appelant les automobilistes et \u00e0 ne pas \u00ab\u00a0emprunter les axes principaux ni les axes secondaires\u00a0\u00bb pour permettre aux secours d\u2019intervenir.<\/p>\n<p>    Le trafic a\u00e9rien perturb\u00e9    <\/p>\n<p class=\"asset asset-text\">Parti vers 16h40, le feu n\u2019\u00e9voluait plus vers 20h00, apr\u00e8s avoir parcouru 11 hectares, toujours selon la pr\u00e9fecture. Mais il restait actif dans les d\u00e9combres du concessionnaire de camping-cars touch\u00e9. Son origine n\u2019\u00e9tait pas connue lundi soir.<\/p>\n<p class=\"asset asset-text\">Dans les premiers kilom\u00e8tres \u00e0 proximit\u00e9 du feu, l\u2019organisme de mesure de la qualit\u00e9 de l\u2019air AtmoSud a relev\u00e9 des \u00ab\u00a0niveaux \u00e9lev\u00e9s de particules fines et ultrafines\u00a0\u00bb et des \u00ab\u00a0concentrations \u00e9lev\u00e9s de multiples polluants gazeux\u00a0\u00bb.<\/p>\n<p class=\"asset asset-text\">Au-del\u00e0 des importantes perturbations au trafic routier provoqu\u00e9es par la coupure des deux autoroutes au niveau de l\u2019\u00e9changeur, le trafic a\u00e9rien a lui aussi \u00e9t\u00e9 touch\u00e9\u00a0: \u00ab\u00a0Les vols au d\u00e9part et \u00e0 l\u2019arriv\u00e9e sont perturb\u00e9s\u00a0\u00bb, a ainsi pr\u00e9cis\u00e9 l\u2019a\u00e9roport de Marseille-Provence sur son site internet.<\/p>\n<p class=\"asset asset-text\">Contact\u00e9 par l\u2019AFP, le personnel de la maison d\u2019accueil sp\u00e9cialis\u00e9e pour adultes en situation de handicap des Tourelles, situ\u00e9e dans un grand domaine arbor\u00e9, \u00e0 Sept\u00e8mes-les-Vallons, a confirm\u00e9 \u00e0 l\u2019AFP que les pompiers \u00e9taient sur place et que les consignes \u00e9taient de rester confin\u00e9s.<\/p>\n<p class=\"asset asset-text\">Entre le personnel et les r\u00e9sidents, une cinquantaine de personnes \u00e9taient sur place lundi en fin d\u2019apr\u00e8s-midi.<\/p>\n<p>                     Vigilance rouge    <\/p>\n<p class=\"asset asset-text\">En vigilance rouge aux feux de for\u00eats pour la troisi\u00e8me journ\u00e9e cons\u00e9cutive, le d\u00e9partement des Bouches-du-Rh\u00f4ne \u00e9tait frapp\u00e9 par un important mistral lundi, avec des rafales atteignant parfois les 90\u00a0km\/h.<\/p>\n<p class=\"asset asset-text\">D\u00e8s le d\u00e9but de l\u2019incendie, la pr\u00e9fecture des Bouches-du-Rh\u00f4ne avait alert\u00e9 les habitants des deux communes sur leurs t\u00e9l\u00e9phones portables, via un message FR-Alert, les appelant \u00e0 \u00ab\u00a0\u00e9viter\u00a0\u00bb le secteur et \u00e0 ne pas tenter de monter sur Aix-en-Provence ou de descendre sur Vitrolles par les voies secondaires, pour \u00e9viter les panaches de fum\u00e9e.<\/p>\n<p class=\"asset asset-text\">Aux alentours de Marseille, deux autres feux ont mobilis\u00e9 des centaines de pompiers lundi, \u00e0 Martigues et Port-de-Bouc. Mais tous les deux \u00e9taient \u00ab\u00a0fix\u00e9s\u00a0\u00bb lundi en fin d\u2019apr\u00e8s-midi et des op\u00e9rations de noyage \u00e9taient en cours durant la soir\u00e9e.<\/p>\n<p class=\"asset asset-text\">Dix jours apr\u00e8s l\u2019incendie parti des Pennes-Mirabeau le 8\u00a0juillet, un autre sinistre avait d\u00e9vor\u00e9 pr\u00e8s de 250 hectares de pin\u00e8de \u00e0 Martigues, au nord-ouest de Marseille.<\/p>\n","protected":false},"excerpt":{"rendered":"JEAN-MARC BARRERE \/ Hans Lucas via AFP Un impressionnant incendie a touch\u00e9 la p\u00e9riph\u00e9rie de Marseille ce lundi&hellip;\n","protected":false},"author":2,"featured_media":281046,"comment_status":"","ping_status":"","sticky":false,"template":"","format":"standard","meta":{"footnotes":""},"categories":[4],"tags":[11,1011,27,1310,884,12,25],"class_list":{"0":"post-281045","1":"post","2":"type-post","3":"status-publish","4":"format-standard","5":"has-post-thumbnail","7":"category-france","8":"tag-actualites","9":"tag-fr","10":"tag-france","11":"tag-incendie","12":"tag-marseille","13":"tag-news","14":"tag-republique-francaise"},"share_on_mastodon":{"url":"https:\/\/pubeurope.com\/@fr\/114934441888922210","error":""},"_links":{"self":[{"href":"https:\/\/www.europesays.com\/fr\/wp-json\/wp\/v2\/posts\/281045","targetHints":{"allow":["GET"]}}],"collection":[{"href":"https:\/\/www.europesays.com\/fr\/wp-json\/wp\/v2\/posts"}],"about":[{"href":"https:\/\/www.europesays.com\/fr\/wp-json\/wp\/v2\/types\/post"}],"author":[{"embeddable":true,"href":"https:\/\/www.europesays.com\/fr\/wp-json\/wp\/v2\/users\/2"}],"replies":[{"embeddable":true,"href":"https:\/\/www.europesays.com\/fr\/wp-json\/wp\/v2\/comments?post=281045"}],"version-history":[{"count":0,"href":"https:\/\/www.europesays.com\/fr\/wp-json\/wp\/v2\/posts\/281045\/revisions"}],"wp:featuredmedia":[{"embeddable":true,"href":"https:\/\/www.europesays.com\/fr\/wp-json\/wp\/v2\/media\/281046"}],"wp:attachment":[{"href":"https:\/\/www.europesays.com\/fr\/wp-json\/wp\/v2\/media?parent=281045"}],"wp:term":[{"taxonomy":"category","embeddable":true,"href":"https:\/\/www.europesays.com\/fr\/wp-json\/wp\/v2\/categories?post=281045"},{"taxonomy":"post_tag","embeddable":true,"href":"https:\/\/www.europesays.com\/fr\/wp-json\/wp\/v2\/tags?post=281045"}],"curies":[{"name":"wp","href":"https:\/\/api.w.org\/{rel}","templated":true}]}}