{"id":281052,"date":"2025-07-29T03:45:12","date_gmt":"2025-07-29T03:45:12","guid":{"rendered":"https:\/\/www.europesays.com\/fr\/281052\/"},"modified":"2025-07-29T03:45:12","modified_gmt":"2025-07-29T03:45:12","slug":"le-projet-de-reconstruction-des-ecoles-revu-a-la-baisse-a-la-seyne","status":"publish","type":"post","link":"https:\/\/www.europesays.com\/fr\/281052\/","title":{"rendered":"Le projet de reconstruction des \u00e9coles revu \u00e0 la baisse \u00e0 La Seyne?"},"content":{"rendered":"<p>Attendu depuis plusieurs ann\u00e9es, le projet de reconstruction de deux \u00e9coles v\u00e9tustes du centre-ville (l\u2019\u00e9l\u00e9mentaire Verne et la maternelle Mabily) va faire l\u2019objet de nouvelles \u00e9tudes. Pr\u00e9sent\u00e9 en d\u00e9tail au printemps 2024, il consistait \u00e0 b\u00e2tir un nouveau groupe scolaire comprenant huit salles de classe (3 maternelles et 5 \u00e9l\u00e9mentaires) de 60m\u00b2 permettant d\u2019accueillir 200 enfants, ainsi qu\u2019un restaurant scolaire. Et ce, sur le terrain de 3.000m\u00b2 lib\u00e9r\u00e9 suite \u00e0 la d\u00e9molition de l\u2019ex-mairie sociale &#8211; Espace social Docteur Paul-Raybaud \u2013, \u00e0 l\u2019angle de la rue Ernest-Renan et du boulevard du 4-Septembre. Le lancement des travaux du groupe scolaire \u00e9tait annonc\u00e9 pour mars 2026, pour une livraison un an plus tard.<\/p>\n<p>Interrog\u00e9s sur l\u2019avancement du dossier, les services de la Ville indiquent qu\u2019ils sont \u00ab\u00a0en train de refaire le tour des financeurs du projet\u00a0\u00bb. Et ce, en raison \u00ab\u00a0de la hausse du co\u00fbt des mat\u00e9riaux\u00a0\u00bb mais aussi du \u00ab\u00a0surco\u00fbt li\u00e9 \u00e0 la d\u00e9molition de l\u2019Espace Raybaud\u00a0\u00bb (du fait de la d\u00e9couverte d\u2019amiante dans les locaux). Il s\u2019agit donc de travailler \u00e0 nouveau sur \u00ab\u00a0l\u2019\u00e9quilibre financier du projet\u00a0\u00bb, voire de r\u00e9\u00e9valuer la participation des partenaires (lire ci-apr\u00e8s), d\u2019autant que les finances de la commune \u00ab\u00a0ne sont plus celles qu\u2019elles \u00e9taient \u00e0 l\u2019\u00e9poque du lancement du projet\u00a0\u00bb.<\/p>\n<p>Baisse des effectifs scolaris\u00e9s<\/p>\n<p>En parall\u00e8le, la Ville pr\u00e9cise avoir repris le comptage du nombre d\u2019\u00e9l\u00e8ves qui seront scolaris\u00e9s dans les ann\u00e9es \u00e0 venir. Et il serait \u00e0 la baisse (sans fournir de chiffres \u00e0 ce stade). Pour ces raisons, le projet tel qu\u2019il avait \u00e9t\u00e9 pr\u00e9sent\u00e9 semble devoir \u00eatre revu, \u00ab\u00a0recalibr\u00e9 en fonction des capacit\u00e9s financi\u00e8res et du besoin en termes d\u2019accueil des \u00e9l\u00e8ves\u00a0\u00bb. Des \u00e9tudes qui vont demander un peu de temps. \u00ab\u00a0Pour autant, est-il indiqu\u00e9, on n\u2019oublie pas les \u00e9l\u00e8ves de l\u2019\u00e9cole Verne: on travaille sur les conditions d\u2019accueil actuelles, notamment l\u2019am\u00e9lioration de la restauration scolaire\u00a0\u00bb.<\/p>\n<p>Cela \u00e9tant, la Ville d\u00e9cide de ne pas laisser le terrain lib\u00e9r\u00e9 \u00e0 l\u2019abandon durant le temps des r\u00e9flexions compl\u00e9mentaires engag\u00e9es. Compte tenu du besoin d\u2019emplacements de stationnement en c\u0153ur de ville, elle souhaite en effet am\u00e9nager deux parkings provisoires sur le site de l\u2019ancien Espace Raybaud. L\u2019un servirait au stationnement des v\u00e9hicules des forains lors du march\u00e9 du cours Louis-Blanc, l\u2019autre serait d\u00e9di\u00e9 au stationnement public (avec une dur\u00e9e limit\u00e9e). Les deux compteraient une quarantaine de places.<\/p>\n<p>Une proc\u00e9dure rapide pour am\u00e9nager des parkings<\/p>\n<p>Selon nos informations, le choix d\u2019am\u00e9nager deux aires de stationnement distinctes permettrait d\u2019all\u00e9ger la d\u00e9marche. Si un parking compte en effet moins de 50 places, une simple d\u00e9claration pr\u00e9alable est requise. En revanche s\u2019il en compte davantage, un permis de construire est n\u00e9cessaire, ce qui rallongerait la proc\u00e9dure.<\/p>\n<p>Toujours est-il que cet am\u00e9nagement va n\u00e9cessiter des travaux: le nivellement du sol, la pose d\u2019une couche de surface carrossable, la cl\u00f4ture des parcelles et la pose de portails et de portillons. Le projet est chiffr\u00e9 \u00e0 82.000 euros. Pour le financer, la Ville sollicite une subvention d\u2019investissement de 66.600 euros au D\u00e9partement dans le cadre du dispositif d\u2019accompagnement des projets d\u2019investissements conduits par les communes en mati\u00e8re d\u2019am\u00e9nagement d\u2019espaces publics. La Ville prendrait, elle, en charge le reste du co\u00fbt \u00e0 savoir 16.600 euros (20% du montant). Sauf contrordre, ces deux parkings pourraient donc ouvrir dans les prochains mois.<\/p>\n<p>Les financeurs du projet d\u2019\u00e9cole<\/p>\n<p>Le projet de reconstruction des \u00e9coles sur le site de l\u2019ex-Espace Raybaud avait \u00e9t\u00e9 chiffr\u00e9 \u00e0 10,6 millions d\u2019euros hors taxes. Le plan de financement \u00e9tait le suivant:<\/p>\n<p>&#8211; Conseil d\u00e9partemental: 40% (au titre de l\u2019axe 3 du dispositif \u00ab\u00a0Grands projets\u00a0\u00bb)<\/p>\n<p>&#8211; Conseil r\u00e9gional: 30% (au titre du dispositif \u00ab\u00a0Nos territoires d&rsquo;abord 2022-2027\u00a0\u00bb)<\/p>\n<p>&#8211; \u00c9tat: 9% (au titre de la dotation de soutien \u00e0 l&rsquo;investissement local)<\/p>\n<p>&#8211; Commune: 21% (autofinancement).<\/p>\n","protected":false},"excerpt":{"rendered":"Attendu depuis plusieurs ann\u00e9es, le projet de reconstruction de deux \u00e9coles v\u00e9tustes du centre-ville (l\u2019\u00e9l\u00e9mentaire Verne et la&hellip;\n","protected":false},"author":2,"featured_media":281053,"comment_status":"","ping_status":"","sticky":false,"template":"","format":"standard","meta":{"footnotes":""},"categories":[9619],"tags":[1111,11,1777,674,1011,27,12,882,25,2310,3366],"class_list":{"0":"post-281052","1":"post","2":"type-post","3":"status-publish","4":"format-standard","5":"has-post-thumbnail","7":"category-toulon","8":"tag-actu","9":"tag-actualites","10":"tag-eu","11":"tag-europe","12":"tag-fr","13":"tag-france","14":"tag-news","15":"tag-provence-alpes-cote-dazur","16":"tag-republique-francaise","17":"tag-toulon","18":"tag-vie-locale"},"share_on_mastodon":{"url":"https:\/\/pubeurope.com\/@fr\/114934469387238492","error":""},"_links":{"self":[{"href":"https:\/\/www.europesays.com\/fr\/wp-json\/wp\/v2\/posts\/281052","targetHints":{"allow":["GET"]}}],"collection":[{"href":"https:\/\/www.europesays.com\/fr\/wp-json\/wp\/v2\/posts"}],"about":[{"href":"https:\/\/www.europesays.com\/fr\/wp-json\/wp\/v2\/types\/post"}],"author":[{"embeddable":true,"href":"https:\/\/www.europesays.com\/fr\/wp-json\/wp\/v2\/users\/2"}],"replies":[{"embeddable":true,"href":"https:\/\/www.europesays.com\/fr\/wp-json\/wp\/v2\/comments?post=281052"}],"version-history":[{"count":0,"href":"https:\/\/www.europesays.com\/fr\/wp-json\/wp\/v2\/posts\/281052\/revisions"}],"wp:featuredmedia":[{"embeddable":true,"href":"https:\/\/www.europesays.com\/fr\/wp-json\/wp\/v2\/media\/281053"}],"wp:attachment":[{"href":"https:\/\/www.europesays.com\/fr\/wp-json\/wp\/v2\/media?parent=281052"}],"wp:term":[{"taxonomy":"category","embeddable":true,"href":"https:\/\/www.europesays.com\/fr\/wp-json\/wp\/v2\/categories?post=281052"},{"taxonomy":"post_tag","embeddable":true,"href":"https:\/\/www.europesays.com\/fr\/wp-json\/wp\/v2\/tags?post=281052"}],"curies":[{"name":"wp","href":"https:\/\/api.w.org\/{rel}","templated":true}]}}