{"id":281058,"date":"2025-07-29T03:48:15","date_gmt":"2025-07-29T03:48:15","guid":{"rendered":"https:\/\/www.europesays.com\/fr\/281058\/"},"modified":"2025-07-29T03:48:15","modified_gmt":"2025-07-29T03:48:15","slug":"un-incendie-pres-de-montpellier-parcourt-plus-de-300-hectares-le-feu-fixe-avant-la-nuit","status":"publish","type":"post","link":"https:\/\/www.europesays.com\/fr\/281058\/","title":{"rendered":"Un incendie pr\u00e8s de Montpellier parcourt plus de 300 hectares, le feu fix\u00e9 avant la nuit"},"content":{"rendered":"<ul class=\"jsx-862013697 ArticleChapo__List\">\n<li class=\"jsx-862013697 ArticleChapo__List_Item flex\">Un violent incendie s&rsquo;est d\u00e9clar\u00e9 ce lundi apr\u00e8s-midi \u00e0 Cournonsec, pr\u00e8s de Montpellier (H\u00e9rault).<\/li>\n<li class=\"jsx-862013697 ArticleChapo__List_Item flex\">D&rsquo;apr\u00e8s les pompiers, le feu a parcouru plus de 300 hectares, avant d&rsquo;\u00eatre fix\u00e9 dans la soir\u00e9e.<\/li>\n<\/ul>\n<p data-module=\"article-paragraph\" class=\"jsx-3046738180 Paragraph Paragraph__End\">Nouvel incendie dans le sud de la France. Attis\u00e9 par <a href=\"https:\/\/www.tf1info.fr\/meteo\/video-reportage-tf1-vent-chaleur-secheresse-pourquoi-le-risque-d-incendie-est-maximal-dans-plusieurs-departements-du-sud-2385312.html\" target=\"_blank\" rel=\"noopener\">un vent violent<\/a>, un incendie a parcouru plus de 300 hectares ce lundi 28 juillet apr\u00e8s-midi \u00e0 Cournonsec, \u00e0 une vingtaine de kilom\u00e8tres au sud de Montpellier, ont indiqu\u00e9 les pompiers de l&rsquo;H\u00e9rault. Il a \u00e9t\u00e9 fix\u00e9 dans la soir\u00e9e. \u00ab\u00a0La progression du feu a \u00e9t\u00e9 stopp\u00e9e vers Montbazin\u00a0\u00bb, la commune voisine, a confirm\u00e9 le colonel \u00c9ric Vial.<\/p>\n<p>Vigilance toute la nuit<\/p>\n<p data-module=\"article-paragraph\" class=\"jsx-3046738180 Paragraph\">Les pompiers sont intervenus d\u00e8s 17h30 pour \u00ab\u00a0un d\u00e9part de feu d&rsquo;herbe et de garrigue\u00a0\u00bb caus\u00e9 par \u00ab\u00a0l&rsquo;utilisation d&rsquo;une meuleuse\u00a0\u00bb pour des travaux de cl\u00f4ture, ont-ils d\u00e9taill\u00e9. En d\u00e9but de soir\u00e9e, avant l&rsquo;annonce du feu fix\u00e9, la surface parcourue \u00e9tait estim\u00e9e \u00e0 320 hectares, dont 150 hectares br\u00fbl\u00e9s.<\/p>\n<p data-module=\"article-paragraph\" class=\"jsx-3046738180 Paragraph Paragraph__End\">\u00ab\u00a0Le feu ne menace plus les habitations de Cournonsec\u00a0\u00bb, avaient assur\u00e9 les pompiers vers 20h, m\u00eame si plusieurs habitants se pr\u00e9paraient \u00e0 \u00e9vacuer (voir vid\u00e9o en t\u00eate de cet article). Une usine de fabrication de palettes a \u00e9t\u00e9 sauv\u00e9e des flammes. Mais les pompiers ne crient pas victoire trop vite. Il y a \u00ab\u00a0encore de nombreux points de vigilance sur la t\u00eate de feu, car il a parcouru trois kilom\u00e8tres depuis son point d&rsquo;origine, ce qui veut dire qu&rsquo;on a une longueur de flancs \u00e0 traiter extr\u00eamement importante, avec un vent \u00e9tabli pendant toute la nuit\u00a0\u00bb, a temp\u00e9r\u00e9 le colonel \u00c9ric Vial.<\/p>\n<p><a href=\"https:\/\/www.tf1info.fr\/meteo\/on-ne-pensait-pas-que-ca-pouvait-nous-arriver-les-bouches-du-rhone-touchees-par-des-feux-en-serie-2385619.html\" rel=\"noopener\" class=\"jsx-3308031228 Link flex\" target=\"_blank\"><img decoding=\"async\" src=\"https:\/\/www.europesays.com\/fr\/wp-content\/uploads\/2025\/07\/incendies-bouches-du-rhone-2-2317-36c99c-0@1x.jpeg\" alt=\"Capture TF1\" loading=\"lazy\" importance=\"low\" fetchpriority=\"low\" class=\"\" aria-hidden=\"true\"\/><\/p>\n<p class=\"jsx-3657663356 ReadMoreArticle__Title\">Lire aussi<\/p>\n<p class=\"jsx-3657663356\">\u00ab\u00a0On ne pensait pas que \u00e7a pouvait nous arriver\u00a0\u00bb : les Bouches-du-Rh\u00f4ne touch\u00e9es par des feux en s\u00e9rie<\/p>\n<p><\/a><\/p>\n<p data-module=\"article-paragraph\" class=\"jsx-3046738180 Paragraph Paragraph__End\">Au total, 500 pompiers et 100 camions de lutte contre les incendies sont mobilis\u00e9s sur les lieux. Ces moyens terrestres sont appuy\u00e9s par quatre Canadair. Plusieurs axes de la zone d&rsquo;intervention ont \u00e9t\u00e9 interdits \u00e0 la circulation.<\/p>\n<p>I.N avec AFP<\/p>\n","protected":false},"excerpt":{"rendered":"Un violent incendie s&rsquo;est d\u00e9clar\u00e9 ce lundi apr\u00e8s-midi \u00e0 Cournonsec, pr\u00e8s de Montpellier (H\u00e9rault). D&rsquo;apr\u00e8s les pompiers, le&hellip;\n","protected":false},"author":2,"featured_media":281059,"comment_status":"","ping_status":"","sticky":false,"template":"","format":"standard","meta":{"footnotes":""},"categories":[9599],"tags":[1111,11,1921,1777,674,1011,27,1310,37774,1922,2208,12,2680,4775,25,133,11009],"class_list":{"0":"post-281058","1":"post","2":"type-post","3":"status-publish","4":"format-standard","5":"has-post-thumbnail","7":"category-montpellier","8":"tag-actu","9":"tag-actualites","10":"tag-article-video","11":"tag-eu","12":"tag-europe","13":"tag-fr","14":"tag-france","15":"tag-incendie","16":"tag-incendies-en-france-lete-2025-de-tous-les-dangers","17":"tag-info","18":"tag-montpellier","19":"tag-news","20":"tag-occitanie","21":"tag-pompier","22":"tag-republique-francaise","23":"tag-video","24":"tag-video-meteo-et-intemperies"},"share_on_mastodon":{"url":"https:\/\/pubeurope.com\/@fr\/114934481068057596","error":""},"_links":{"self":[{"href":"https:\/\/www.europesays.com\/fr\/wp-json\/wp\/v2\/posts\/281058","targetHints":{"allow":["GET"]}}],"collection":[{"href":"https:\/\/www.europesays.com\/fr\/wp-json\/wp\/v2\/posts"}],"about":[{"href":"https:\/\/www.europesays.com\/fr\/wp-json\/wp\/v2\/types\/post"}],"author":[{"embeddable":true,"href":"https:\/\/www.europesays.com\/fr\/wp-json\/wp\/v2\/users\/2"}],"replies":[{"embeddable":true,"href":"https:\/\/www.europesays.com\/fr\/wp-json\/wp\/v2\/comments?post=281058"}],"version-history":[{"count":0,"href":"https:\/\/www.europesays.com\/fr\/wp-json\/wp\/v2\/posts\/281058\/revisions"}],"wp:featuredmedia":[{"embeddable":true,"href":"https:\/\/www.europesays.com\/fr\/wp-json\/wp\/v2\/media\/281059"}],"wp:attachment":[{"href":"https:\/\/www.europesays.com\/fr\/wp-json\/wp\/v2\/media?parent=281058"}],"wp:term":[{"taxonomy":"category","embeddable":true,"href":"https:\/\/www.europesays.com\/fr\/wp-json\/wp\/v2\/categories?post=281058"},{"taxonomy":"post_tag","embeddable":true,"href":"https:\/\/www.europesays.com\/fr\/wp-json\/wp\/v2\/tags?post=281058"}],"curies":[{"name":"wp","href":"https:\/\/api.w.org\/{rel}","templated":true}]}}