{"id":281060,"date":"2025-07-29T03:54:16","date_gmt":"2025-07-29T03:54:16","guid":{"rendered":"https:\/\/www.europesays.com\/fr\/281060\/"},"modified":"2025-07-29T03:54:16","modified_gmt":"2025-07-29T03:54:16","slug":"eaux-pluviales-vegetalisation-des-aides-pour-les-projets-des-habitants-de-rennes-metropole","status":"publish","type":"post","link":"https:\/\/www.europesays.com\/fr\/281060\/","title":{"rendered":"Eaux pluviales, v\u00e9g\u00e9talisation\u2026 Des aides pour les projets des habitants de Rennes m\u00e9tropole"},"content":{"rendered":"<p><a href=\"https:\/\/ici.rennes.fr\/actualites\/2025-07-07-la-metropole-vous-aide-a-desimpermeabiliser-votre-sol\/\" target=\"_blank\" rel=\"nofollow noopener\">Rennes M\u00e9tropole<\/a>, en partenariat avec l\u2019Agence de l\u2019eau Loire-Bretagne et la collectivit\u00e9 Eau du bassin Rennais, lance cet \u00e9t\u00e9 un appel \u00e0 manifestation d\u2019int\u00e9r\u00eat (AMI). Ce dispositif accompagne financi\u00e8rement et techniquement les propri\u00e9taires d\u2019habitations situ\u00e9es dans l\u2019une des 43\u00a0communes de Rennes M\u00e9tropole, qui souhaitent engager des travaux de d\u00e9connexion des eaux pluviales des r\u00e9seaux publics d\u2019assainissement (par des solutions v\u00e9g\u00e9talis\u00e9es) et\/ou de r\u00e9duction de leur consommation d\u2019eau potable. Par exemple, la d\u00e9simperm\u00e9abilisation des surfaces (cours, terrasses,\u00a0etc.), la d\u00e9connexion des eaux pluviales des r\u00e9seaux d\u2019assainissement (goutti\u00e8res,\u00a0etc.), l\u2019installation de dispositifs de r\u00e9cup\u00e9ration et de r\u00e9utilisation de l\u2019eau de pluie.<\/p>\n<p><strong>Lire aussi\u00a0:<\/strong> <a href=\"https:\/\/rennes.maville.com\/actu\/actudet_-pour-plus-de-fraicheur-cette-cour-d-ecole-bitumee-reamenagee-et-vegetalisee-a-rennes-_52674-6863186_actu.Htm\" target=\"_blank\" rel=\"nofollow noopener\">Pour plus de fra\u00eecheur, cette cour d\u2019\u00e9cole bitum\u00e9e r\u00e9am\u00e9nag\u00e9e et v\u00e9g\u00e9talis\u00e9e \u00e0 Rennes<\/a><\/p>\n<p><strong>\u00ab\u00a0Tout propri\u00e9taire d\u2019un logement existant (hors construction neuve) raccord\u00e9 \u00e0 un r\u00e9seau d\u2019assainissement collectif et r\u00e9sidant sur le territoire de Rennes m\u00e9tropole peut b\u00e9n\u00e9ficier de l\u2019aide. Il est indispensable de ne pas avoir lanc\u00e9 les travaux avant acceptation du dossier\u00a0\u00bb<\/strong>, pr\u00e9cisent les services de Rennes m\u00e9tropole.<\/p>\n<p>Le montant de l\u2019aide monte jusqu\u2019\u00e0 80\u00a0% du co\u00fbt TTC pour les projets laur\u00e9ats s\u00e9lectionn\u00e9s par une commission sur crit\u00e8res environnementaux et techniques\u00a0; jusqu\u2019\u00e0 50\u00a0% du co\u00fbt TTC, dans la limite de 4\u00a0675\u00a0\u20ac d\u2019aide par op\u00e9ration, pour les projets non retenus par la commission, mais r\u00e9pondant aux crit\u00e8res techniques de d\u00e9-raccordement des eaux pluviales des r\u00e9seaux d\u2019assainissement. Les dossiers sont \u00e9tudi\u00e9s tous les mois jusqu\u2019\u00e0 \u00e9puisement du budget disponible.<\/p>\n<p><strong>Renseignements et contacts\u00a0:<\/strong> <a href=\"https:\/\/ici.rennes.fr\/actualites\/2025-07-07-la-metropole-vous-aide-a-desimpermeabiliser-votre-sol\/\" target=\"_blank\" rel=\"nofollow noopener\">sur le site internet de Rennes m\u00e9tropole<\/a>. Contact\u00a0: assainissement@rennesmetropole.fr<\/p>\n<p>\u00a0<\/p>\n","protected":false},"excerpt":{"rendered":"Rennes M\u00e9tropole, en partenariat avec l\u2019Agence de l\u2019eau Loire-Bretagne et la collectivit\u00e9 Eau du bassin Rennais, lance cet&hellip;\n","protected":false},"author":2,"featured_media":281061,"comment_status":"","ping_status":"","sticky":false,"template":"","format":"standard","meta":{"footnotes":""},"categories":[2821],"tags":[1111,11,1008,829,27261,1777,674,1011,27,4021,2800,12,42070,4916,584,25,3728,10792],"class_list":{"0":"post-281060","1":"post","2":"type-post","3":"status-publish","4":"format-standard","5":"has-post-thumbnail","7":"category-rennes","8":"tag-actu","9":"tag-actualites","10":"tag-aides","11":"tag-bretagne","12":"tag-eaux","13":"tag-eu","14":"tag-europe","15":"tag-fr","16":"tag-france","17":"tag-habitants","18":"tag-metropole","19":"tag-news","20":"tag-pluviales","21":"tag-projets","22":"tag-rennes","23":"tag-republique-francaise","24":"tag-saint-malo","25":"tag-vegetalisation"},"share_on_mastodon":{"url":"https:\/\/pubeurope.com\/@fr\/114934504802749192","error":""},"_links":{"self":[{"href":"https:\/\/www.europesays.com\/fr\/wp-json\/wp\/v2\/posts\/281060","targetHints":{"allow":["GET"]}}],"collection":[{"href":"https:\/\/www.europesays.com\/fr\/wp-json\/wp\/v2\/posts"}],"about":[{"href":"https:\/\/www.europesays.com\/fr\/wp-json\/wp\/v2\/types\/post"}],"author":[{"embeddable":true,"href":"https:\/\/www.europesays.com\/fr\/wp-json\/wp\/v2\/users\/2"}],"replies":[{"embeddable":true,"href":"https:\/\/www.europesays.com\/fr\/wp-json\/wp\/v2\/comments?post=281060"}],"version-history":[{"count":0,"href":"https:\/\/www.europesays.com\/fr\/wp-json\/wp\/v2\/posts\/281060\/revisions"}],"wp:featuredmedia":[{"embeddable":true,"href":"https:\/\/www.europesays.com\/fr\/wp-json\/wp\/v2\/media\/281061"}],"wp:attachment":[{"href":"https:\/\/www.europesays.com\/fr\/wp-json\/wp\/v2\/media?parent=281060"}],"wp:term":[{"taxonomy":"category","embeddable":true,"href":"https:\/\/www.europesays.com\/fr\/wp-json\/wp\/v2\/categories?post=281060"},{"taxonomy":"post_tag","embeddable":true,"href":"https:\/\/www.europesays.com\/fr\/wp-json\/wp\/v2\/tags?post=281060"}],"curies":[{"name":"wp","href":"https:\/\/api.w.org\/{rel}","templated":true}]}}