{"id":281074,"date":"2025-07-29T04:09:19","date_gmt":"2025-07-29T04:09:19","guid":{"rendered":"https:\/\/www.europesays.com\/fr\/281074\/"},"modified":"2025-07-29T04:09:19","modified_gmt":"2025-07-29T04:09:19","slug":"le-directeur-du-crous-suspendu-pour-comportements-inappropries","status":"publish","type":"post","link":"https:\/\/www.europesays.com\/fr\/281074\/","title":{"rendered":"le directeur du Crous suspendu pour \u00ab\u00a0comportements inappropri\u00e9s\u00a0\u00bb"},"content":{"rendered":"<p class=\"article-p mdl\">Le directeur g\u00e9n\u00e9ral du Crous de Bordeaux se retrouve suspendu \u00e0 titre conservatoire en raison de \u00ab\u00a0comportements inappropri\u00e9s\u00a0\u00bb envers des membres f\u00e9minins du personnel, a annonc\u00e9 ce lundi 28 juillet le minist\u00e8re de l&rsquo;Enseignement sup\u00e9rieur.\u00a0<\/p>\n<p class=\"article-p mdl\">En f\u00e9vrier, une enqu\u00eate administrative visant le directeur avait \u00e9t\u00e9 lanc\u00e9e apr\u00e8s le signalement \u00e0 son encontre\u00a0<a class=\"link\" href=\"https:\/\/www.rtl.fr\/actu\/justice-faits-divers\/bordeaux-le-directeur-du-crous-accuse-de-harcelement-et-agressions-sexuelles-vise-par-une-enquete-administrative-7900506045\" title=\"Bordeaux : le directeur du Crous, accus\u00e9 de harc\u00e8lement et agressions sexuelles, vis\u00e9 par une enqu\u00eate administrative\" target=\"_blank\" rel=\"noopener\">de faits de harc\u00e8lement et d&rsquo;agressions sexuelles.<\/a>\u00a0En mai, celui-ci avait alors fermement \u00ab\u00a0contest\u00e9\u00a0\u00bb ces accusations dans un mail adress\u00e9 \u00e0 l&rsquo;AFP.<\/p>\n<p class=\"article-p mdl\">\u00c0 Bordeaux, quatre collaboratrices avaient signal\u00e9 quatre<a class=\"link\" href=\"https:\/\/www.rtl.fr\/actu\/debats-societe\/un-medecin-orl-mis-en-examen-a-vannes-pour-des-faits-d-agressions-sexuelles-exerce-desormais-en-vendee-7900509358\" title=\"Mis en examen pour agressions sexuelles dans le Morbihan, un m\u00e9decin continue d\u2019exercer en Vend\u00e9e\" target=\"_blank\" rel=\"noopener\"> agressions sexuelles<\/a>\u00a0et <strong>une \u00ab\u00a0relation forc\u00e9e<\/strong> qui a abouti sur des rapports sexuels \u00e0 plusieurs reprises\u00a0\u00bb, selon une source proche du dossier. \u00c0 Grenoble, o\u00f9 le directeur en question \u00e9tait en poste pr\u00e9c\u00e9demment, trois autres victimes auraient \u00e9t\u00e9 identifi\u00e9es\u00a0<\/p>\n<p>            Une proc\u00e9dure disciplinaire<\/p>\n<p class=\"article-p mdl\">L&rsquo;enqu\u00eate, confi\u00e9e \u00e0 l&rsquo;Inspection g\u00e9n\u00e9rale de l&rsquo;\u00e9ducation, du sport et de la recherche (IG\u00c9SR) a \u00ab\u00a0d\u00e9montr\u00e9 que la plupart des mentions relatives \u00e0 de potentielles\u00a0violences<a class=\"link\" href=\"https:\/\/www.rtl.fr\/actu\/politique\/que-contient-le-rapport-de-la-commission-d-enquete-sur-les-violences-sexistes-et-sexuelles-dans-la-culture-7900492619\" title=\"Que contient le rapport de la commission d&#039;enqu\u00eate sur les violences sexistes et sexuelles dans la culture ?\" target=\"_blank\" rel=\"noopener\"> sexistes et sexuelles<\/a>\u00a0\u00e9voqu\u00e9es dans le courriel anonyme sont<strong> en grande partie inexactes\u00a0\u00bb<\/strong>, indique le minist\u00e8re charg\u00e9 de l&rsquo;Enseignement sup\u00e9rieur et de la Recherche.\u00a0<\/p>\n<p class=\"article-p mdl\">Les \u00ab\u00a0affirmations relatives \u00e0 sept signalements qui auraient \u00e9t\u00e9 effectu\u00e9s aupr\u00e8s du Cnous (Centre national des \u0153uvres universitaires et scolaires, ndlr)<strong> sont fausses <\/strong>et les accusations \u00e0 l&rsquo;\u00e9gard de sa pr\u00e9sidente infond\u00e9es\u00a0\u00bb, poursuit le communiqu\u00e9.\u00a0<\/p>\n<p class=\"article-p mdl\">Cependant, l&rsquo;enqu\u00eate a permis d&rsquo;identifier des\u00a0<a class=\"link\" href=\"https:\/\/www.rtl.fr\/actu\/international\/insolite-un-portail-futuriste-entre-dublin-et-new-york-ferme-a-cause-de-comportements-inappropries-7900384741\" title=\"Un portail futuriste entre Dublin et New-York ferme \u00e0 cause de comportements inappropri\u00e9s\" target=\"_blank\" rel=\"noopener\">\u00ab\u00a0comportements inappropri\u00e9s\u00a0\u00bb<\/a>\u00a0de la part du directeur g\u00e9n\u00e9ral \u00ab\u00a0envers plusieurs personnels f\u00e9minins du\u00a0Crous\u00a0de Bordeaux\u00a0\u00bb, conduisant \u00e0 sa \u00ab\u00a0suspension imm\u00e9diate \u00e0 titre conservatoire\u00a0\u00bb et au \u00ab\u00a0lancement d&rsquo;<strong>une proc\u00e9dure disciplinaire<\/strong> \u00e0 son encontre\u00a0\u00bb.\u00a0<\/p>\n<p>            Une nouvelle directrice par int\u00e9rim<\/p>\n<p class=\"article-p mdl\">L&rsquo;enqu\u00eate de l&rsquo;IG\u00c9SR \u00ab\u00a0ayant \u00e9tabli des faits susceptibles de rev\u00eatir <strong>une qualification p\u00e9nale\u00a0\u00bb<\/strong>, le rapport a \u00e9t\u00e9 transmis au procureur de la R\u00e9publique de Bordeaux conform\u00e9ment \u00e0 l\u2019article 40 du code de proc\u00e9dure p\u00e9nale, pr\u00e9cise le minist\u00e8re.<\/p>\n<p class=\"article-p mdl\">Dominique Froment, directrice g\u00e9n\u00e9rale du\u00a0Crous\u00a0de Toulouse, est nomm\u00e9e directrice g\u00e9n\u00e9rale par int\u00e9rim de celui de Bordeaux.\u00a0<\/p>\n<p>    La r\u00e9daction vous recommande<\/p>\n<p class=\"s-newsletter__title\">\n                L\u2019actualit\u00e9 par la r\u00e9daction de RTL dans votre bo\u00eete mail.\n            <\/p>\n<p class=\"s-newsletter__subtitle\">\n                Gr\u00e2ce \u00e0 votre compte RTL abonnez-vous \u00e0 la newsletter RTL info pour suivre toute l&rsquo;actualit\u00e9 au quotidien\n            <\/p>\n<p>\n                                    Lire la suite\n                                <\/p>\n","protected":false},"excerpt":{"rendered":"Le directeur g\u00e9n\u00e9ral du Crous de Bordeaux se retrouve suspendu \u00e0 titre conservatoire en raison de \u00ab\u00a0comportements inappropri\u00e9s\u00a0\u00bb&hellip;\n","protected":false},"author":2,"featured_media":281075,"comment_status":"","ping_status":"","sticky":false,"template":"","format":"standard","meta":{"footnotes":""},"categories":[2817],"tags":[1111,11,1267,1997,1067,1777,674,107,1011,27,3668,12,2219,25],"class_list":{"0":"post-281074","1":"post","2":"type-post","3":"status-publish","4":"format-standard","5":"has-post-thumbnail","7":"category-bordeaux","8":"tag-actu","9":"tag-actualites","10":"tag-agression-sexuelle","11":"tag-bordeaux","12":"tag-enquete","13":"tag-eu","14":"tag-europe","15":"tag-fil-info","16":"tag-fr","17":"tag-france","18":"tag-harcelement","19":"tag-news","20":"tag-nouvelle-aquitaine","21":"tag-republique-francaise"},"share_on_mastodon":{"url":"https:\/\/pubeurope.com\/@fr\/114934563674906197","error":""},"_links":{"self":[{"href":"https:\/\/www.europesays.com\/fr\/wp-json\/wp\/v2\/posts\/281074","targetHints":{"allow":["GET"]}}],"collection":[{"href":"https:\/\/www.europesays.com\/fr\/wp-json\/wp\/v2\/posts"}],"about":[{"href":"https:\/\/www.europesays.com\/fr\/wp-json\/wp\/v2\/types\/post"}],"author":[{"embeddable":true,"href":"https:\/\/www.europesays.com\/fr\/wp-json\/wp\/v2\/users\/2"}],"replies":[{"embeddable":true,"href":"https:\/\/www.europesays.com\/fr\/wp-json\/wp\/v2\/comments?post=281074"}],"version-history":[{"count":0,"href":"https:\/\/www.europesays.com\/fr\/wp-json\/wp\/v2\/posts\/281074\/revisions"}],"wp:featuredmedia":[{"embeddable":true,"href":"https:\/\/www.europesays.com\/fr\/wp-json\/wp\/v2\/media\/281075"}],"wp:attachment":[{"href":"https:\/\/www.europesays.com\/fr\/wp-json\/wp\/v2\/media?parent=281074"}],"wp:term":[{"taxonomy":"category","embeddable":true,"href":"https:\/\/www.europesays.com\/fr\/wp-json\/wp\/v2\/categories?post=281074"},{"taxonomy":"post_tag","embeddable":true,"href":"https:\/\/www.europesays.com\/fr\/wp-json\/wp\/v2\/tags?post=281074"}],"curies":[{"name":"wp","href":"https:\/\/api.w.org\/{rel}","templated":true}]}}