{"id":281080,"date":"2025-07-29T04:13:11","date_gmt":"2025-07-29T04:13:11","guid":{"rendered":"https:\/\/www.europesays.com\/fr\/281080\/"},"modified":"2025-07-29T04:13:11","modified_gmt":"2025-07-29T04:13:11","slug":"chevalier-arrive-donnarumma-vers-un-ete-decisif","status":"publish","type":"post","link":"https:\/\/www.europesays.com\/fr\/281080\/","title":{"rendered":"Chevalier arrive, Donnarumma vers un \u00e9t\u00e9 d\u00e9cisif"},"content":{"rendered":"<p><strong>Lucas Chevalier, gardien de 23 ans de Lille (contrat jusqu\u2019en 2027) et de l\u2019Equipe de France, est annonc\u00e9 comme proche du Paris Saint-Germain dans ce mercato afin de remplacer Gianluigi Donnarumma (26 ans, contrat jusqu\u2019en 2026 et prolongation bloqu\u00e9e). Fabrizio Romano\u00a0affirme qu\u2019un accord est proche avec le joueur de Lille. Il ajoute que Donnarumma pourrait aussi rester pour \u00eatre en concurrence avec le gardien tricolore.<\/strong><\/p>\n<p>Accord tr\u00e8s proche entre Lille et le PSG pour Chevalier \u00e0 40M \u20ac !<\/p>\n<p>\u2705 Des clubs anglais sont int\u00e9ress\u00e9s par Donnarumma, mais il y a aussi la possibilit\u00e9 que l\u2019italien reste et soit en concurrence avec Chevalier !<\/p>\n<p>\ud83d\uddde Fabrizio Romano via DAZN<\/p>\n<p>Le PSG vise un nouveau d\u00e9part au poste de gardien. L\u2019arriv\u00e9e imminente de Lucas Chevalier (23 ans) pour un montant record pourrait rebattre les cartes, alors que Gianluigi Donnarumma (26 ans) attire d\u00e9j\u00e0 des clubs anglais. Paris confirme sa volont\u00e9 de rajeunir son effectif et de provoquer une vraie concurrence interne, remettant en question l\u2019avenir du portier italien. La d\u00e9cision du club sera cruciale pour la stabilit\u00e9 du poste cet \u00e9t\u00e9. La concurrence parait toutefois assez improbable \u00e0 un poste particulier et en connaissant les ambitions de Chevalier et Donnarumma.<\/p>\n<p>\t\t\t\t\t\t\t\t\t\t\t\t\t\t\t\t\t\t\t\t\t\t\t<img loading=\"lazy\" src=\"https:\/\/www.europesays.com\/fr\/wp-content\/uploads\/2025\/04\/ParisFans_Logo.png\" decoding=\"async\" class=\"lazyload\" width=\"240\" height=\"54\" data-eio-rwidth=\"240\" data-eio-rheight=\"54\"\/><\/p>\n","protected":false},"excerpt":{"rendered":"Lucas Chevalier, gardien de 23 ans de Lille (contrat jusqu\u2019en 2027) et de l\u2019Equipe de France, est annonc\u00e9&hellip;\n","protected":false},"author":2,"featured_media":281081,"comment_status":"","ping_status":"","sticky":false,"template":"","format":"standard","meta":{"footnotes":""},"categories":[2815],"tags":[1111,11,3232,350,1777,674,1011,27,10528,811,1307,4668,1434,12,25,96],"class_list":{"0":"post-281080","1":"post","2":"type-post","3":"status-publish","4":"format-standard","5":"has-post-thumbnail","7":"category-lille","8":"tag-actu","9":"tag-actualites","10":"tag-avenir","11":"tag-concurrence","12":"tag-eu","13":"tag-europe","14":"tag-fr","15":"tag-france","16":"tag-gianluigi-donnarumma","17":"tag-hauts-de-france","18":"tag-lille","19":"tag-lucas-chevalier","20":"tag-mercato","21":"tag-news","22":"tag-republique-francaise","23":"tag-une"},"share_on_mastodon":{"url":"https:\/\/pubeurope.com\/@fr\/114934579543455952","error":""},"_links":{"self":[{"href":"https:\/\/www.europesays.com\/fr\/wp-json\/wp\/v2\/posts\/281080","targetHints":{"allow":["GET"]}}],"collection":[{"href":"https:\/\/www.europesays.com\/fr\/wp-json\/wp\/v2\/posts"}],"about":[{"href":"https:\/\/www.europesays.com\/fr\/wp-json\/wp\/v2\/types\/post"}],"author":[{"embeddable":true,"href":"https:\/\/www.europesays.com\/fr\/wp-json\/wp\/v2\/users\/2"}],"replies":[{"embeddable":true,"href":"https:\/\/www.europesays.com\/fr\/wp-json\/wp\/v2\/comments?post=281080"}],"version-history":[{"count":0,"href":"https:\/\/www.europesays.com\/fr\/wp-json\/wp\/v2\/posts\/281080\/revisions"}],"wp:featuredmedia":[{"embeddable":true,"href":"https:\/\/www.europesays.com\/fr\/wp-json\/wp\/v2\/media\/281081"}],"wp:attachment":[{"href":"https:\/\/www.europesays.com\/fr\/wp-json\/wp\/v2\/media?parent=281080"}],"wp:term":[{"taxonomy":"category","embeddable":true,"href":"https:\/\/www.europesays.com\/fr\/wp-json\/wp\/v2\/categories?post=281080"},{"taxonomy":"post_tag","embeddable":true,"href":"https:\/\/www.europesays.com\/fr\/wp-json\/wp\/v2\/tags?post=281080"}],"curies":[{"name":"wp","href":"https:\/\/api.w.org\/{rel}","templated":true}]}}