{"id":281082,"date":"2025-07-29T04:14:15","date_gmt":"2025-07-29T04:14:15","guid":{"rendered":"https:\/\/www.europesays.com\/fr\/281082\/"},"modified":"2025-07-29T04:14:15","modified_gmt":"2025-07-29T04:14:15","slug":"ou-sont-les-4-piscines-ephemeres-deployees-cet-ete","status":"publish","type":"post","link":"https:\/\/www.europesays.com\/fr\/281082\/","title":{"rendered":"o\u00f9 sont les 4 piscines \u00e9ph\u00e9m\u00e8res d\u00e9ploy\u00e9es cet \u00e9t\u00e9 ?"},"content":{"rendered":"<p>Le soleil est \u00e0 son z\u00e9nith au-dessus de la cit\u00e9 de La Marie quand une dizaine d\u2019enfants en maillot de bain montent les marches de la <a href=\"https:\/\/www.marseille.fr\/sports-loisirs\/actualites\/quatre-bassins-mobiles-ete-marseillais-2025#:~:text=Un%20dispositif%20renforc%C3%A9%20suite%20au,temporaires%20pour%20l&#039;%C3%A9t%C3%A9%202025.\" target=\"_blank\" rel=\"noopener\">piscine mobile<\/a> install\u00e9e dans ce quartier de la Croix-Rouge (13e).<\/p>\n<p>Un peu intimid\u00e9s, ces petits Marseillais de 4 \u00e0 5\u00a0ans traversent le p\u00e9diluve et descendent un \u00e0 un dans le grand bassin, pour apprendre avec Romain, ma\u00eetre-nageur, \u00e0 \u00eatre plus \u00e0 l\u2019aise dans l\u2019eau. \u00ab\u00a0Pour les tr\u00e8s petits, l\u2019id\u00e9e est qu\u2019ils d\u00e9couvrent le milieu aquatique, afin qu\u2019ils n\u2019en aient pas peur\u00a0\u00bb, explique le professionnel, engag\u00e9 par la Ville. \u00ab\u00a0Avec les enfants un peu plus \u00e2g\u00e9s, \u00e0 partir de 7\u00a0ans, on va travailler les bases de la natation, que souvent, ils n\u2019apprennent pas ailleurs.\u00a0\u00bb<\/p>\n<p><a href=\"https:\/\/www.laprovence.com\/article\/region\/4607408344313814\/ou-se-baigner-a-marseille-piscines-fermees-surfrequentation-gratuite-horaires-on-fait-le-point\" target=\"_blank\" rel=\"noopener\">Un tiers des enfants de Marseille ne savent en effet pas nager \u00e0 leur entr\u00e9e en sixi\u00e8me<\/a>. Un constat accablant auquel la municipalit\u00e9 tente de r\u00e9pondre, notamment \u00e0 travers l\u2019installation l\u2019\u00e9t\u00e9 de quatre bassins mobiles dans la ville. Ouvertes depuis le 12\u00a0juillet, ces piscines \u00e9ph\u00e9m\u00e8res, situ\u00e9es sur la plage du <a href=\"https:\/\/etemarseillais.fr\/evenements\/cours-dapprentissage-de-la-nage-train-des-sables\" target=\"_blank\" rel=\"noopener\">Prado<\/a> (8e), au parc <a href=\"https:\/\/etemarseillais.fr\/evenements\/cours-dapprentissage-de-la-nage-bougainville\" target=\"_blank\" rel=\"noopener\">Bougainville<\/a> (3e), \u00e0 la plage de <a href=\"https:\/\/etemarseillais.fr\/evenements\/cours-dapprentissage-de-la-nage-espace-mistral\" target=\"_blank\" rel=\"noopener\">l\u2019Estaque<\/a> (16e) et \u00e0 la Croix-Rouge (13e), accueillent des enfants de 4 \u00e0 12\u00a0ans. \u00ab\u00a0La grande majorit\u00e9 ne va jamais \u00e0 la mer, et profite peu des piscines municipales\u00a0\u00bb, observe Romain, ma\u00eetre-nageur depuis\u00a02022, tout en supervisant le groupe de petits baigneurs. Senna, 5\u00a0ans, saute ainsi pour la premi\u00e8re fois dans une piscine. Ravie, elle encha\u00eene sans crainte exercice avec une corde et descente d\u2019un toboggan. \u00ab\u00a0J\u2019aime beaucoup l\u2019eau\u00a0\u00bb, conclut l\u2019\u00e9nergique petite fille, avec un immense sourire.<\/p>\n<p>Favoriser l\u2019\u00e9galit\u00e9 dans l\u2019acc\u00e8s au sport<\/p>\n<p>Inaugur\u00e9s il y a deux ans par la Mairie, en lien avec la F\u00e9d\u00e9ration Fran\u00e7aise de Natation, les bassins mobiles rencontrent un franc succ\u00e8s. En\u00a02024, environ 1\u00a0400 enfants en ont profit\u00e9. Cette ann\u00e9e, l\u2019\u00e9quipe municipale en attend plus de 1\u00a0500, avec des inscriptions sur les quatre sites d\u00e9j\u00e0 compl\u00e8tes. Dans un communiqu\u00e9, la Ville assure faire de l\u2019apprentissage de la nage \u00ab\u00a0un enjeu prioritaire de s\u00e9curit\u00e9\u00a0\u00bb\u00a0; les noyades, notamment des plus jeunes, \u00e9tant encore trop nombreuses sur le littoral.<\/p>\n<p>Mais l\u2019\u00e9quipe municipale voit surtout dans le d\u00e9ploiement de ces piscines estivales un levier pour favoriser \u00ab\u00a0l\u2019\u00e9galit\u00e9 d\u2019acc\u00e8s aux pratiques sportives\u00a0\u00bb. Les enfants des quartiers prioritaires de Marseille sont surrepr\u00e9sent\u00e9s parmi ceux qui ne savent pas nager. \u00ab\u00a0Dans nos cours, on accueille surtout des enfants de la cit\u00e9 juste \u00e0 c\u00f4t\u00e9 ou des centres sociaux des alentours\u00a0\u00bb, confirme Romain en souhaitant la bienvenue \u00e0 Youssef et Jenna, 5 et 6\u00a0ans, qui habitent la cit\u00e9 enclav\u00e9e de La Marie. \u00c0 l\u2019ombre du bassin, leur m\u00e8re, Nouel, attend la fin du cours\u00a0: \u00ab\u00a0On reste tout l\u2019\u00e9t\u00e9 \u00e0 Marseille, alors cette piscine, c\u2019est super. D\u00e8s le matin, mes enfants me demandent d\u2019y aller\u00a0\u00bb. En entendant les cris de joie de ses petits, la jeune femme regrette juste l\u2019aspect \u00e9ph\u00e9m\u00e8re de l\u2019initiative\u00a0: \u00ab\u00a0On aimerait avoir ces \u00e9quipements toute l\u2019ann\u00e9e\u00a0\u00bb. Les quatre bassins mobiles vont tous fermer le 31\u00a0ao\u00fbt. Pass\u00e9 cette date, Youssef, Jenna et Nouel devront s\u2019armer de courage pour continuer \u00e0 profiter de l\u2019eau\u00a0: il faut compter une demi-heure de bus pour se rendre \u00e0 la piscine la plus proche, et une heure trente de transport pour profiter de la plage de l\u2019Estaque.<\/p>\n","protected":false},"excerpt":{"rendered":"Le soleil est \u00e0 son z\u00e9nith au-dessus de la cit\u00e9 de La Marie quand une dizaine d\u2019enfants en&hellip;\n","protected":false},"author":2,"featured_media":281083,"comment_status":"","ping_status":"","sticky":false,"template":"","format":"standard","meta":{"footnotes":""},"categories":[2814],"tags":[17,1111,11,1102,847,1777,674,1011,27,884,5217,12,5261,882,16,25,748,3333,3356],"class_list":{"0":"post-281082","1":"post","2":"type-post","3":"status-publish","4":"format-standard","5":"has-post-thumbnail","7":"category-marseille","8":"tag-17","9":"tag-actu","10":"tag-actualites","11":"tag-breakingnews","12":"tag-enfant","13":"tag-eu","14":"tag-europe","15":"tag-fr","16":"tag-france","17":"tag-marseille","18":"tag-nager","19":"tag-news","20":"tag-pas","21":"tag-provence-alpes-cote-dazur","22":"tag-region","23":"tag-republique-francaise","24":"tag-sait","25":"tag-sont","26":"tag-sur"},"share_on_mastodon":{"url":"https:\/\/pubeurope.com\/@fr\/114934583354509503","error":""},"_links":{"self":[{"href":"https:\/\/www.europesays.com\/fr\/wp-json\/wp\/v2\/posts\/281082","targetHints":{"allow":["GET"]}}],"collection":[{"href":"https:\/\/www.europesays.com\/fr\/wp-json\/wp\/v2\/posts"}],"about":[{"href":"https:\/\/www.europesays.com\/fr\/wp-json\/wp\/v2\/types\/post"}],"author":[{"embeddable":true,"href":"https:\/\/www.europesays.com\/fr\/wp-json\/wp\/v2\/users\/2"}],"replies":[{"embeddable":true,"href":"https:\/\/www.europesays.com\/fr\/wp-json\/wp\/v2\/comments?post=281082"}],"version-history":[{"count":0,"href":"https:\/\/www.europesays.com\/fr\/wp-json\/wp\/v2\/posts\/281082\/revisions"}],"wp:featuredmedia":[{"embeddable":true,"href":"https:\/\/www.europesays.com\/fr\/wp-json\/wp\/v2\/media\/281083"}],"wp:attachment":[{"href":"https:\/\/www.europesays.com\/fr\/wp-json\/wp\/v2\/media?parent=281082"}],"wp:term":[{"taxonomy":"category","embeddable":true,"href":"https:\/\/www.europesays.com\/fr\/wp-json\/wp\/v2\/categories?post=281082"},{"taxonomy":"post_tag","embeddable":true,"href":"https:\/\/www.europesays.com\/fr\/wp-json\/wp\/v2\/tags?post=281082"}],"curies":[{"name":"wp","href":"https:\/\/api.w.org\/{rel}","templated":true}]}}