{"id":281084,"date":"2025-07-29T04:15:10","date_gmt":"2025-07-29T04:15:10","guid":{"rendered":"https:\/\/www.europesays.com\/fr\/281084\/"},"modified":"2025-07-29T04:15:10","modified_gmt":"2025-07-29T04:15:10","slug":"la-mer-mediterranee-gelee-voici-pourquoi-la-temperature-chute","status":"publish","type":"post","link":"https:\/\/www.europesays.com\/fr\/281084\/","title":{"rendered":"la mer M\u00e9diterran\u00e9e \u00ab\u00a0gel\u00e9e\u00a0\u00bb, voici pourquoi la temp\u00e9rature chute"},"content":{"rendered":"<p>            Par<br \/>\n        <strong><br \/>\n            <a href=\"https:\/\/actu.fr\/auteur\/fabien-binacchi\" title=\"Consulter tous les articles de Fabien Binacchi\" target=\"_blank\" rel=\"noopener\">Fabien Binacchi<\/a><br \/>\n        <\/strong><\/p>\n<p>        Publi\u00e9 le<\/p>\n<p>            29 juil. 2025 \u00e0 5h58        <\/p>\n<p>Le grand \u00e9cart des temp\u00e9ratures. Apr\u00e8s la \u00ab\u2009soupe\u2009\u00bb de la fin du mois de juin, avec une mer qui fr\u00f4lait les 30\u00b0C, c\u2019est la d\u00e9gringolade. Depuis quelques jours, il ne fait pas bon plonger un seul orteil dans la M\u00e9diterran\u00e9e, sur le littoral des <a href=\"https:\/\/actu.fr\/provence-alpes-cote-d-azur\/bouches-du-rhone_13\" target=\"_blank\" rel=\"noopener\">Bouches-du-Rh\u00f4ne.<\/a> Et ce sera encore pire ce mardi 29\u00a0juillet 2025. <strong>Les thermom\u00e8tres ne d\u00e9passeront pas les 15\u00b0C<\/strong> dans la Grande bleue, notamment du c\u00f4t\u00e9 de <a href=\"https:\/\/actu.fr\/marseille\/\" target=\"_blank\" rel=\"noopener\">Marseille.<\/a> Un ph\u00e9nom\u00e8ne rare et un record in\u00e9gal\u00e9 depuis 15\u00a0ans pour cette p\u00e9riode de l\u2019ann\u00e9e. Voici les explications.<\/p>\n<p>\u00ab\u2009Il faudrait une combi\u2009\u00bb<\/p>\n<p class=\" wall-content\">D\u2019habitude, Sabrina part piquer une t\u00eate \u00e0 la moindre occasion\u2009: \u00ab\u2009Quand je sors du boulot ou le week-end\u2009\u00bb. \u00ab\u2009J\u2019ai toujours mon maillot et une petite serviette dans le sac, confie la Marseillaise. Mais l\u00e0, ce n\u2019est pas possible. Il faudrait une combi. <strong>C\u2019est gel\u00e9.<\/strong> On est en Bretagne ou quoi\u2009? \u00bb Elle n\u2019est pas tomb\u00e9e si loin.<\/p>\n<p class=\" wall-content\">Selon La Cha\u00eene M\u00e9t\u00e9o, la temp\u00e9rature de la M\u00e9diterran\u00e9e sera <strong>\u00ab\u2009parfois inf\u00e9rieure \u00e0 celle de la Manche cette semaine\u2009\u00bb.<\/strong> C\u2019est dire\u2009!<\/p>\n<p class=\" wall-content\">\n<p class=\" wall-content\">Depuis quelques jours d\u00e9j\u00e0, l\u2019eau de la mer a litt\u00e9ralement\u2026 pris un coup de froid. Le mercure a d\u00e9gringol\u00e9. Ce lundi 28 juillet 2025, il fallait faire avec 16\u00b0C du c\u00f4t\u00e9 de l\u2019Estaque. Et ce sera encore pire mardi\u2009: <strong>15\u00b0C sont annonc\u00e9s.<\/strong> Tr\u00e8s inhabituel pour la saison.<\/p>\n<p>Apr\u00e8s un \u00ab\u2009record haut\u2009\u00bb en d\u00e9but de saison<\/p>\n<p class=\" wall-content\">D\u2019autant plus que la Grande Bleue \u00e9tait mont\u00e9e <strong>\u00ab\u2009\u00e0 plus de 29\u00b0C fin juin\u2009\u00bb,<\/strong> en pleine canicule, rappelle le m\u00e9t\u00e9orologue ind\u00e9pendant Paul Marquis, sollicit\u00e9 par actu Marseille.<\/p>\n<p class=\" wall-content\">Le 16\u00a0juillet, \u00e0 La Ciotat, les thermom\u00e8tres avaient d\u00e9j\u00e0 d\u00e9croch\u00e9 une premi\u00e8re fois, avec 16\u00b0C relev\u00e9s. \u00ab\u2009De telles variations ne sont pas fr\u00e9quentes surtout apr\u00e8s avoir connu un \u2018record haut\u2019\u00bb en tout d\u00e9but de saison, pr\u00e9cise l\u2019expert, fondateur de la M\u00e9t\u00e9o du 13.<\/p>\n<p>Un ph\u00e9nom\u00e8ne dit d\u2019upwelling<\/p>\n<p class=\" wall-content\">Des \u00e9pisodes tr\u00e8s peu fr\u00e9quents dans de telles proportions mais qui ont trouv\u00e9 leur responsable\u2009:<strong> le vent, et plus pr\u00e9cis\u00e9ment le mistral.<\/strong><\/p>\n<p class=\" wall-content\">\u00ab\u2009Il rafra\u00eechit l\u2019eau en surface\u2009\u00bb qui est aussi soumise \u00ab\u2009au ph\u00e9nom\u00e8ne d\u2019upwelling, <strong>la remont\u00e9e des eaux froides plus profondes<\/strong> vers la surface en raison du vent\u2009\u00bb, d\u00e9taille Guillaume S\u00e9chet, un autre expert \u00e0 la t\u00eate du site Internet <a href=\"https:\/\/www.meteo-villes.com\/\" target=\"_blank\" rel=\"noopener\">meteo-villes.com.<\/a><\/p>\n<p class=\" wall-content\">\n<p>Le mistral encore pr\u00e9sent plusieurs jours<\/p>\n<p class=\" wall-content\">C\u2019est ce qui \u00e9tait arriv\u00e9, dans une moindre mesure, en ao\u00fbt 2023\u2009: la temp\u00e9rature de l\u2019eau \u00e9tait pass\u00e9e <strong>de 26\u00b0C \u00e0 16\u00b0C en quelques jours seulement.<\/strong><\/p>\n<p class=\" wall-content\">Elle ne devrait pas remonter aussi sec ces prochains jours. Selon les pr\u00e9visions de M\u00e9t\u00e9o-France, le mistral se maintient encore plusieurs jours, peut-\u00eatre m\u00eame jusqu\u2019au milieu de la semaine prochaine. Une accalmie tr\u00e8s transitoire est attendue ce vendredi 1er\u00a0ao\u00fbt. Pas de quoi, en tout cas, esp\u00e9rer retrouver rapidement des temp\u00e9ratures de saison.<\/p>\n<p class=\" wall-content\">Suivez toute l\u2019actualit\u00e9 de vos villes et m\u00e9dias favoris en vous inscrivant \u00e0 <a href=\"https:\/\/moncompte.actu.fr\" title=\"D\u00e9couvez Mon Actu\" rel=\"nofollow noopener\" data-trk=\"{&quot;cta&quot;:{&quot;action&quot;:&quot;https:\\\/\\\/moncompte.actu.fr&quot;,&quot;category&quot;:&quot;mon compte&quot;,&quot;from&quot;:&quot;article footer&quot;,&quot;name&quot;:&quot;Mon actu&quot;,&quot;type&quot;:&quot;cta&quot;}}\" target=\"_blank\">Mon Actu<\/a>.<\/p>\n","protected":false},"excerpt":{"rendered":"Par Fabien Binacchi Publi\u00e9 le 29 juil. 2025 \u00e0 5h58 Le grand \u00e9cart des temp\u00e9ratures. Apr\u00e8s la \u00ab\u2009soupe\u2009\u00bb&hellip;\n","protected":false},"author":2,"featured_media":98991,"comment_status":"","ping_status":"","sticky":false,"template":"","format":"standard","meta":{"footnotes":""},"categories":[2814],"tags":[1111,11,1777,674,1011,27,884,1252,6127,2487,2357,12,882,25],"class_list":{"0":"post-281084","1":"post","2":"type-post","3":"status-publish","4":"format-standard","5":"has-post-thumbnail","7":"category-marseille","8":"tag-actu","9":"tag-actualites","10":"tag-eu","11":"tag-europe","12":"tag-fr","13":"tag-france","14":"tag-marseille","15":"tag-mediterranee","16":"tag-mer","17":"tag-meteo","18":"tag-meteo-france","19":"tag-news","20":"tag-provence-alpes-cote-dazur","21":"tag-republique-francaise"},"share_on_mastodon":{"url":"https:\/\/pubeurope.com\/@fr\/114934587253530012","error":""},"_links":{"self":[{"href":"https:\/\/www.europesays.com\/fr\/wp-json\/wp\/v2\/posts\/281084","targetHints":{"allow":["GET"]}}],"collection":[{"href":"https:\/\/www.europesays.com\/fr\/wp-json\/wp\/v2\/posts"}],"about":[{"href":"https:\/\/www.europesays.com\/fr\/wp-json\/wp\/v2\/types\/post"}],"author":[{"embeddable":true,"href":"https:\/\/www.europesays.com\/fr\/wp-json\/wp\/v2\/users\/2"}],"replies":[{"embeddable":true,"href":"https:\/\/www.europesays.com\/fr\/wp-json\/wp\/v2\/comments?post=281084"}],"version-history":[{"count":0,"href":"https:\/\/www.europesays.com\/fr\/wp-json\/wp\/v2\/posts\/281084\/revisions"}],"wp:featuredmedia":[{"embeddable":true,"href":"https:\/\/www.europesays.com\/fr\/wp-json\/wp\/v2\/media\/98991"}],"wp:attachment":[{"href":"https:\/\/www.europesays.com\/fr\/wp-json\/wp\/v2\/media?parent=281084"}],"wp:term":[{"taxonomy":"category","embeddable":true,"href":"https:\/\/www.europesays.com\/fr\/wp-json\/wp\/v2\/categories?post=281084"},{"taxonomy":"post_tag","embeddable":true,"href":"https:\/\/www.europesays.com\/fr\/wp-json\/wp\/v2\/tags?post=281084"}],"curies":[{"name":"wp","href":"https:\/\/api.w.org\/{rel}","templated":true}]}}