{"id":281087,"date":"2025-07-29T04:17:17","date_gmt":"2025-07-29T04:17:17","guid":{"rendered":"https:\/\/www.europesays.com\/fr\/281087\/"},"modified":"2025-07-29T04:17:17","modified_gmt":"2025-07-29T04:17:17","slug":"il-na-pas-ete-simple-de-visiter-bucarest-en-fauteuil-roulant","status":"publish","type":"post","link":"https:\/\/www.europesays.com\/fr\/281087\/","title":{"rendered":"\u00ab\u00a0Il n\u2019a pas \u00e9t\u00e9 simple de visiter Bucarest en fauteuil roulant \u00bb"},"content":{"rendered":"<blockquote class=\"question\"><p>Antoine Durand, vous rentrez de Roumanie. Comment s\u2019est d\u00e9roul\u00e9 votre p\u00e9riple\u00a0?<\/p><\/blockquote>\n<p>\u00ab\u00a0Du 13 au 20\u00a0juillet, nous avons parcouru 4\u00a0154\u00a0km en voiture, avec 62\u00a0heures de trajet en quatre jours. Une formidable \u00e9quipe compos\u00e9e de quatre personnes de qualit\u00e9\u00a0: Sandrine, auxiliaire de vie, Sophie, kin\u00e9, Valentin, chauffeur \u00e0 l\u2019aller et Michel pour le retour. Nous avons franchi dix fronti\u00e8res et avons eu droit \u00e0 quatre contr\u00f4les de la douane, pass\u00e9s avec succ\u00e8s. Nous avons travers\u00e9 six pays\u00a0: la France, l\u2019Italie, la Slov\u00e9nie, la Croatie, la Serbie et la Roumanie. Pour la petite histoire, 254 chips ont \u00e9t\u00e9 aval\u00e9es pendant le trajet et je d\u00e9tiens le record dans l\u2019\u00e9quipe. J\u2019ai test\u00e9 7\u00a0WC dont quatre trop petits pour mon fauteuil et un&#8230;<\/p>\n","protected":false},"excerpt":{"rendered":"Antoine Durand, vous rentrez de Roumanie. Comment s\u2019est d\u00e9roul\u00e9 votre p\u00e9riple\u00a0? \u00ab\u00a0Du 13 au 20\u00a0juillet, nous avons parcouru&hellip;\n","protected":false},"author":2,"featured_media":281088,"comment_status":"","ping_status":"","sticky":false,"template":"","format":"standard","meta":{"footnotes":""},"categories":[1889],"tags":[1111,11,2430,2757,1777,674,107,1011,27,1943,2428,5947,5946,12,25,2429,71,4604,104],"class_list":{"0":"post-281087","1":"post","2":"type-post","3":"status-publish","4":"format-standard","5":"has-post-thumbnail","7":"category-lyon","8":"tag-actu","9":"tag-actualites","10":"tag-auvergne-rhone-alpes","11":"tag-edition-lyon-villeurbanne","12":"tag-eu","13":"tag-europe","14":"tag-fil-info","15":"tag-fr","16":"tag-france","17":"tag-handicap","18":"tag-lyon","19":"tag-lyon-7e","20":"tag-lyon-7e-arrondissement","21":"tag-news","22":"tag-republique-francaise","23":"tag-rhone","24":"tag-sante","25":"tag-selection-abonne","26":"tag-societe"},"share_on_mastodon":{"url":"https:\/\/pubeurope.com\/@fr\/114934595112843760","error":""},"_links":{"self":[{"href":"https:\/\/www.europesays.com\/fr\/wp-json\/wp\/v2\/posts\/281087","targetHints":{"allow":["GET"]}}],"collection":[{"href":"https:\/\/www.europesays.com\/fr\/wp-json\/wp\/v2\/posts"}],"about":[{"href":"https:\/\/www.europesays.com\/fr\/wp-json\/wp\/v2\/types\/post"}],"author":[{"embeddable":true,"href":"https:\/\/www.europesays.com\/fr\/wp-json\/wp\/v2\/users\/2"}],"replies":[{"embeddable":true,"href":"https:\/\/www.europesays.com\/fr\/wp-json\/wp\/v2\/comments?post=281087"}],"version-history":[{"count":0,"href":"https:\/\/www.europesays.com\/fr\/wp-json\/wp\/v2\/posts\/281087\/revisions"}],"wp:featuredmedia":[{"embeddable":true,"href":"https:\/\/www.europesays.com\/fr\/wp-json\/wp\/v2\/media\/281088"}],"wp:attachment":[{"href":"https:\/\/www.europesays.com\/fr\/wp-json\/wp\/v2\/media?parent=281087"}],"wp:term":[{"taxonomy":"category","embeddable":true,"href":"https:\/\/www.europesays.com\/fr\/wp-json\/wp\/v2\/categories?post=281087"},{"taxonomy":"post_tag","embeddable":true,"href":"https:\/\/www.europesays.com\/fr\/wp-json\/wp\/v2\/tags?post=281087"}],"curies":[{"name":"wp","href":"https:\/\/api.w.org\/{rel}","templated":true}]}}