{"id":281089,"date":"2025-07-29T04:20:11","date_gmt":"2025-07-29T04:20:11","guid":{"rendered":"https:\/\/www.europesays.com\/fr\/281089\/"},"modified":"2025-07-29T04:20:11","modified_gmt":"2025-07-29T04:20:11","slug":"jai-deja-lu-cinq-livres","status":"publish","type":"post","link":"https:\/\/www.europesays.com\/fr\/281089\/","title":{"rendered":"J&rsquo;ai d\u00e9j\u00e0 lu cinq livres"},"content":{"rendered":"<p>            Par<br \/>\n        <strong><br \/>\n            <a href=\"https:\/\/actu.fr\/auteur\/ines-cussac-actu-fr\" title=\"Consulter tous les articles de In\u00e8s Cussac\" rel=\"nofollow noopener\" target=\"_blank\">In\u00e8s Cussac<\/a><br \/>\n        <\/strong><\/p>\n<p>        Publi\u00e9 le<\/p>\n<p>            29 juil. 2025 \u00e0 6h14        <\/p>\n<p>-J\u2019ai d\u00e9j\u00e0 lu cinq livres<br \/>-Et moi trois\u2009!<br \/>Rayen et Iyed \u00e9taient impatients de revenir dans les hamacs aux couleurs vives de la <strong>Bibliambule<\/strong>. \u00c0 11 et 9 ans, les deux fr\u00e8res d\u00e9vorent les mangas. Gr\u00e2ce \u00e0 <a href=\"https:\/\/actu.fr\/ile-de-france\/paris_75056\/une-prestigieuse-bibliotheque-de-paris-au-coeur-d-une-mysterieuse-affaire-de-disparitions-de-livres-rares_62241914.html\" rel=\"nofollow noopener\" target=\"_blank\">la biblioth\u00e8que<\/a> mobile arr\u00eat\u00e9e <strong>sur le parvis Rosa-Parks \u00e0 <a href=\"https:\/\/actu.fr\/ile-de-france\/paris_75056\" rel=\"nofollow noopener\" target=\"_blank\">Paris<\/a><\/strong> (19e), ils sont aux anges vendredi 25 juillet 2025. \u00ab\u2009Ce matin, on s\u2019est r\u00e9veill\u00e9. On s\u2019est lav\u00e9 le visage et normalement on prend un petit-d\u00e9jeuner mais l\u00e0, j\u2019\u00e9tais un peu press\u00e9 donc je n\u2019en ai pas pris et je suis venu directement ici\u2009\u00bb, retrace l\u2019impatient Iyed le sourire aux l\u00e8vres.<br \/>Tous les vendredis depuis le 11\u00a0juillet, <strong>le triporteur de l\u2019association Emile et Rosa<\/strong> est d\u00e9ploy\u00e9 pour permettre aux enfants et aux adolescents du quartier de bouquiner sous les tonnelles. \u00ab\u2009Notre but est d\u2019aller au plus pr\u00e8s des publics qui ne vont pas \u00e0 la biblioth\u00e8que\u2009\u00bb, indique\u00a0Chlo\u00e9 de <strong>l\u2019association LIRE<\/strong> (Un Livre pour l\u2019insertion et le refus de l\u2019exclusion).<\/p>\n<p class=\" wall-content\">\u00ab\u2009On propose des livres mais on explique aussi tout ce qu\u2019on peut faire en biblioth\u00e8que et le programme d\u2019activit\u00e9s culturelles comme Les Heures du conte, les activit\u00e9s num\u00e9riques, les jeux vid\u00e9o, les ateliers cr\u00e9atifs\u2026\u2009\u00bb pr\u00e9cise Oph\u00e9lie. La responsable de <strong>la biblioth\u00e8que Benjamin Rabier<\/strong> a nou\u00e9 un partenariat avec les deux associations pour mettre en place ce projet de Bibliambule dans le 19e arrondissement, sur demande de la mairie.<\/p>\n<p>\u00ab\u2009Il y a des habitu\u00e9s\u2009\u00bb<\/p>\n<p class=\" wall-content\">\u00ab\u2009C\u2019\u00e9tait un peu risqu\u00e9 de s\u2019installer ici parce que nous sommes dans une zone de passage [le parvis Rosa-Parks est entre la station de tram du T3b et la gare du RER E, ndlr]. Mais cet endroit nous permet de toucher <strong>un public g\u00e9ographiquement \u00e9loign\u00e9<\/strong> des biblioth\u00e8ques\u2009\u00bb, souligne Oph\u00e9lie qui d\u00e9ambule aussi dans le jardin Cesaria Evora pour faire conna\u00eetre le projet. \u00ab\u2009Il y a ceux qui passent et qui nous voient. Sinon on va les chercher mais on commence \u00e0 se faire conna\u00eetre. Ce matin j\u2019ai crois\u00e9 une m\u00e8re de famille qui \u00e9tait venue la semaine derni\u00e8re et qui va revenir. Il y en a aussi une qui nous a vus nous installer par sa fen\u00eatre et elle m\u2019a dit\u2009: je vais chercher ma fille, je reviens\u2009!\u2009\u00bb t\u00e9moigne Chlo\u00e9.<\/p>\n<p>    <img   decoding=\"async\" loading=\"lazy\" src=\"https:\/\/www.europesays.com\/fr\/wp-content\/uploads\/2025\/07\/a90b3397-8111-4a51-aec6-31fa517d543b-960x640.jpg\" alt=\"Une quarantaine de livres est pr\u00e9sent\u00e9e dans la biblioth\u00e8que ambbulante.\" width=\"960\" height=\"640\"\/><br \/>\n    Une quarantaine de livres est pr\u00e9sent\u00e9e dans la biblioth\u00e8que ambulante. (\u00a9IC \/ actu Paris)<\/p>\n<p class=\" wall-content\">Rayen et Iyed ont d\u00e9couvert la Bibliambule en voyant le triporteur rouler dans le quartier. Le jeune Morau a, lui, \u00e9t\u00e9 approch\u00e9. \u00ab\u2009Hier on m\u2019a propos\u00e9 de venir ici. J\u2019aime bien lire donc je suis venu\u2009\u00bb, remet le gar\u00e7on de 6 ans, \u00e9galement accompagn\u00e9 de son petit fr\u00e8re. \u00ab\u2009Il y a des habitu\u00e9s, des enfants qui nous demandent les prochaines dates pour savoir quand ils pourront revenir\u2009\u00bb, se r\u00e9jouit Nada. La jeune femme travaille pour l\u2019association Emile et Rosa dont l\u2019une des missions est <a href=\"https:\/\/actu.fr\/ile-de-france\/paris_75056\/nouveau-territoire-zero-chomeur-a-paris-ce-que-ca-change_48379656.html\" rel=\"nofollow noopener\" target=\"_blank\">d\u2019offrir des services de proximit\u00e9<\/a>.<\/p>\n<blockquote class=\"ac-article-quote wall-content\">\n<p>Cette Bibliambule, c&rsquo;est vraiment quelque chose de pratique. On peut l&rsquo;exporter partout o\u00f9 c&rsquo;est possible.<\/p>\n<p>    <strong>Nada<\/strong><br \/>\n        salari\u00e9e de l&rsquo;association Emile et Rosa    <\/p><\/blockquote>\n<p class=\" wall-content\">L\u2019organisation s\u2019est dot\u00e9e en mars du v\u00e9lo \u00e0 assistance \u00e9lectrique con\u00e7u par l\u2019association Z\u2019Ambules. Dedans, une quarantaine de livres est rang\u00e9e dans un casier mis au centre de la remorque. <strong>Les BD et les mangas sont les plus tendances<\/strong> aupr\u00e8s des jeunes qui n\u2019h\u00e9sitent pas \u00e0 \u00e9tablir une inventaire d\u2019ouvrages que pourrait acheter l\u2019association. \u00ab\u2009On a beaucoup de dons des biblioth\u00e8ques ou des gens. Mais on ach\u00e8te aussi des livres\u2009\u00bb, indique Nada qui s\u2019appr\u00eate \u00e0 commander de nouveaux albums d\u2019Aya de Yopougon et Mortelle Ad\u00e8le, deux titres tr\u00e8s en vogue aupr\u00e8s des petits lecteurs. \u00ab\u2009On essaie de leur faire plaisir.\u2009\u00bb \u00ab\u2009C\u2019est trop bien\u2009\u00bb, approuve Rayen avant d\u2019\u00e9tayer d\u2019une liste\u2009: \u00ab\u2009L\u2019accueil, la diversit\u00e9 des livres et la gentillesse des dames.\u2009\u00bb Et de replonger la t\u00eate dans son manga.<\/p>\n<p class=\" wall-content\">Suivez toute l\u2019actualit\u00e9 de vos villes et m\u00e9dias favoris en vous inscrivant \u00e0 <a href=\"https:\/\/moncompte.actu.fr\" title=\"D\u00e9couvez Mon Actu\" rel=\"nofollow noopener\" data-trk=\"{&quot;cta&quot;:{&quot;action&quot;:&quot;https:\\\/\\\/moncompte.actu.fr&quot;,&quot;category&quot;:&quot;mon compte&quot;,&quot;from&quot;:&quot;article footer&quot;,&quot;name&quot;:&quot;Mon actu&quot;,&quot;type&quot;:&quot;cta&quot;}}\" target=\"_blank\">Mon Actu<\/a>.<\/p>\n","protected":false},"excerpt":{"rendered":"Par In\u00e8s Cussac Publi\u00e9 le 29 juil. 2025 \u00e0 6h14 -J\u2019ai d\u00e9j\u00e0 lu cinq livres-Et moi trois\u2009!Rayen et&hellip;\n","protected":false},"author":2,"featured_media":281090,"comment_status":"","ping_status":"","sticky":false,"template":"","format":"standard","meta":{"footnotes":""},"categories":[1888],"tags":[1111,1928,11,1927,1057,1719,1777,674,1011,27,1652,12,1926,626,1925,25],"class_list":{"0":"post-281089","1":"post","2":"type-post","3":"status-publish","4":"format-standard","5":"has-post-thumbnail","7":"category-paris","8":"tag-actu","9":"tag-actu-paris","10":"tag-actualites","11":"tag-actualites-paris","12":"tag-education","13":"tag-enfants","14":"tag-eu","15":"tag-europe","16":"tag-fr","17":"tag-france","18":"tag-loisirs-culture","19":"tag-news","20":"tag-news-paris","21":"tag-paris","22":"tag-paris-news","23":"tag-republique-francaise"},"share_on_mastodon":{"url":"https:\/\/pubeurope.com\/@fr\/114934607102724114","error":""},"_links":{"self":[{"href":"https:\/\/www.europesays.com\/fr\/wp-json\/wp\/v2\/posts\/281089","targetHints":{"allow":["GET"]}}],"collection":[{"href":"https:\/\/www.europesays.com\/fr\/wp-json\/wp\/v2\/posts"}],"about":[{"href":"https:\/\/www.europesays.com\/fr\/wp-json\/wp\/v2\/types\/post"}],"author":[{"embeddable":true,"href":"https:\/\/www.europesays.com\/fr\/wp-json\/wp\/v2\/users\/2"}],"replies":[{"embeddable":true,"href":"https:\/\/www.europesays.com\/fr\/wp-json\/wp\/v2\/comments?post=281089"}],"version-history":[{"count":0,"href":"https:\/\/www.europesays.com\/fr\/wp-json\/wp\/v2\/posts\/281089\/revisions"}],"wp:featuredmedia":[{"embeddable":true,"href":"https:\/\/www.europesays.com\/fr\/wp-json\/wp\/v2\/media\/281090"}],"wp:attachment":[{"href":"https:\/\/www.europesays.com\/fr\/wp-json\/wp\/v2\/media?parent=281089"}],"wp:term":[{"taxonomy":"category","embeddable":true,"href":"https:\/\/www.europesays.com\/fr\/wp-json\/wp\/v2\/categories?post=281089"},{"taxonomy":"post_tag","embeddable":true,"href":"https:\/\/www.europesays.com\/fr\/wp-json\/wp\/v2\/tags?post=281089"}],"curies":[{"name":"wp","href":"https:\/\/api.w.org\/{rel}","templated":true}]}}