{"id":281091,"date":"2025-07-29T04:21:12","date_gmt":"2025-07-29T04:21:12","guid":{"rendered":"https:\/\/www.europesays.com\/fr\/281091\/"},"modified":"2025-07-29T04:21:12","modified_gmt":"2025-07-29T04:21:12","slug":"rachida-dati-affirme-quelle-sera-candidate-quoi-quil-arrive","status":"publish","type":"post","link":"https:\/\/www.europesays.com\/fr\/281091\/","title":{"rendered":"Rachida Dati affirme qu&rsquo;elle sera candidate \u00ab\u00a0quoi qu&rsquo;il arrive\u00a0\u00bb"},"content":{"rendered":"<p>Co\u00fbte que co\u00fbte. L&rsquo;actuelle ministre de la Culture, Rachida Dati, assure <a data-i13n=\"cpos:1;pos:1\" href=\"https:\/\/www.leparisien.fr\/elections\/legislatives\/legislative-partielle-a-paris-je-serai-quoi-quil-arrive-candidate-dati-prete-a-entrer-en-dissidence-28-07-2025-AAIOMYB2HFB4JBKOHBUZBPTERI.php\" rel=\"nofollow noopener\" target=\"_blank\" data-ylk=\"slk:\u00e0 nos confr\u00e8res du Parisien;cpos:1;pos:1;elm:context_link;itc:0;sec:content-canvas\" class=\"link \">\u00e0 nos confr\u00e8res du Parisien<\/a> ce lundi 28 juillet qu&rsquo;elle sera candidate \u00ab\u00a0quoi qu&rsquo;il arrive\u00a0\u00bb \u00e0 <a data-i13n=\"cpos:2;pos:1\" href=\"https:\/\/fr.news.yahoo.com\/l%C3%A9gislative-partielle-%C3%A0-paris-lr-044545820.html\" data-ylk=\"slk:la l\u00e9gislative partielle dans la deuxi\u00e8me circonscription de Paris;cpos:2;pos:1;elm:context_link;itc:0;sec:content-canvas;outcm:mb_qualified_link;_E:mb_qualified_link;ct:story;\" class=\"link  yahoo-link\" target=\"_blank\" rel=\"noopener\">la l\u00e9gislative partielle dans la deuxi\u00e8me circonscription de Paris<\/a>. Et ce, m\u00eame si Les R\u00e9publicains, dont la commission nationale d&rsquo;investiture (CNI) du parti se r\u00e9unit ce m\u00eame jour, d\u00e9cident de choisir l&rsquo;ancien chef du gouvernement Michel Barnier, officiellement candidat pour les repr\u00e9senter aux l\u00e9gislatives.<\/p>\n<p>Rachida Dati n&rsquo;a quant \u00e0 elle pas sollicit\u00e9 cette investiture.<\/p>\n<p>\u00ab\u00a0Je suis candidate quoi qu\u2019il arrive dans cette circonscription o\u00f9 les Parisiens attendent une alternance! Ma d\u00e9termination et mon \u00e9nergie sont pour eux! Paris ne peut pas souffrir de guerres d\u2019ego qui me sont \u00e9trang\u00e8res\u00a0\u00bb, lance Rachida Dati au Parisien &#8211; Aujourd\u2019hui en France, ainsi pr\u00eate \u00e0 rentrer en dissidence.<\/p>\n<p>\u00ab\u00a0Ambitions pr\u00e9sidentielles de Michel Barnier\u00a0\u00bb<\/p>\n<p>Selon elle, si Michel Barnier souhaite se pr\u00e9senter \u00e0 cette \u00e9lection l\u00e9gislative partielle, pr\u00e9vue d&rsquo;ici octobre, ce n&rsquo;est que pour \u00ab\u00a0porter ses ambitions pr\u00e9sidentielles\u00a0\u00bb.<\/p>\n<p>\u00ab\u00a0J\u2019y vais parce que les Parisiennes et les Parisiens doivent comprendre que cette \u00e9lection ne peut pas servir qu\u2019\u00e0 porter les ambitions pr\u00e9sidentielles de Michel Barnier. C\u2019est un manque de respect pour tout le monde, en plus de son parachutage\u00a0\u00bb, se justifie la maire du 7e arrondissement de la capitale.<\/p>\n<p>\u00ab\u00a0Il se pr\u00e9sente dans ma circonscription sans m&rsquo;en parler, pouss\u00e9 par ceux qui veulent m&#8217;emp\u00eacher de gagner Paris\u00a0\u00bb, ajoute l&rsquo;ancienne ministre de Nicolas Sarkozy.<\/p>\n<p>\u00ab\u00a0Mais soyons francs: qui accepterait cela dans sa propre circonscription? Qui accepterait de voir son territoire utilis\u00e9 pour servir un agenda pr\u00e9sidentiel, contre sa propre dynamique locale? Je n&rsquo;ai pas initi\u00e9 la division. Mais je ne c\u00e9derai pas \u00e0 ceux dont le seul objet est de se faire \u00e9lire sur mon dos\u00a0\u00bb, gronde-t-elle.<\/p>\n<p>Dans sa d\u00e9claration de candidature cit\u00e9e par Le Parisien, elle estime que \u00ab\u00a0pour la premi\u00e8re fois depuis 2001, la droite et le centre peuvent gagner Paris\u00a0\u00bb, et qu&rsquo;elle est candidate \u00e0 cette l\u00e9gislative partielle \u00ab\u00a0car, \u00e0 moins de six mois des prochaines municipales, cette \u00e9lection lancera n\u00e9cessairement le d\u00e9but de la campagne\u00a0\u00bb municipale.<\/p>\n<p>\u00ab\u00a0J&rsquo;ai tenu mon territoire, j&rsquo;ai construit une opposition solide et respect\u00e9e, et aujourd&rsquo;hui, ce travail porte ses fruits puisque les sondages me placent tr\u00e8s largement en t\u00eate\u00a0\u00bb, fait-elle encore valoir.<\/p>\n<p>Ces divisions pourraient ravir la gauche. Elle avait cr\u00e9\u00e9 la surprise l&rsquo;an dernier en parvenant \u00e0 se glisser au second tour dans cette circonscription, longtemps consid\u00e9r\u00e9e comme \u00ab\u00a0imperdable\u00a0\u00bb par la droite. Les socialistes doivent choisir leur candidat dans les jours qui viennent.<\/p>\n<p><a data-i13n=\"cpos:3;pos:1\" href=\"https:\/\/www.bfmtv.com\/politique\/gouvernement\/legislative-partielle-a-paris-rachida-dati-affirme-qu-elle-sera-candidate-quoi-qu-il-arrive_AN-202507280425.html#xtor=AL-68\" rel=\"nofollow noopener\" target=\"_blank\" data-ylk=\"slk:Article original publi\u00e9 sur BFMTV.com;cpos:3;pos:1;elm:context_link;itc:0;sec:content-canvas\" class=\"link \">Article original publi\u00e9 sur BFMTV.com<\/a><\/p>\n","protected":false},"excerpt":{"rendered":"Co\u00fbte que co\u00fbte. L&rsquo;actuelle ministre de la Culture, Rachida Dati, assure \u00e0 nos confr\u00e8res du Parisien ce lundi&hellip;\n","protected":false},"author":2,"featured_media":281092,"comment_status":"","ping_status":"","sticky":false,"template":"","format":"standard","meta":{"footnotes":""},"categories":[1888],"tags":[1111,1928,11,1927,42071,1777,674,1011,27,5553,39207,27636,12,1926,626,1925,417,25],"class_list":{"0":"post-281091","1":"post","2":"type-post","3":"status-publish","4":"format-standard","5":"has-post-thumbnail","7":"category-paris","8":"tag-actu","9":"tag-actu-paris","10":"tag-actualites","11":"tag-actualites-paris","12":"tag-aujourdhui-en-france","13":"tag-eu","14":"tag-europe","15":"tag-fr","16":"tag-france","17":"tag-le-parisien","18":"tag-legislative-partielle","19":"tag-michel-barnier","20":"tag-news","21":"tag-news-paris","22":"tag-paris","23":"tag-paris-news","24":"tag-rachida-dati","25":"tag-republique-francaise"},"share_on_mastodon":{"url":"https:\/\/pubeurope.com\/@fr\/114934610917257092","error":""},"_links":{"self":[{"href":"https:\/\/www.europesays.com\/fr\/wp-json\/wp\/v2\/posts\/281091","targetHints":{"allow":["GET"]}}],"collection":[{"href":"https:\/\/www.europesays.com\/fr\/wp-json\/wp\/v2\/posts"}],"about":[{"href":"https:\/\/www.europesays.com\/fr\/wp-json\/wp\/v2\/types\/post"}],"author":[{"embeddable":true,"href":"https:\/\/www.europesays.com\/fr\/wp-json\/wp\/v2\/users\/2"}],"replies":[{"embeddable":true,"href":"https:\/\/www.europesays.com\/fr\/wp-json\/wp\/v2\/comments?post=281091"}],"version-history":[{"count":0,"href":"https:\/\/www.europesays.com\/fr\/wp-json\/wp\/v2\/posts\/281091\/revisions"}],"wp:featuredmedia":[{"embeddable":true,"href":"https:\/\/www.europesays.com\/fr\/wp-json\/wp\/v2\/media\/281092"}],"wp:attachment":[{"href":"https:\/\/www.europesays.com\/fr\/wp-json\/wp\/v2\/media?parent=281091"}],"wp:term":[{"taxonomy":"category","embeddable":true,"href":"https:\/\/www.europesays.com\/fr\/wp-json\/wp\/v2\/categories?post=281091"},{"taxonomy":"post_tag","embeddable":true,"href":"https:\/\/www.europesays.com\/fr\/wp-json\/wp\/v2\/tags?post=281091"}],"curies":[{"name":"wp","href":"https:\/\/api.w.org\/{rel}","templated":true}]}}