{"id":281095,"date":"2025-07-29T04:23:15","date_gmt":"2025-07-29T04:23:15","guid":{"rendered":"https:\/\/www.europesays.com\/fr\/281095\/"},"modified":"2025-07-29T04:23:15","modified_gmt":"2025-07-29T04:23:15","slug":"roberto-cavalli-revient-a-paris-avec-un-pop-up-aux-galeries-lafayette-paris-haussmann","status":"publish","type":"post","link":"https:\/\/www.europesays.com\/fr\/281095\/","title":{"rendered":"Roberto Cavalli revient \u00e0 Paris avec un pop-up aux Galeries Lafayette Paris Haussmann"},"content":{"rendered":"<p>\n                                        <b>Traduit par<\/b><br \/>\n                                        <br \/>Cecile Herrero\n                                    <\/p>\n<p>\n                                    <b>Publi\u00e9 le<\/b><br \/>\n                                    <\/p>\n<p>                                        29 juillet 2025<\/p>\n<p class=\"article-content col-md-8 offset-md-1\">\n                                Du 25 juillet au 21 ao\u00fbt, <a class=\"fnwAddLinks\" href=\"https:\/\/fr.fashionnetwork.com\/tags-roberto-cavalli\" title=\"Roberto Cavalli\" target=\"_blank\" rel=\"noopener\">Roberto Cavalli<\/a> apporte son style \u00e0 Paris avec un espace de 30 m\u00e8tres carr\u00e9s au sein du grand magasin <a class=\"fnwAddLinks\" href=\"https:\/\/fr.fashionnetwork.com\/tags-galeries-lafayette\" title=\"Galeries Lafayette\" target=\"_blank\" rel=\"noopener\">Galeries Lafayette<\/a> Paris Haussmann.<\/p>\n<p><img decoding=\"async\" class=\"news-image\" style=\"width:100%;max-width:752px;\" src=\"https:\/\/www.europesays.com\/fr\/wp-content\/uploads\/2025\/07\/55a6.jpg\" alt=\"Roberto Cavalli revient \u00e0 Paris avec un pop-up aux Galeries Lafayette Paris Haussmann\" loading=\"lazy\"\/>Roberto Cavalli revient \u00e0 Paris avec un pop-up aux Galeries Lafayette Paris Haussmann <\/p>\n<p class=\"col-md-8 offset-md-1 article-content--texte\">\u00ab\u00a0Paris a toujours fait partie de l&rsquo;histoire de Roberto Cavalli, une ville qui refl\u00e8te la joie de vivre de la marque, son flair et son esth\u00e9tique audacieuse\u00a0\u00bb, commente Sergio Azzolari, PDG de la marque. \u00ab\u00a0Revenir dans cette extraordinaire capitale de la mode est \u00e0 la fois une d\u00e9claration et une c\u00e9l\u00e9bration. Les Galeries Lafayette \u00e9taient un choix naturel, un partenaire qui partage nos valeurs d&rsquo;innovation, d&rsquo;excellence et de lien profond avec le luxe contemporain. Ce pop-up n&rsquo;est pas seulement un espace, mais une vitrine de notre identit\u00e9, de notre \u00e9volution et de notre esprit intemporel.\u00a0\u00bb<\/p>\n<p>Le protagoniste absolu de l&rsquo;espace est l&rsquo;imprim\u00e9 animalier embl\u00e9matique de la marque, gr\u00e2ce \u00e0 une combinaison de textures, de motifs et de mat\u00e9riaux, \u00e0 commencer par le sol, recouvert d&rsquo;une moquette z\u00e9br\u00e9e de la collection Roberto Cavalli Home Interiors.<\/p>\n<p><img decoding=\"async\" class=\"news-image\" style=\"width:100%;\" src=\"https:\/\/www.europesays.com\/fr\/wp-content\/uploads\/2025\/07\/1484.jpg\" alt=\"\" loading=\"lazy\"\/><\/p>\n<p class=\"col-md-8 offset-md-1 article-content--texte\">Au centre du pop-up se trouve un dressing spectaculaire enti\u00e8rement recouvert d&rsquo;un papier peint imprim\u00e9 serpent blanc perle. Les murs avant sont d\u00e9cor\u00e9s de t\u00eates de tigres sculpt\u00e9es, avec un effet de r\u00e9sine de pierre, qui deviennent des pr\u00e9sentoirs de sacs. Sous des \u00e9tag\u00e8res m\u00e9talliques en or champagne poli se trouvent les chaussures et les accessoires de la marque.<\/p>\n<p>Sur l&rsquo;un des murs lat\u00e9raux, le logo Mirror-Snake se d\u00e9tache, encadr\u00e9 par des \u00e9tag\u00e8res du m\u00eame m\u00e9tal dor\u00e9 brillant, sur lesquelles sont expos\u00e9s des lunettes de soleil et des parfums. La table ronde centrale combine une base en m\u00e9tal poli et un plateau en gr\u00e8s marbr\u00e9 Gold Calacatta. Deux bananiers plac\u00e9s dans des coins oppos\u00e9s compl\u00e8tent l&rsquo;atmosph\u00e8re de jungle.<\/p>\n<p><img decoding=\"async\" class=\"news-image\" style=\"width:100%;max-width:928px;\" src=\"https:\/\/www.europesays.com\/fr\/wp-content\/uploads\/2025\/07\/1bb2.jpg\" alt=\"\" loading=\"lazy\"\/><\/p>\n<p class=\"col-md-8 offset-md-1 article-content--texte\">Le pop-up pr\u00e9sente une s\u00e9lection de v\u00eatements et d&rsquo;accessoires de pr\u00eat-\u00e0-porter f\u00e9minin issus des capsules les plus embl\u00e9matiques de la maison, notamment Ray of Gold, Ray of <a class=\"fnwAddLinks\" href=\"https:\/\/fr.fashionnetwork.com\/tags-sea\" title=\"Sea\" target=\"_blank\" rel=\"noopener\">Sea<\/a>, Oriental Birds et l&rsquo;\u00e9clectique Denim Patchwork. L&rsquo;espace accueille \u00e9galement une s\u00e9lection de lunettes et de parfums Roberto Cavalli.\n                            <\/p>\n<p>\n                                Cet article est une traduction automatique.<br \/>\n                                    <a href=\"https:\/\/it.fashionnetwork.com\/news\/Roberto-cavalli-torna-a-parigi-con-un-pop-up-da-galeries-lafayette-paris-haussmann,1752912.html\" target=\"_blank\" rel=\"noopener\">Cliquez ici<\/a> pour consulter l&rsquo;article d&rsquo;origine.\n                            <\/p>\n<p>\n                                Tous droits de reproduction et de repr\u00e9sentation r\u00e9serv\u00e9s.<br \/>\u00a9 2025 FashionNetwork.com\n                            <\/p>\n","protected":false},"excerpt":{"rendered":"Traduit par Cecile Herrero Publi\u00e9 le 29 juillet 2025 Du 25 juillet au 21 ao\u00fbt, Roberto Cavalli apporte&hellip;\n","protected":false},"author":2,"featured_media":281096,"comment_status":"","ping_status":"","sticky":false,"template":"","format":"standard","meta":{"footnotes":""},"categories":[1888],"tags":[11,2424,537,2423,1777,674,1011,27,4238,2425,985,12,2298,626,2426,2427,25,2421,42073,42074,2422],"class_list":{"0":"post-281095","1":"post","2":"type-post","3":"status-publish","4":"format-standard","5":"has-post-thumbnail","7":"category-paris","8":"tag-actualites","9":"tag-beaute","10":"tag-contact","11":"tag-cosmetiques","12":"tag-eu","13":"tag-europe","14":"tag-fr","15":"tag-france","16":"tag-galeries-lafayette","17":"tag-luxe","18":"tag-mode","19":"tag-news","20":"tag-parfum","21":"tag-paris","22":"tag-professionnel","23":"tag-professionnels","24":"tag-republique-francaise","25":"tag-reseau","26":"tag-roberto-cavalli","27":"tag-sea","28":"tag-textile"},"share_on_mastodon":{"url":"https:\/\/pubeurope.com\/@fr\/114934618984961299","error":""},"_links":{"self":[{"href":"https:\/\/www.europesays.com\/fr\/wp-json\/wp\/v2\/posts\/281095","targetHints":{"allow":["GET"]}}],"collection":[{"href":"https:\/\/www.europesays.com\/fr\/wp-json\/wp\/v2\/posts"}],"about":[{"href":"https:\/\/www.europesays.com\/fr\/wp-json\/wp\/v2\/types\/post"}],"author":[{"embeddable":true,"href":"https:\/\/www.europesays.com\/fr\/wp-json\/wp\/v2\/users\/2"}],"replies":[{"embeddable":true,"href":"https:\/\/www.europesays.com\/fr\/wp-json\/wp\/v2\/comments?post=281095"}],"version-history":[{"count":0,"href":"https:\/\/www.europesays.com\/fr\/wp-json\/wp\/v2\/posts\/281095\/revisions"}],"wp:featuredmedia":[{"embeddable":true,"href":"https:\/\/www.europesays.com\/fr\/wp-json\/wp\/v2\/media\/281096"}],"wp:attachment":[{"href":"https:\/\/www.europesays.com\/fr\/wp-json\/wp\/v2\/media?parent=281095"}],"wp:term":[{"taxonomy":"category","embeddable":true,"href":"https:\/\/www.europesays.com\/fr\/wp-json\/wp\/v2\/categories?post=281095"},{"taxonomy":"post_tag","embeddable":true,"href":"https:\/\/www.europesays.com\/fr\/wp-json\/wp\/v2\/tags?post=281095"}],"curies":[{"name":"wp","href":"https:\/\/api.w.org\/{rel}","templated":true}]}}