{"id":281097,"date":"2025-07-29T04:24:12","date_gmt":"2025-07-29T04:24:12","guid":{"rendered":"https:\/\/www.europesays.com\/fr\/281097\/"},"modified":"2025-07-29T04:24:12","modified_gmt":"2025-07-29T04:24:12","slug":"guerre-en-ukraine-nous-avons-enterre-mon-frere-aujourdhui-en-russie-des-soldats-morts-declares-deserteurs-pour-masquer-lampleur-des-pertes","status":"publish","type":"post","link":"https:\/\/www.europesays.com\/fr\/281097\/","title":{"rendered":"Guerre en Ukraine\u00a0: \u00ab\u00a0Nous avons enterr\u00e9 mon fr\u00e8re aujourd\u2019hui\u00a0\u00bb\u2026 En Russie, des soldats morts d\u00e9clar\u00e9s d\u00e9serteurs pour masquer l\u2019ampleur des pertes"},"content":{"rendered":"<p>\n                                                                Le m\u00e9dia ind\u00e9pendant Important Stories a recens\u00e9 plus de 50 plaintes de proches de soldats port\u00e9s disparus mais officiellement d\u00e9clar\u00e9s d\u00e9serteurs. Dans un cas sur cinq, les familles affirment pourtant conna\u00eetre les circonstances exactes de leur mort, gr\u00e2ce aux t\u00e9moignages de leurs camarades.\n                            <\/p>\n<p>La guerre des chiffres.\u00a0Pour dissimuler l\u2019ampleur des pertes sur le champ de bataille, les commandants d\u2019au moins 25 unit\u00e9s de l\u2019arm\u00e9e russe auraient class\u00e9 des soldats port\u00e9s disparus comme d\u00e9serteurs, r\u00e9v\u00e8le une enqu\u00eate du m\u00e9dia ind\u00e9pendant <a href=\"https:\/\/istories.media\/stories\/2025\/07\/28\/status-soch\/\" target=\"_self\" rel=\"nofollow noopener\">Important Stories<\/a>, publi\u00e9e ce lundi 28\u00a0juillet. Une pratique qui permet non seulement de <strong>minimiser les bilans officiels<\/strong>, mais aussi <strong>d\u2019\u00e9viter le versement d\u2019indemnit\u00e9s aux familles des soldats disparus.<\/strong><\/p>\n<p>D\u2019apr\u00e8s <a href=\"https:\/\/www.geo.fr\/geopolitique\/la-misere-contre-la-mort-pour-les-russes-des-regions-pauvres-la-guerre-en-ukraine-est-une-bien-sombre-aubaine-223109\" target=\"_self\" rel=\"nofollow noopener\">G\u00e9o<\/a>, dans le cas d\u2019un soldat de 35 ans ayant combattu un an et mort sur le champ de bataille, cette indemnisation pourrait s\u2019\u00e9lever \u00e0 environ 14,5\u00a0millions de roubles, soit 150\u00a0000\u00a0dollars.<\/p>\n<p data-end=\"951\" data-start=\"607\">Le m\u00e9dia russe affirme avoir re\u00e7u <strong>plus de 50 plaintes de proches de militaires disparus<\/strong>, adress\u00e9es aux autorit\u00e9s. L\u2019enqu\u00eate r\u00e9v\u00e8le des falsifications similaires dans <strong>au moins 25 unit\u00e9s r\u00e9parties sur 11 r\u00e9gions du pays.<\/strong> Dans la majorit\u00e9 des cas, les documents officiels mentionnent que les soldats se sont volatilis\u00e9s lors de missions de combat.<\/p>\n<p>Alexandre, mort dans un bombardement, d\u00e9clar\u00e9 d\u00e9serteur<\/p>\n<p data-end=\"1320\" data-start=\"953\">Parmi les cas cit\u00e9s, celui d\u2019Ekaterina, dont le mari Alexandre, 38 ans, aurait sign\u00e9 un contrat militaire alors qu\u2019il purgeait une peine de prison. Il aurait disparu en f\u00e9vrier\u00a02024 dans la r\u00e9gion de Donetsk, apr\u00e8s \u00eatre parti au front. Selon ses compagnons d\u2019armes, Alexandre aurait \u00e9t\u00e9 tu\u00e9 dans un bombardement, mais les autorit\u00e9s militaires l\u2019ont d\u00e9clar\u00e9 d\u00e9serteur.<\/p>\n<p data-end=\"1320\" data-start=\"953\">Sur l\u2019ensemble des 50 plaintes recens\u00e9es par le m\u00e9dia russe, les proches affirment <strong>dans un cas sur cinq<\/strong> conna\u00eetre les circonstances de la mort du soldat gr\u00e2ce aux r\u00e9cits de ses camarades.<\/p>\n<p data-end=\"1320\" data-start=\"953\">En principe, un commandant ne peut qualifier un soldat de d\u00e9serteur sans preuve tangible. Mais selon l\u2019enqu\u00eate, il suffirait d\u2019une absence \u00e0 un appel pour justifier cette mention. <strong>Des pressions auraient \u00e9galement \u00e9t\u00e9 exerc\u00e9es sur certains t\u00e9moins<\/strong> afin qu\u2019ils soutiennent la version officielle.<\/p>\n<p>\u00ab\u00a0Le refus de verser des compensations n\u2019est pas une politique officielle de l\u2019\u00c9tat\u00a0\u00bb<\/p>\n<p data-end=\"951\" data-start=\"607\">Pour les familles de soldats disparus, ces falsifications seraient motiv\u00e9es par <strong>une volont\u00e9 de l\u2019\u00c9tat russe de r\u00e9duire les d\u00e9penses li\u00e9es aux indemnisations. <\/strong>Mais cette hypoth\u00e8se est nuanc\u00e9e par Sergue\u00ef Krivenko, directeur de Citizen Army Law, une organisation de d\u00e9fense des droits humains sp\u00e9cialis\u00e9e dans les questions militaires. Selon lui, \u00ab\u00a0de telles directives ne peuvent pas venir d\u2019en haut. Le refus de verser des compensations n\u2019est pas une politique officielle de l\u2019\u00c9tat.\u00a0\u00bb\u00a0Il rappelle que la l\u00e9gislation actuelle pr\u00e9voit des proc\u00e9dures judiciaires permettant aux familles d\u2019obtenir la reconnaissance du d\u00e9c\u00e8s m\u00eame en l\u2019absence de corps, ce qui <strong>ouvre droit \u00e0 des compensations financi\u00e8res.<\/strong><\/p>\n<p data-end=\"951\" data-start=\"607\">Selon lui, la reconnaissance officielle d\u2019un soldat comme d\u00e9c\u00e9d\u00e9 ou port\u00e9 disparu sans preuve formelle s\u2019av\u00e8re extr\u00eamement complexe en raison d\u2019une lourdeur administrative importante. Ce processus implique de nombreux niveaux de validation et requiert des preuves concr\u00e8tes, telles que la r\u00e9cup\u00e9ration d\u2019un corps ou des t\u00e9moignages formels, souvent difficiles \u00e0 obtenir en zone de conflit.<\/p>\n<p data-end=\"951\" data-start=\"607\">Par ailleurs, les commandants sont confront\u00e9s \u00e0 un dilemme disciplinaire\u00a0: d\u00e9clarer un nombre trop important de soldats comme \u00ab\u00a0ayant quitt\u00e9 leur unit\u00e9 sans autorisation\u00a0\u00bb peut \u00eatre interpr\u00e9t\u00e9 comme une faute de commandement, entra\u00eenant des sanctions pour n\u00e9gligence ou faiblesse dans le maintien de la discipline.<\/p>\n<p data-end=\"1628\" data-start=\"1322\">Entre janvier et juin\u00a02025, les tribunaux militaires ont enregistr\u00e9 <strong>plus de 26\u00a0000 requ\u00eates pour faire reconna\u00eetre la disparition ou le d\u00e9c\u00e8s de soldats<\/strong>, selon <a href=\"https:\/\/zona.media\/article\/2025\/06\/05\/mia-part2?utm_source=tg&amp;utm_medium=smm&amp;utm_content=mia\" target=\"_self\" rel=\"nofollow noopener\">Mediazona<\/a>. Ce chiffre d\u00e9passe d\u00e9j\u00e0 le total de l\u2019ann\u00e9e 2024, qui comptabilisait 22\u00a0600 demandes similaires.<\/p>\n","protected":false},"excerpt":{"rendered":"Le m\u00e9dia ind\u00e9pendant Important Stories a recens\u00e9 plus de 50 plaintes de proches de soldats port\u00e9s disparus mais&hellip;\n","protected":false},"author":2,"featured_media":281098,"comment_status":"","ping_status":"","sticky":false,"template":"","format":"standard","meta":{"footnotes":""},"categories":[1591],"tags":[11,1887,12,1885,1886,132],"class_list":{"0":"post-281097","1":"post","2":"type-post","3":"status-publish","4":"format-standard","5":"has-post-thumbnail","7":"category-russie","8":"tag-actualites","9":"tag-federation-de-russie","10":"tag-news","11":"tag-russia","12":"tag-russian-federation","13":"tag-russie"},"share_on_mastodon":{"url":"https:\/\/pubeurope.com\/@fr\/114934622714404718","error":""},"_links":{"self":[{"href":"https:\/\/www.europesays.com\/fr\/wp-json\/wp\/v2\/posts\/281097","targetHints":{"allow":["GET"]}}],"collection":[{"href":"https:\/\/www.europesays.com\/fr\/wp-json\/wp\/v2\/posts"}],"about":[{"href":"https:\/\/www.europesays.com\/fr\/wp-json\/wp\/v2\/types\/post"}],"author":[{"embeddable":true,"href":"https:\/\/www.europesays.com\/fr\/wp-json\/wp\/v2\/users\/2"}],"replies":[{"embeddable":true,"href":"https:\/\/www.europesays.com\/fr\/wp-json\/wp\/v2\/comments?post=281097"}],"version-history":[{"count":0,"href":"https:\/\/www.europesays.com\/fr\/wp-json\/wp\/v2\/posts\/281097\/revisions"}],"wp:featuredmedia":[{"embeddable":true,"href":"https:\/\/www.europesays.com\/fr\/wp-json\/wp\/v2\/media\/281098"}],"wp:attachment":[{"href":"https:\/\/www.europesays.com\/fr\/wp-json\/wp\/v2\/media?parent=281097"}],"wp:term":[{"taxonomy":"category","embeddable":true,"href":"https:\/\/www.europesays.com\/fr\/wp-json\/wp\/v2\/categories?post=281097"},{"taxonomy":"post_tag","embeddable":true,"href":"https:\/\/www.europesays.com\/fr\/wp-json\/wp\/v2\/tags?post=281097"}],"curies":[{"name":"wp","href":"https:\/\/api.w.org\/{rel}","templated":true}]}}