{"id":281099,"date":"2025-07-29T04:25:13","date_gmt":"2025-07-29T04:25:13","guid":{"rendered":"https:\/\/www.europesays.com\/fr\/281099\/"},"modified":"2025-07-29T04:25:13","modified_gmt":"2025-07-29T04:25:13","slug":"en-direct-ukraine-zelensky-salue-la-determination-de-trump-apres-son-nouvel-ultimatum-a-poutine","status":"publish","type":"post","link":"https:\/\/www.europesays.com\/fr\/281099\/","title":{"rendered":"EN DIRECT &#8211; Ukraine : Zelensky salue la \u00ab\u00a0d\u00e9termination\u00a0\u00bb de Trump apr\u00e8s son nouvel ultimatum \u00e0 Poutine"},"content":{"rendered":"<ul class=\"jsx-862013697 ArticleChapo__List\">\n<li class=\"jsx-862013697 ArticleChapo__List_Item flex\">Le pr\u00e9sident ukrainien Volodymyr Zelensky a salu\u00e9 lundi la \u00ab\u00a0d\u00e9termination\u00a0\u00bb de son homologue am\u00e9ricain Donald Trump apr\u00e8s son nouvel ultimatum \u00e0 Vladimir Poutine.<\/li>\n<li class=\"jsx-862013697 ArticleChapo__List_Item flex\">Il lui a donn\u00e9 \u00ab\u00a010 \u00e0 12 jours\u00a0\u00bb pour mettre fin au conflit en Ukraine, sous peine de s\u00e9v\u00e8res sanctions.<\/li>\n<li class=\"jsx-862013697 ArticleChapo__List_Item flex\">Suivez les derni\u00e8res informations.<\/li>\n<\/ul>\n<p data-module=\"article-paragraph\" class=\"jsx-3046738180 Paragraph Paragraph__End\">Donald Trump a hauss\u00e9 le ton lundi contre Vladimir Poutine, \u00e0 l&rsquo;occasion d&rsquo;une rencontre en \u00c9cosse avec le Premier ministre britannique Keir Starmer, en donnant \u00ab\u00a010 ou 12 jours\u00a0\u00bb au pr\u00e9sident russe pour mettre fin au conflit en Ukraine, sous peine de s\u00e9v\u00e8res sanctions. \u00ab\u00a0Il n&rsquo;y a aucune raison d&rsquo;attendre. Nous ne voyons aucun progr\u00e8s\u00a0\u00bb, a d\u00e9plor\u00e9 le r\u00e9publicain, qui avait le 14 juillet donn\u00e9 un ultimatum de 50 jours \u00e0 son homologue russe. Il a notamment dit envisager des sanctions \u00ab\u00a0secondaires\u00a0\u00bb, c&rsquo;est-\u00e0-dire touchant les pays qui ach\u00e8tent des produits russes, par exemple des hydrocarbures, afin d&rsquo;ass\u00e9cher les revenus de Moscou.<\/p>\n<p><a href=\"https:\/\/www.tf1info.fr\/international\/guerre-ukraine-russie-decu-par-poutine-trump-ne-lui-donne-plus-que-10-ou-12-jours-pour-arreter-la-guerre-en-ukraine-2385606.html\" rel=\"noopener\" class=\"jsx-3308031228 Link flex\" target=\"_blank\"><img decoding=\"async\" src=\"https:\/\/www.europesays.com\/fr\/wp-content\/uploads\/2025\/07\/donald-trump-bureau-ovale-14-juillet-2025-5495be-0@1x.jpeg\" alt=\"Donald Trump lors d'une rencontre avec le secr\u00e9taire g\u00e9n\u00e9ral de l'Otan Mark Rutte \u00e0 la Maison Blanche le 14 juillet 2025.\" loading=\"lazy\" importance=\"low\" fetchpriority=\"low\" class=\"\" aria-hidden=\"true\"\/><\/p>\n<p class=\"jsx-3657663356 ReadMoreArticle__Title\">Lire aussi<\/p>\n<p class=\"jsx-3657663356\">\u00ab\u00a0D\u00e9\u00e7u par Poutine\u00a0\u00bb, Trump ne lui donne plus que \u00ab\u00a010 ou 12 jours\u00a0\u00bb pour arr\u00eater la guerre en Ukraine<\/p>\n<p><\/a><\/p>\n<p data-module=\"article-paragraph\" class=\"jsx-3046738180 Paragraph Paragraph__End\">Donald Trump s&rsquo;est dit \u00ab\u00a0tr\u00e8s d\u00e9\u00e7u\u00a0\u00bb par le ma\u00eetre du Kremlin, qui poursuit ses attaques en Ukraine. \u00ab\u00a0Je pensais vraiment que cela allait s&rsquo;arr\u00eater. Mais \u00e0 chaque fois que je pense que cela va s&rsquo;arr\u00eater il tue des gens\u00a0\u00bb, a-t-il comment\u00e9, ajoutant : \u00ab\u00a0Cela ne m&rsquo;int\u00e9resse plus vraiment de discuter\u00a0\u00bb avec lui.<\/p>\n<p>Minute par minute<\/p>\n<p data-module=\"article-paragraph\" class=\"jsx-3046738180 Paragraph Paragraph__End\">Le pr\u00e9sident ukrainien Volodymyr Zelensky a salu\u00e9 la \u00ab\u00a0d\u00e9termination\u00a0\u00bb et la \u00ab\u00a0position claire\u00a0\u00bb de son homologue am\u00e9ricain. \u00ab\u00a0Une position claire et une d\u00e9termination affirm\u00e9e de la part (du pr\u00e9sident Trump) et au moment opportun, alors que beaucoup de choses peuvent changer gr\u00e2ce \u00e0 la force en faveur d&rsquo;une paix v\u00e9ritable\u00a0\u00bb, a d\u00e9clar\u00e9 M. Zelensky sur X.<\/p>\n<p>La r\u00e9daction de TF1info<\/p>\n","protected":false},"excerpt":{"rendered":"Le pr\u00e9sident ukrainien Volodymyr Zelensky a salu\u00e9 lundi la \u00ab\u00a0d\u00e9termination\u00a0\u00bb de son homologue am\u00e9ricain Donald Trump apr\u00e8s son&hellip;\n","protected":false},"author":2,"featured_media":281100,"comment_status":"","ping_status":"","sticky":false,"template":"","format":"standard","meta":{"footnotes":""},"categories":[1590],"tags":[1111,11,1921,75,1777,674,28083,1922,12,132,220,1917,133,1920,135,134],"class_list":{"0":"post-281099","1":"post","2":"type-post","3":"status-publish","4":"format-standard","5":"has-post-thumbnail","7":"category-ukraine","8":"tag-actu","9":"tag-actualites","10":"tag-article-video","11":"tag-donald-trump","12":"tag-eu","13":"tag-europe","14":"tag-guerre-en-ukraine-une-treve-sera-t-elle-possible","15":"tag-info","16":"tag-news","17":"tag-russie","18":"tag-ukraine","19":"tag-ukraine-4-annee-de-guerre","20":"tag-video","21":"tag-video-international","22":"tag-vladimir-poutine","23":"tag-volodymyr-zelensky"},"share_on_mastodon":{"url":"https:\/\/pubeurope.com\/@fr\/114934626752103453","error":""},"_links":{"self":[{"href":"https:\/\/www.europesays.com\/fr\/wp-json\/wp\/v2\/posts\/281099","targetHints":{"allow":["GET"]}}],"collection":[{"href":"https:\/\/www.europesays.com\/fr\/wp-json\/wp\/v2\/posts"}],"about":[{"href":"https:\/\/www.europesays.com\/fr\/wp-json\/wp\/v2\/types\/post"}],"author":[{"embeddable":true,"href":"https:\/\/www.europesays.com\/fr\/wp-json\/wp\/v2\/users\/2"}],"replies":[{"embeddable":true,"href":"https:\/\/www.europesays.com\/fr\/wp-json\/wp\/v2\/comments?post=281099"}],"version-history":[{"count":0,"href":"https:\/\/www.europesays.com\/fr\/wp-json\/wp\/v2\/posts\/281099\/revisions"}],"wp:featuredmedia":[{"embeddable":true,"href":"https:\/\/www.europesays.com\/fr\/wp-json\/wp\/v2\/media\/281100"}],"wp:attachment":[{"href":"https:\/\/www.europesays.com\/fr\/wp-json\/wp\/v2\/media?parent=281099"}],"wp:term":[{"taxonomy":"category","embeddable":true,"href":"https:\/\/www.europesays.com\/fr\/wp-json\/wp\/v2\/categories?post=281099"},{"taxonomy":"post_tag","embeddable":true,"href":"https:\/\/www.europesays.com\/fr\/wp-json\/wp\/v2\/tags?post=281099"}],"curies":[{"name":"wp","href":"https:\/\/api.w.org\/{rel}","templated":true}]}}