{"id":281105,"date":"2025-07-29T04:28:10","date_gmt":"2025-07-29T04:28:10","guid":{"rendered":"https:\/\/www.europesays.com\/fr\/281105\/"},"modified":"2025-07-29T04:28:10","modified_gmt":"2025-07-29T04:28:10","slug":"maghnes-akliouche-a-une-touche-en-allemagne","status":"publish","type":"post","link":"https:\/\/www.europesays.com\/fr\/281105\/","title":{"rendered":"Maghnes Akliouche a une touche en Allemagne"},"content":{"rendered":"<p><strong>C\u2019est peu probable mais Maghnes Akliouche pourrait quitter Monaco cet \u00e9t\u00e9. le footballeur fran\u00e7ais est dans le collimateur d\u2019un g\u00e9ant en Allemagne. <\/strong><\/p>\n<p>L\u2019<a href=\"https:\/\/www.les-transferts.com\/club\/monaco\/\" rel=\"nofollow noopener\" target=\"_blank\">AS Monaco<\/a> compte quelques unes des p\u00e9pites du football fran\u00e7ais. C\u2019est le cas avec Maghnes Akliouche. Bien arriv\u00e9 \u00e0 maturit\u00e9, le milieu plait \u00e0 plusieurs grandes \u00e9quipes sur le continent. <br \/>En Angleterre,\u00a0<a href=\"https:\/\/www.les-transferts.com\/rumeurs-transferts\/as-monaco-maghnes-akliouche-a-une-touche-en-angleterre-2\/\" rel=\"nofollow noopener\" target=\"_blank\">Newcastle United a coch\u00e9 le nom du milieu offensif<\/a>. En Espagne, le grand Football Club Barcelone esp\u00e8re aussi s\u2019offrir le jeune crack<\/p>\n<p>Mais, c\u2019est sp\u00e9cialement en Allemagne que le joueur de 23 ans a plusieurs courtisans. Il y a eu d\u2019abord le Bayer Leverkusen. Mais ce n\u2019est pas tout. Selon les informations de Transferfeed, <strong><a href=\"https:\/\/www.les-transferts.com\/joueur\/maghnes-akliouche\/\" rel=\"nofollow noopener\" target=\"_blank\">Maghnes Akliouche<\/a> est aussi vis\u00e9 par le <a href=\"https:\/\/www.les-transferts.com\/club\/borussia-dortmund\/\" rel=\"nofollow noopener\" target=\"_blank\">Borussia Dortmund<\/a><\/strong>. <\/p>\n<p>Le footballeur franco-alg\u00e9rien a un contrat jusqu\u2019en juin 2028 avec le club mon\u00e9gasque. La saison derni\u00e8re, le joueur a fait 32 apparitions (5 buts, 10 passes d\u00e9cisives en Ligue 1. <\/p>\n<p>En Ligue des Champions, il claquait 2 buts et 2 assists en 10 matchs <\/p>\n<p>Fan inconditionnel du Bar\u00e7a, je d\u00e9bute ma carri\u00e8re de journaliste en 2015. J\u2019ai couvert la CAN 2017 au Gabon et le mondial 2022 au Qatar entre autres. Commentateur des matchs foot, j\u2019ai r\u00e9cemment pris go\u00fbt pour l\u2019EuroLeague de Basket dont mon joueur pr\u00e9f\u00e9r\u00e9 est Facundo Campazzo.<\/p>\n","protected":false},"excerpt":{"rendered":"C\u2019est peu probable mais Maghnes Akliouche pourrait quitter Monaco cet \u00e9t\u00e9. le footballeur fran\u00e7ais est dans le collimateur&hellip;\n","protected":false},"author":2,"featured_media":281106,"comment_status":"","ping_status":"","sticky":false,"template":"","format":"standard","meta":{"footnotes":""},"categories":[1587],"tags":[11,672,1804,1805,1803,1777,674,1801,12,1802],"class_list":{"0":"post-281105","1":"post","2":"type-post","3":"status-publish","4":"format-standard","5":"has-post-thumbnail","7":"category-allemagne","8":"tag-actualites","9":"tag-allemagne","10":"tag-bundesrepublik-deutschland","11":"tag-de","12":"tag-deutschland","13":"tag-eu","14":"tag-europe","15":"tag-germany","16":"tag-news","17":"tag-republique-federale-dallemagne"},"share_on_mastodon":{"url":"https:\/\/pubeurope.com\/@fr\/114934638860508449","error":""},"_links":{"self":[{"href":"https:\/\/www.europesays.com\/fr\/wp-json\/wp\/v2\/posts\/281105","targetHints":{"allow":["GET"]}}],"collection":[{"href":"https:\/\/www.europesays.com\/fr\/wp-json\/wp\/v2\/posts"}],"about":[{"href":"https:\/\/www.europesays.com\/fr\/wp-json\/wp\/v2\/types\/post"}],"author":[{"embeddable":true,"href":"https:\/\/www.europesays.com\/fr\/wp-json\/wp\/v2\/users\/2"}],"replies":[{"embeddable":true,"href":"https:\/\/www.europesays.com\/fr\/wp-json\/wp\/v2\/comments?post=281105"}],"version-history":[{"count":0,"href":"https:\/\/www.europesays.com\/fr\/wp-json\/wp\/v2\/posts\/281105\/revisions"}],"wp:featuredmedia":[{"embeddable":true,"href":"https:\/\/www.europesays.com\/fr\/wp-json\/wp\/v2\/media\/281106"}],"wp:attachment":[{"href":"https:\/\/www.europesays.com\/fr\/wp-json\/wp\/v2\/media?parent=281105"}],"wp:term":[{"taxonomy":"category","embeddable":true,"href":"https:\/\/www.europesays.com\/fr\/wp-json\/wp\/v2\/categories?post=281105"},{"taxonomy":"post_tag","embeddable":true,"href":"https:\/\/www.europesays.com\/fr\/wp-json\/wp\/v2\/tags?post=281105"}],"curies":[{"name":"wp","href":"https:\/\/api.w.org\/{rel}","templated":true}]}}