{"id":281121,"date":"2025-07-29T04:39:09","date_gmt":"2025-07-29T04:39:09","guid":{"rendered":"https:\/\/www.europesays.com\/fr\/281121\/"},"modified":"2025-07-29T04:39:09","modified_gmt":"2025-07-29T04:39:09","slug":"motogp-toujours-blesse-le-coequipier-de-zarco-remplace-par-aleix-espargaro-cela-pourrait-arriver","status":"publish","type":"post","link":"https:\/\/www.europesays.com\/fr\/281121\/","title":{"rendered":"MotoGP Toujours bless\u00e9, le co\u00e9quipier de Zarco remplac\u00e9 par Aleix Espargaro, cela pourrait arriver !"},"content":{"rendered":"<p>Oui mais voil\u00e0, avec sa blessure pendant le Tour d\u2019Autriche cycliste, Aleix Espargaro s\u2019est rendu indisponible, pour piloter une MotoGP ! Car c\u2019est bel et bien lui qui aurait \u00e9t\u00e9 nomin\u00e9, pour prendre la place du toujours convalescent Somkiat Chantra. Takaaki Nakagami \u00e9tant bless\u00e9 lui aussi (incident survenu au moment du remplacement du Tha\u00eflandais) et Stefan Bradl ne souhaitant plus courir.<\/p>\n<p>MotoGP : le pire \u00e9vit\u00e9 pour une raison malheureuse, chez LCR ?<\/p>\n<p>Alors, en panne de pilotes de r\u00e9serve, Honda est all\u00e9 chercher un certain Iker Lecuona, qui sera donc aux commandes de la deuxi\u00e8me machine du Team LCR, en Autriche. Ainsi, Johann Zarco aura un troisi\u00e8me co\u00e9quipier, cette saison, dans la cat\u00e9gorie reine. Et tr\u00e8s clairement, compte tenu de ses relations tr\u00e8s tendues avec Aleix Espargaro, il est probablement mieux pour tout le monde que l\u2019association ne se fasse pas, entre les deux hommes. Bien que cela soit \u00e9vit\u00e9 pour une raison malheureuse \u00e0 savoir, cette blessure \u00e0 la main de l\u2019Espagnol.<\/p>\n<blockquote class=\"twitter-tweet\">\n<p dir=\"ltr\" lang=\"ja\">It\u2019s shame that ended this way \ud83d\ude22 I\u2019m going back to Japan now. I will keep you update!<br \/>Thank you for everything LCR team\ud83e\udef6\ud83c\udffc<\/p>\n<p>\u6b8b\u5ff5\u306a\u304c\u3089\u4ed6\u8005\u306b\u5dfb\u304d\u8fbc\u307e\u308c\u308b\u5f62\u3067\u8ee2\u5012\u3057\u3001\u53f3\u819d\u3092\u602a\u6211\u3057\u3066\u3057\u307e\u3044\u307e\u3057\u305f\u3002\u3053\u308c\u304b\u3089\u65e5\u672c\u306b\u5e30\u3063\u3066\u8a3a\u5bdf\u3057\u3066\u3082\u3089\u3044\u307e\u3059\u3002<br \/>\u307e\u305f\u72b6\u614b\u304c\u5206\u304b\u308a\u6b21\u7b2c\u3001\u304a\u77e5\u3089\u305b\u3057\u307e\u3059\uff01 <a href=\"https:\/\/t.co\/u87a6wFoXI\">pic.twitter.com\/u87a6wFoXI<\/a><\/p>\n<p>\u2014 Takaaki Nakagami (@takanakagami30) <a href=\"https:\/\/twitter.com\/takanakagami30\/status\/1946804578961232291?ref_src=twsrc%5Etfw\" target=\"_blank\" rel=\"noopener\">July 20, 2025<\/a><\/p>\n<\/blockquote>\n<p>Cependant, pour l\u2019heure, cette information, de source Motorsport, n\u2019a pas \u00e9t\u00e9 confirm\u00e9e officiellement par Honda. L\u2019annonce devrait \u00eatre diffus\u00e9e quelques jours avant le prochain Grand-Prix de MotoGP, qui aura lieu en Autriche, sur le Red Bull Ring. Sachant que d\u2019ici l\u00e0, Aleix Espargaro sera peut-\u00eatre remis de sa blessure et donc, potentiellement, plac\u00e9 chez LCR aux c\u00f4t\u00e9s de son meilleur ennemi\u2026<\/p>\n<p>Surtout que le week-end dernier, le dit Iker Lecuona s\u2019est \u00e0 son tour bless\u00e9, perp\u00e9tuant la tradition malchanceuse des pilotes Honda, actuellement. Casse-t\u00eate \u00e0 venir, donc, pour les dirigeants de la marque, qui auront sans doute \u00e0 mettre sur la piste, au guidon de leur machine, un parfait d\u00e9butant. Peut-\u00eatre l\u2019occasion d\u2019\u00e9valuer un pilote de Moto2, \u00e0 suivre\u2026<\/p>\n<p>Article publi\u00e9 le 29\/07\/2025 \u00e0 5h45<\/p>\n<p>                                                            <script async src=\"https:\/\/platform.twitter.com\/widgets.js\" charset=\"utf-8\"><\/script><\/p>\n","protected":false},"excerpt":{"rendered":"Oui mais voil\u00e0, avec sa blessure pendant le Tour d\u2019Autriche cycliste, Aleix Espargaro s\u2019est rendu indisponible, pour piloter&hellip;\n","protected":false},"author":2,"featured_media":281122,"comment_status":"","ping_status":"","sticky":false,"template":"","format":"standard","meta":{"footnotes":""},"categories":[1413],"tags":[1011,27,1741,1457,1456,1458,60],"class_list":{"0":"post-281121","1":"post","2":"type-post","3":"status-publish","4":"format-standard","5":"has-post-thumbnail","7":"category-moto","8":"tag-fr","9":"tag-france","10":"tag-johann-zarco","11":"tag-moto","12":"tag-motocycle","13":"tag-motogp","14":"tag-sports"},"share_on_mastodon":{"url":"https:\/\/pubeurope.com\/@fr\/114934681745189412","error":""},"_links":{"self":[{"href":"https:\/\/www.europesays.com\/fr\/wp-json\/wp\/v2\/posts\/281121","targetHints":{"allow":["GET"]}}],"collection":[{"href":"https:\/\/www.europesays.com\/fr\/wp-json\/wp\/v2\/posts"}],"about":[{"href":"https:\/\/www.europesays.com\/fr\/wp-json\/wp\/v2\/types\/post"}],"author":[{"embeddable":true,"href":"https:\/\/www.europesays.com\/fr\/wp-json\/wp\/v2\/users\/2"}],"replies":[{"embeddable":true,"href":"https:\/\/www.europesays.com\/fr\/wp-json\/wp\/v2\/comments?post=281121"}],"version-history":[{"count":0,"href":"https:\/\/www.europesays.com\/fr\/wp-json\/wp\/v2\/posts\/281121\/revisions"}],"wp:featuredmedia":[{"embeddable":true,"href":"https:\/\/www.europesays.com\/fr\/wp-json\/wp\/v2\/media\/281122"}],"wp:attachment":[{"href":"https:\/\/www.europesays.com\/fr\/wp-json\/wp\/v2\/media?parent=281121"}],"wp:term":[{"taxonomy":"category","embeddable":true,"href":"https:\/\/www.europesays.com\/fr\/wp-json\/wp\/v2\/categories?post=281121"},{"taxonomy":"post_tag","embeddable":true,"href":"https:\/\/www.europesays.com\/fr\/wp-json\/wp\/v2\/tags?post=281121"}],"curies":[{"name":"wp","href":"https:\/\/api.w.org\/{rel}","templated":true}]}}