{"id":281125,"date":"2025-07-29T04:41:10","date_gmt":"2025-07-29T04:41:10","guid":{"rendered":"https:\/\/www.europesays.com\/fr\/281125\/"},"modified":"2025-07-29T04:41:10","modified_gmt":"2025-07-29T04:41:10","slug":"les-organisateurs-convaincus-par-le-passage-a-montmartre","status":"publish","type":"post","link":"https:\/\/www.europesays.com\/fr\/281125\/","title":{"rendered":"Les organisateurs convaincus par le passage \u00e0 Montmartre"},"content":{"rendered":"<p class=\"date\">\n                                                            Mathieu Warnier, Media365 : publi\u00e9 le lundi 28 juillet 2025 \u00e0 18h05\n                                                    <\/p>\n<p>Alors que le public est venu en nombre pour assister au passage du Tour de France sur la Butte Montmartre ce dimanche, les organisateurs de l&rsquo;\u00e9preuve ont confi\u00e9 \u00eatre favorables \u00e0 l&rsquo;id\u00e9e d&rsquo;inscrire ce nouveau parcours dans la dur\u00e9e.<\/p>\n<p>Le pari a \u00e9t\u00e9 gagnant \u00e0 tous points de vue. Admettant une forme de jalousie apr\u00e8s avoir vu la course en ligne olympique passer par la Butte Montmartre et les pentes de la rue Lepic, Christian Prudhomme y a amen\u00e9 le Tour de France ce dimanche. Dans une 21eme et derni\u00e8re \u00e9tape mouvement\u00e9e et rendue \u00e9pique par la pluie, <a href=\"https:\/\/sports.orange.fr\/cyclisme\/tour-de-france\/article\/tour-de-france-e21-van-aert-lache-pogacar-et-triomphe-sur-les-champs-elysees-CNT000002jLi63.html\" rel=\"nofollow noopener\" target=\"_blank\">Wout Van Aert a fait c\u00e9der Tadej Pogacar pour s&rsquo;imposer en solitaire sur les Champs-Elys\u00e9es<\/a>. Une premi\u00e8re exp\u00e9rience pour la Grande Boucle qui a attir\u00e9 les foules sur place, avec pr\u00e8s de 500 000 spectateurs comptabilis\u00e9s selon la Mairie de Paris, et une tr\u00e8s forte audience sur France 2. Tr\u00e8s vite, l&rsquo;id\u00e9e de rendre ce passage devant le Sacr\u00e9-C\u0153ur p\u00e9renne lors de la conclusion du Tour de France est venue \u00e0 l&rsquo;esprit des observateurs&#8230; et les organisateurs font tout sauf y fermer la porte. Interrog\u00e9 par le quotidien Le Parisien, le directeur adjoint du Tour de France Pierre-Yves Thouault a \u00e9voqu\u00e9 le sujet. \u00ab\u00a0Evidemment que nous voulons continuer de passer par Montmartre, a-t-il ainsi affirm\u00e9. La r\u00e9ussite a d\u00e9pass\u00e9 nos espoirs et, forc\u00e9ment, l&rsquo;envie d&rsquo;inscrire ce nouveau parcours dans la dur\u00e9e est pr\u00e9sente.\u00a0\u00bb<\/p>\n<p>Optimisme de rigueur au sein de l&rsquo;organisation du Tour<\/p>\n<p>Toutefois, alors que <a href=\"https:\/\/sports.orange.fr\/cyclisme\/tour-de-france\/article\/le-tour-de-france-de-retour-a-montmartre-c-est-confirme-exclu-CNT000002iJzus.html\" rel=\"nofollow noopener\" target=\"_blank\">l&rsquo;autorisation de passer sur ces rues \u00e9troites a \u00e9t\u00e9 obtenue de mani\u00e8re tardive pour l&rsquo;\u00e9dition 2025<\/a> et gr\u00e2ce notamment \u00e0 une intervention de l&rsquo;Elys\u00e9e, les organisateurs de la Grande Boucle entendent faire les choses dans l&rsquo;ordre, comme quand il a \u00e9t\u00e9 question de rendre p\u00e9renne le passage autour de l&rsquo;Arc de Triomphe apr\u00e8s une premi\u00e8re exp\u00e9rience r\u00e9ussie en 2013 dans le cadre de la 100eme \u00e9dition de l&rsquo;\u00e9preuve. \u00ab\u00a0Tr\u00e8s rapidement, on va d\u00e9briefer, autour d&rsquo;une table, avec les repr\u00e9sentants de la ville et de la pr\u00e9fecture, a ajout\u00e9 le bras droit de Christian Prudhomme. On va voir les possibles points d&rsquo;am\u00e9lioration.\u00a0\u00bb Pour cela, il cite notamment \u00ab\u00a0l&rsquo;accessibilit\u00e9 du public \u00e0 certains endroits\u00a0\u00bb. Mais, assurant que \u00ab\u00a0tout le monde a aim\u00e9\u00a0\u00bb ce passage par Montmartre et notamment le Pr\u00e9sident de la R\u00e9publique Emmanuel Macron, les organisateurs du Tour de France ne cachent pas un certain vent d&rsquo;optimisme \u00e0 l&rsquo;id\u00e9e de boucler ce dossier dans les temps en vue de l&rsquo;\u00e9dition 2026 de la Grande Boucle. Il ne faudra donc pas \u00eatre surpris si, en octobre prochain lors de la pr\u00e9sentation du parcours du 113eme Tour de France au Palais des Congr\u00e8s de Paris, qu&rsquo;un passage par la rue Lepic lors de la derni\u00e8re \u00e9tape soit annonc\u00e9.<\/p>\n","protected":false},"excerpt":{"rendered":"Mathieu Warnier, Media365 : publi\u00e9 le lundi 28 juillet 2025 \u00e0 18h05 Alors que le public est venu&hellip;\n","protected":false},"author":2,"featured_media":281126,"comment_status":"","ping_status":"","sticky":false,"template":"","format":"standard","meta":{"footnotes":""},"categories":[1411],"tags":[1154,207,1011,27,60],"class_list":{"0":"post-281125","1":"post","2":"type-post","3":"status-publish","4":"format-standard","5":"has-post-thumbnail","7":"category-cyclisme","8":"tag-cycling","9":"tag-cyclisme","10":"tag-fr","11":"tag-france","12":"tag-sports"},"share_on_mastodon":{"url":"https:\/\/pubeurope.com\/@fr\/114934689535501846","error":""},"_links":{"self":[{"href":"https:\/\/www.europesays.com\/fr\/wp-json\/wp\/v2\/posts\/281125","targetHints":{"allow":["GET"]}}],"collection":[{"href":"https:\/\/www.europesays.com\/fr\/wp-json\/wp\/v2\/posts"}],"about":[{"href":"https:\/\/www.europesays.com\/fr\/wp-json\/wp\/v2\/types\/post"}],"author":[{"embeddable":true,"href":"https:\/\/www.europesays.com\/fr\/wp-json\/wp\/v2\/users\/2"}],"replies":[{"embeddable":true,"href":"https:\/\/www.europesays.com\/fr\/wp-json\/wp\/v2\/comments?post=281125"}],"version-history":[{"count":0,"href":"https:\/\/www.europesays.com\/fr\/wp-json\/wp\/v2\/posts\/281125\/revisions"}],"wp:featuredmedia":[{"embeddable":true,"href":"https:\/\/www.europesays.com\/fr\/wp-json\/wp\/v2\/media\/281126"}],"wp:attachment":[{"href":"https:\/\/www.europesays.com\/fr\/wp-json\/wp\/v2\/media?parent=281125"}],"wp:term":[{"taxonomy":"category","embeddable":true,"href":"https:\/\/www.europesays.com\/fr\/wp-json\/wp\/v2\/categories?post=281125"},{"taxonomy":"post_tag","embeddable":true,"href":"https:\/\/www.europesays.com\/fr\/wp-json\/wp\/v2\/tags?post=281125"}],"curies":[{"name":"wp","href":"https:\/\/api.w.org\/{rel}","templated":true}]}}