{"id":281129,"date":"2025-07-29T04:43:10","date_gmt":"2025-07-29T04:43:10","guid":{"rendered":"https:\/\/www.europesays.com\/fr\/281129\/"},"modified":"2025-07-29T04:43:10","modified_gmt":"2025-07-29T04:43:10","slug":"cest-officiel-mais-le-message-de-sa-no","status":"publish","type":"post","link":"https:\/\/www.europesays.com\/fr\/281129\/","title":{"rendered":"c\u2019est officiel mais le message de sa no &#8230;"},"content":{"rendered":"<p data-start=\"254\" data-end=\"1084\">\u00c7a se confirme pour <a href=\"https:\/\/www.telestar.fr\/people\/karine-ferri-maman-elle-devoile-de-premiers-cliches-de-son-troisieme-enfant-827517\" target=\"_blank\" rel=\"noopener\"><br \/>\nKarine Ferri<\/a>. La rumeur selon laquelle <a href=\"https:\/\/www.telestar.fr\/actu_tv\/karine-ferri-sur-le-depart-de-tf1-ce-coup-de-theatre-qui-se-precise-1733013\" target=\"_blank\" rel=\"noopener\"><br \/>\nla pr\u00e9sentatrice quitterait TF1<\/a> se confirme ! Apr\u00e8s<br \/>\n<strong>treize ann\u00e9es<\/strong> de bons et loyaux services,<br \/>\nl&rsquo;animatrice prend le large. Et c&rsquo;est c<strong>hez RMC BFM<\/strong><br \/>\nque <a href=\"https:\/\/www.telestar.fr\/people\/exclu-karine-ferri-fait-de-tres-rares-confidences-sur-sa-vie-de-couple-avec-yoan-507465\" target=\"_blank\" rel=\"noopener\"><br \/>\nl&rsquo;\u00e9pouse de Yoann Gourcuff<\/a> met les voiles.\u00a0Une annonce<br \/>\nfracassante, salu\u00e9e dans la foul\u00e9e par un communiqu\u00e9 de RMC sur<br \/>\nX.<\/p>\n<p data-start=\"254\" data-end=\"1084\">La cha\u00eene a publi\u00e9 <strong>un<br \/>\nmessage sobre<\/strong>, presque trop, pour accueillir son<br \/>\n<strong>nouveau visage vedette<\/strong> : \u00ab\u00a0Karine Ferri rejoint les cha\u00eenes RMC \u00e0 la rentr\u00e9e.<br \/>\nElle assurera la pr\u00e9sentation et la production de <strong>nouveaux<br \/>\nformats<\/strong> mettant en lumi\u00e8re des parcours de vie ancr\u00e9s dans<br \/>\nle r\u00e9el, port\u00e9s par <strong>une approche humaine et<br \/>\nsensible<\/strong>. Bienvenue !\u00a0\u00bb\u00a0Un ton un peu aust\u00e8re<br \/>\npour un transfert aussi m\u00e9diatique. Mais qu\u2019importe : l\u2019essentiel<br \/>\nest l\u00e0. Karine Ferri s\u2019appr\u00eate \u00e0 prendre <strong>un nouveau<br \/>\nd\u00e9part<\/strong>. Et c\u2019est elle-m\u00eame qui l\u2019annonce \u00e0 ses fans, sur<br \/>\nses r\u00e9seaux, dans <strong>un message fort<\/strong> et rempli<br \/>\nd\u2019\u00e9motion.<\/p>\n<blockquote class=\"instagram-media\" style=\"background: #ffffff;border: 0;margin: 1px;width: 100%;padding: 0;max-width: 500px;\" data-instgrm-permalink=\"https:\/\/www.instagram.com\/p\/DMp39-kIrEL\/?utm_source=ig_embed\" data-instgrm-version=\"14\"\/>\n<p>Karine Ferri : clap de fin sur TF1<\/p>\n<p data-start=\"1130\" data-end=\"2101\">Sur TF1, elle aura tout fait.<br \/>\n<a href=\"https:\/\/www.telestar.fr\/actu_tv\/the-voice-bouleversement-dans-les-coulisses-la-remplacante-de-karine-ferri-est-tout-sauf-une-inconnue-1696422\" target=\"_blank\" rel=\"noopener\"><br \/>\nThe Voice<\/a>, les<br \/>\ntirages du Loto, les docs de la TNT, Chroniques criminelles\u2026 Karine Ferri a marqu\u00e9<br \/>\nla Une de son empreinte. Mais ces derniers temps, sa pr\u00e9sence \u00e0<br \/>\nl\u2019antenne s\u2019\u00e9tait rar\u00e9fi\u00e9e. D\u00e9j\u00e0, en 2022, elle se retirait<br \/>\ndiscr\u00e8tement de <a href=\"https:\/\/www.telestar.fr\/tele_realite\/danse-avec-les-stars-gros-turnover-a-venir-chez-les-danseurs-pros-ce-message-qui-laisse-peu-de-place-au-doute-1731943\" target=\"_blank\" rel=\"noopener\"><br \/>\nDanse avec les stars<\/a><br \/>\n: \u00ab\u00a0J\u2019ai simplement<br \/>\n<strong>envie de faire autre chose<\/strong>. Et il vaut toujours<br \/>\nmieux partir sur une bonne note.\u00a0\u00bb avait-elle expliqu\u00e9. Le ton<br \/>\n\u00e9tait donn\u00e9.<\/p>\n<p data-start=\"1130\" data-end=\"2101\">Aujourd\u2019hui, elle part<br \/>\n<strong>sans rancune<\/strong>, mais avec le c\u0153ur serr\u00e9. Sur<br \/>\nInstagram, cette <a href=\"https:\/\/www.telestar.fr\/people\/exclu.-karine-ferri-maman-elle-se-livre-comme-jamais-sur-sasha-son-troisieme-enfant-832336\" target=\"_blank\" rel=\"noopener\"><br \/>\nmaman de trois enfants<\/a> a tenu \u00e0 rendre <strong>un dernier<br \/>\nhommage<\/strong> \u00e0 cette cha\u00eene qui lui a tant apport\u00e9 :<br \/>\n\u00ab\u00a0Apr\u00e8s 13 ann\u00e9es riches,<br \/>\nintenses et profond\u00e9ment formatrices, j\u2019ai d\u00e9cid\u00e9 de quitter le<br \/>\ngroupe TF1 et de relever <strong>un nouveau challenge<\/strong> en<br \/>\ntournant cette page importante de ma carri\u00e8re professionnelle<br \/>\n\u00bb, \u00e9crit-elle. Une d\u00e9claration touchante, dans laquelle elle<br \/>\nremercie chaleureusement ses coll\u00e8gues et partenaires :<br \/>\n\u00ab\u00a0Ces ann\u00e9es m\u2019ont permis de<br \/>\ngrandir, d\u2019apprendre, de relever de beaux d\u00e9fis et de collaborer<br \/>\navec <strong>des personnes talentueuses et<br \/>\ninspirantes.<\/strong>\u00a0\u00bb\u00a0Ce qui s&rsquo;appelle quitter le navire<br \/>\navec panache !<\/p>\n<p>Karine Ferri : cap sur l\u2019avenir avec<br \/>\nRMC<\/p>\n<p data-start=\"2136\" data-end=\"2950\" data-is-last-node=\"\" data-is-only-node=\"\">Chez RMC, Karine Ferri ne se contentera pas de<br \/>\npr\u00e9senter : elle produira aussi. Un virage intense pour cette jeune<br \/>\nmaman, loin d&rsquo;\u00eatre en pilotage automatique. \u00c0 l\u2019antenne, elle<br \/>\nd\u00e9fendra <strong>des programmes de divertissement<br \/>\nfamilial<\/strong>, mais aussi des documentaires humains, proches du<br \/>\nterrain. Un retour \u00e0 l\u2019essentiel pour celle qui veut raconter<br \/>\n\u00ab\u00a0des parcours de vie ancr\u00e9s dans le r\u00e9el\u00a0\u00bb.<\/p>\n<p data-start=\"2136\" data-end=\"2950\" data-is-last-node=\"\" data-is-only-node=\"\">Et la bonne nouvelle, c\u2019est qu\u2019elle tr\u00e9pigne<br \/>\nd\u2019impatience : \u00ab\u00a0C\u2019est avec<br \/>\n\u00e9nergie, passion, exigence et impatience que j\u2019entame <strong>ce<br \/>\nnouveau chapitre<\/strong> ! J\u2019ai d\u00e9j\u00e0 h\u00e2te de vous embarquer avec<br \/>\nmoi\u00a0\u00bb \u00e9crit-elle sur Instagram. Loin d\u2019un simple transfert<br \/>\nt\u00e9l\u00e9, c\u2019est bien un nouveau d\u00e9part pour Karine Ferri. <strong>Plus<br \/>\nengag\u00e9e, plus libre<\/strong>, plus personnelle. Reste \u00e0 savoir si<br \/>\nle public suivra cette nouvelle aventure&#8230; mais avec 13 ans de<br \/>\nfid\u00e9lit\u00e9 TF1 au compteur, on parie que oui.<\/p>\n<p><script async src=\"\/\/www.instagram.com\/embed.js\"><\/script><\/p>\n","protected":false},"excerpt":{"rendered":"\u00c7a se confirme pour Karine Ferri. La rumeur selon laquelle la pr\u00e9sentatrice quitterait TF1 se confirme ! Apr\u00e8s&hellip;\n","protected":false},"author":2,"featured_media":281130,"comment_status":"","ping_status":"","sticky":false,"template":"","format":"standard","meta":{"footnotes":""},"categories":[1359],"tags":[548,3985,58,59,1011,27,36612,973,10319,199],"class_list":{"0":"post-281129","1":"post","2":"type-post","3":"status-publish","4":"format-standard","5":"has-post-thumbnail","7":"category-people","8":"tag-article-simple","9":"tag-depart","10":"tag-divertissement","11":"tag-entertainment","12":"tag-fr","13":"tag-france","14":"tag-karine-ferri","15":"tag-people","16":"tag-rmc","17":"tag-tf1"},"share_on_mastodon":{"url":"https:\/\/pubeurope.com\/@fr\/114934697353429250","error":""},"_links":{"self":[{"href":"https:\/\/www.europesays.com\/fr\/wp-json\/wp\/v2\/posts\/281129","targetHints":{"allow":["GET"]}}],"collection":[{"href":"https:\/\/www.europesays.com\/fr\/wp-json\/wp\/v2\/posts"}],"about":[{"href":"https:\/\/www.europesays.com\/fr\/wp-json\/wp\/v2\/types\/post"}],"author":[{"embeddable":true,"href":"https:\/\/www.europesays.com\/fr\/wp-json\/wp\/v2\/users\/2"}],"replies":[{"embeddable":true,"href":"https:\/\/www.europesays.com\/fr\/wp-json\/wp\/v2\/comments?post=281129"}],"version-history":[{"count":0,"href":"https:\/\/www.europesays.com\/fr\/wp-json\/wp\/v2\/posts\/281129\/revisions"}],"wp:featuredmedia":[{"embeddable":true,"href":"https:\/\/www.europesays.com\/fr\/wp-json\/wp\/v2\/media\/281130"}],"wp:attachment":[{"href":"https:\/\/www.europesays.com\/fr\/wp-json\/wp\/v2\/media?parent=281129"}],"wp:term":[{"taxonomy":"category","embeddable":true,"href":"https:\/\/www.europesays.com\/fr\/wp-json\/wp\/v2\/categories?post=281129"},{"taxonomy":"post_tag","embeddable":true,"href":"https:\/\/www.europesays.com\/fr\/wp-json\/wp\/v2\/tags?post=281129"}],"curies":[{"name":"wp","href":"https:\/\/api.w.org\/{rel}","templated":true}]}}