{"id":281169,"date":"2025-07-29T05:09:15","date_gmt":"2025-07-29T05:09:15","guid":{"rendered":"https:\/\/www.europesays.com\/fr\/281169\/"},"modified":"2025-07-29T05:09:15","modified_gmt":"2025-07-29T05:09:15","slug":"entreprises-axoft-ouvre-une-antenne-a-grenoble-de-nombreuses-offres-demploi-a-lyon-saint-exupery-leur-actu-en-bref","status":"publish","type":"post","link":"https:\/\/www.europesays.com\/fr\/281169\/","title":{"rendered":"Entreprises. Axoft ouvre une antenne \u00e0 Grenoble, de nombreuses offres d&#8217;emploi \u00e0 Lyon Saint-Exup\u00e9ry&#8230; Leur actu en bref"},"content":{"rendered":"<p>  Is\u00e8re :\u00a0Axoft ouvre une antenne \u00e0 Grenoble<\/p>\n<p>Axoft, p\u00e9pite am\u00e9ricaine qui d\u00e9veloppe une solution pour mieux traiter les maladies neurod\u00e9g\u00e9n\u00e9ratives, a annonc\u00e9 avoir ouvert une antenne \u00e0 Grenoble.<\/p>\n<p>Leur ambition ? Am\u00e9liorer le diagnostic et le traitement des maladies neurologiques gr\u00e2ce \u00e0 une interface bidirectionnelle, souple, biocompatible et d\u2019une pr\u00e9cision in\u00e9dite.<\/p>\n<p>L\u2019antenne grenobloise va permettre \u00e0 Axoft de lancer plusieurs projets pr\u00e9cliniques \u00e0 court terme, de constituer une \u00e9quipe locale, et d\u2019envisager \u00e0 moyen terme des essais cliniques ainsi qu\u2019une production partielle dans la r\u00e9gion.<\/p>\n<p>\u00ab\u00a0\u00c0 Grenoble, c\u2019est l\u2019\u00e9cosyst\u00e8me combin\u00e9 de deeptech, medtech et la pr\u00e9sence de laboratoires de neurosciences et cliniques qui nous a fortement marqu\u00e9s lors des premi\u00e8res visites. \u00c0 cela s\u2019ajoute la pr\u00e9sence de talents dans des domaines tr\u00e8s sp\u00e9cifiques aux interfaces homme-machine (IA, semi-conducteurs, robotique chirurgicale\u2026) dans un environnement de travail entrepreneurial \u00e0 la fois dynamique et g\u00e9ographiquement tr\u00e8s dense.\u00a0C\u2019est l\u2019endroit id\u00e9al pour y lancer une antenne\u00a0\u00bb, explique\u00a0Paul Le Floch, confondateur d&rsquo;Axoft avec\u00a0Tianyang Ye et le Pr. Jia Liu.<\/p>\n<p>  &#13;<br \/>\n      <a href=\"https:\/\/cdn-s-www.ledauphine.com\/images\/337619d8-e3b9-4a36-b435-07af9845c457\/NW_raw\/photo-le-progres-joel-philippon-1724696680.jpg\" title=\"Photo Le Progr\u00e8s\/Jo\u00ebl Philippon\" class=\"chocolat-image GA-tracking\" data-ga_type=\"click\" data-ga_category=\"D\u00e9tail\" data-ga_action=\"zoomer\" data-ga_label=\"agrandir image\" target=\"_blank\" rel=\"noopener\">&#13;<br \/>\n          <img loading=\"lazy\" decoding=\"async\" src=\"https:\/\/www.europesays.com\/fr\/wp-content\/uploads\/2025\/07\/photo-le-progres-joel-philippon-1724696680.jpg\" data-mobile=\"NW_listC_M|1724696680\" data-base=\"NW_listC|1724696680\" alt=\"Photo Le Progr\u00e8s\/Jo\u00ebl Philippon\"\/>&#13;<br \/>\n      <\/a>&#13;<\/p>\n<p>Photo Le Progr\u00e8s\/Jo\u00ebl Philippon<\/p>\n<p>&#13;<\/p>\n<p>  Rh\u00f4ne\/Is\u00e8re\u00a0:\u00a0une trentaine de postes \u00e0 pourvoir \u00e0 l&rsquo;a\u00e9roport Lyon Saint-Exup\u00e9ry<\/p>\n<p>Sur la page France Travail consacr\u00e9 \u00e0 l\u2019a\u00e9roport de Lyon Saint-Exup\u00e9ry, poumon \u00e9conomique de Colombier-Saugnieu, 29 emplois en CDI et CDD, int\u00e9rim aussi, majoritairement \u00e0 temps plein, sont propos\u00e9es.<\/p>\n<p>Dans la plupart des cas, il s\u2019agit de postes dans les boutiques Duty Free du site, comme vendeur ou \u00e9quipier polyvalent de restauration. Certains h\u00f4tels, comme l\u2019Ibis Budget et le Hampton by Hilton, cherchent \u00e9galement des employ\u00e9s. Plus sp\u00e9cifiques : en int\u00e9rim, des jobs \u00ab d\u2019adjoint d\u00e9clarant en douanes \u00bb et de \u00ab pr\u00e9parateur de plateaux-repas \u00bb pour les avions sont propos\u00e9s.<\/p>\n<p>Ses emplois sont ouverts aux candidatures alors que l\u2019a\u00e9roport esp\u00e8re continuer, cet \u00e9t\u00e9, \u00e0 se rapprocher de ses niveaux de fr\u00e9quentation d\u2019avant-Covid (11,9 millions de passagers enregistr\u00e9s en 2019, 10,4 millions en 2024, en hausse de 4,7 % par rapport \u00e0 2023).<\/p>\n<p>L\u2019a\u00e9roport lyonnais est en particulier port\u00e9 par les vols low cost, qui pesaient en 2024 pour 52 % du trafic.<\/p>\n","protected":false},"excerpt":{"rendered":"Is\u00e8re :\u00a0Axoft ouvre une antenne \u00e0 Grenoble Axoft, p\u00e9pite am\u00e9ricaine qui d\u00e9veloppe une solution pour mieux traiter les&hellip;\n","protected":false},"author":2,"featured_media":281170,"comment_status":"","ping_status":"","sticky":false,"template":"","format":"standard","meta":{"footnotes":""},"categories":[9566],"tags":[1111,11,2738,4646,2430,9810,2730,33,1777,674,1011,27,2731,4638,693,5015,108,3367,12,25,2429,5508,216],"class_list":{"0":"post-281169","1":"post","2":"type-post","3":"status-publish","4":"format-standard","5":"has-post-thumbnail","7":"category-grenoble","8":"tag-actu","9":"tag-actualites","10":"tag-ain","11":"tag-ardeche","12":"tag-auvergne-rhone-alpes","13":"tag-direct-entreprises","14":"tag-drome","15":"tag-economie","16":"tag-eu","17":"tag-europe","18":"tag-fr","19":"tag-france","20":"tag-grenoble","21":"tag-haute-savoie","22":"tag-industrie","23":"tag-innovation-et-start-up","24":"tag-isere","25":"tag-loire","26":"tag-news","27":"tag-republique-francaise","28":"tag-rhone","29":"tag-savoie","30":"tag-vie-des-entreprises"},"share_on_mastodon":{"url":"https:\/\/pubeurope.com\/@fr\/114934799741391619","error":""},"_links":{"self":[{"href":"https:\/\/www.europesays.com\/fr\/wp-json\/wp\/v2\/posts\/281169","targetHints":{"allow":["GET"]}}],"collection":[{"href":"https:\/\/www.europesays.com\/fr\/wp-json\/wp\/v2\/posts"}],"about":[{"href":"https:\/\/www.europesays.com\/fr\/wp-json\/wp\/v2\/types\/post"}],"author":[{"embeddable":true,"href":"https:\/\/www.europesays.com\/fr\/wp-json\/wp\/v2\/users\/2"}],"replies":[{"embeddable":true,"href":"https:\/\/www.europesays.com\/fr\/wp-json\/wp\/v2\/comments?post=281169"}],"version-history":[{"count":0,"href":"https:\/\/www.europesays.com\/fr\/wp-json\/wp\/v2\/posts\/281169\/revisions"}],"wp:featuredmedia":[{"embeddable":true,"href":"https:\/\/www.europesays.com\/fr\/wp-json\/wp\/v2\/media\/281170"}],"wp:attachment":[{"href":"https:\/\/www.europesays.com\/fr\/wp-json\/wp\/v2\/media?parent=281169"}],"wp:term":[{"taxonomy":"category","embeddable":true,"href":"https:\/\/www.europesays.com\/fr\/wp-json\/wp\/v2\/categories?post=281169"},{"taxonomy":"post_tag","embeddable":true,"href":"https:\/\/www.europesays.com\/fr\/wp-json\/wp\/v2\/tags?post=281169"}],"curies":[{"name":"wp","href":"https:\/\/api.w.org\/{rel}","templated":true}]}}