{"id":281191,"date":"2025-07-29T05:24:17","date_gmt":"2025-07-29T05:24:17","guid":{"rendered":"https:\/\/www.europesays.com\/fr\/281191\/"},"modified":"2025-07-29T05:24:17","modified_gmt":"2025-07-29T05:24:17","slug":"ce-que-lon-peut-deja-apercevoir","status":"publish","type":"post","link":"https:\/\/www.europesays.com\/fr\/281191\/","title":{"rendered":"ce que l&rsquo;on peut d\u00e9j\u00e0 apercevoir"},"content":{"rendered":"<p>            Par<br \/>\n        <strong><br \/>\n            <a href=\"https:\/\/actu.fr\/auteur\/lea-afonso\" title=\"Consulter tous les articles de L\u00e9a Afonso\" target=\"_blank\" rel=\"noopener\">L\u00e9a Afonso<\/a><br \/>\n        <\/strong><\/p>\n<p>        Publi\u00e9 le<\/p>\n<p>            29 juil. 2025 \u00e0 7h12        <\/p>\n<p>Commenc\u00e9s en juin dernier et pr\u00e9vus jusqu\u2019en 2027, les travaux de <strong>v\u00e9g\u00e9talisation du parking<\/strong> de<strong> l\u2019Universit\u00e9 <a href=\"https:\/\/actu.fr\/toulouse\/\" target=\"_blank\" rel=\"noopener\">Toulouse <\/a>Capitole<\/strong> avancent \u00e0 grands pas. En cette fin juillet, il est d\u00e9j\u00e0 possible d\u2019avoir un bel aper\u00e7u du futur parc.<\/p>\n<p>V\u00e9g\u00e9taliser un parking<br \/>\n    <img   decoding=\"async\" loading=\"lazy\" src=\"https:\/\/www.europesays.com\/fr\/wp-content\/uploads\/2025\/07\/capture-decran-2025-07-28-144828-960x640.png\" alt=\"D'un parking qui accueillait 300 places de voitures \u00e0 un jardin de 10 000 m\u00b2. \" width=\"960\" height=\"640\"\/><br \/>\n    D\u2019un parking qui accueillait 300 places de voitures \u00e0 un jardin de 10\u2009000 m\u00b2. (\u00a9Mar\u00e9va Laville et L\u00e9a Afonso \/ Actu Toulouse)<\/p>\n<p class=\" wall-content\">D\u2019un parking de 300 places datant des ann\u00e9es 70 et r\u00e9serv\u00e9 au personnel de l\u2019universit\u00e9, le site est en passe de devenir un v\u00e9ritable \u00e9crin de verdure. Arbres conserv\u00e9s, bitume retir\u00e9, pelouse en cours de plantation\u2026 Peu \u00e0 peu, le nouveau visage de l\u2019Universit\u00e9 se dessine. \u00c0 terme, c\u2019est <strong>un jardin de 10\u2009000 m\u00b2<\/strong> qui \u00e9mergera au c\u0153ur du campus.<\/p>\n<p>Un parc ouvert \u00e0 tous<\/p>\n<p class=\" wall-content\">Ce futur parc ne sera pas r\u00e9serv\u00e9 aux seuls \u00e9tudiants. Il <strong>s\u2019ouvrira pleinement sur la ville<\/strong>, offrant un <strong>acc\u00e8s libre aux riverains<\/strong>. \u00ab\u2009Nous sommes un campus en plein centre-ville, et nous voulons devenir un trait d\u2019union avec la cit\u00e9. Cela a toujours \u00e9t\u00e9 notre ambition\u2009: accueillir aussi les habitants\u2009\u00bb,<a href=\"https:\/\/actu.fr\/occitanie\/toulouse_31555\/ce-grand-chantier-demarre-dans-le-centre-ville-de-toulouse-un-immense-parc-verra-le-jour-d-ici-deux-ans_62750178.html\" target=\"_blank\" rel=\"noopener\"> expliquait r\u00e9cemment Hugues Kenfack<\/a>, pr\u00e9sident de l\u2019Universit\u00e9 Toulouse Capitole, \u00e0 Actu Toulouse.<\/p>\n<p>    <img   decoding=\"async\" loading=\"lazy\" src=\"https:\/\/www.europesays.com\/fr\/wp-content\/uploads\/2025\/07\/travaux-jardin-fac-9-960x640.jpg\" alt=\"A termes, ce tout nouveau parc sera enti\u00e8rement ouvert sur la rue, afin d'\u00eatre accessible aux \u00e9tudiants comme aux habitants. \" width=\"960\" height=\"640\"\/><br \/>\n    \u00c0 terme, ce tout nouveau parc sera enti\u00e8rement ouvert sur la rue, afin d\u2019\u00eatre accessible aux \u00e9tudiants comme aux habitants. (\u00a9L\u00e9a Afonso \/ Actu Toulouse)<\/p>\n<p class=\" wall-content\">Les grilles s\u2019effaceront, et l\u2019entr\u00e9e se fera d\u00e8s la fin des travaux, pour toute personne qui le souhaite, depuis la rue des Puits-Creus\u00e9s et la rue Doyen-Gabriel-Marty. Un projet en phase avec la volont\u00e9 de la municipalit\u00e9 de <strong>v\u00e9g\u00e9taliser le centre-ville<\/strong>. Cela pourrait, \u00e0 terme, s\u2019accompagner d\u2019une<strong> pi\u00e9tonisation de la rue des Puits-Creus\u00e9s<\/strong> afin de relier harmonieusement la partie Arsenal \u00e0 celle des vieilles universit\u00e9s,<a href=\"https:\/\/actu.fr\/occitanie\/toulouse_31555\/toulouse-cette-rue-tres-frequentee-et-dangereuse-du-centre-ville-va-t-elle-devenir-pietonne_62546799.html\" target=\"_blank\" rel=\"noopener\"> une id\u00e9e qui ne d\u00e9pla\u00eet ni \u00e0 la mairie, ni \u00e0 la direction de la fac.<\/a><\/p>\n<p>Une continuit\u00e9 avec le clo\u00eetre des Chartreux<\/p>\n<p class=\" wall-content\">Ce nouveau parc <strong>prolongera<\/strong> naturellement le <strong>clo\u00eetre des Chartreux<\/strong>, espace tr\u00e8s fr\u00e9quent\u00e9 situ\u00e9 \u00e0 l\u2019arri\u00e8re du b\u00e2timent principal de l\u2019Universit\u00e9. Toutefois, la<strong> liaison entre les deux zones<\/strong> restera <strong>b\u00e9tonn\u00e9e<\/strong>\u2009: aucun am\u00e9nagement v\u00e9g\u00e9tal n\u2019est pr\u00e9vu sur cette portion,<a href=\"https:\/\/actu.fr\/occitanie\/toulouse_31555\/pourquoi-ce-batiment-est-il-en-deconstruction-a-l-universite-toulouse-capitole_62495264.html\" target=\"_blank\" rel=\"noopener\"> ancien emplacement de l\u2019amphith\u00e9\u00e2tre Valade.<\/a><\/p>\n<p>    <img   decoding=\"async\" loading=\"lazy\" src=\"https:\/\/www.europesays.com\/fr\/wp-content\/uploads\/2025\/07\/travaux-jardin-fac-1-960x640.jpg\" alt=\"C\u00f4t\u00e9 Clo\u00eetre des Chartreux, la zone restera b\u00e9tonn\u00e9e. \" width=\"960\" height=\"640\"\/><br \/>\n    C\u00f4t\u00e9 Clo\u00eetre des Chartreux, l\u00e0 o\u00f9 tr\u00f4nait l\u2019amphith\u00e9\u00e2tre Valade, la zone restera b\u00e9tonn\u00e9e. (\u00a9L\u00e9a Afonso \/ Actu Toulouse)Et les voitures dans tout \u00e7a\u2009?<br \/>\n    <img   decoding=\"async\" loading=\"lazy\" src=\"https:\/\/www.europesays.com\/fr\/wp-content\/uploads\/2025\/07\/img-1762-960x640.jpg\" alt=\"Le parking est d\u00e9sormais en sous sol de ce tout nouveau b\u00e2timent Rempart, situ\u00e9 entre celui de l'Arsenal et de la biblioth\u00e8que Universitaire. \" width=\"960\" height=\"640\"\/><br \/>\n    Le parking est d\u00e9sormais en sous-sol de ce tout nouveau b\u00e2timent Rempart, situ\u00e9 entre celui de l\u2019Arsenal et de la biblioth\u00e8que Universitaire. (\u00a9L\u00e9a Afonso \/ Actu Toulouse)<\/p>\n<p class=\" wall-content\">Pas d\u2019inqui\u00e9tude pour les automobilistes\u2009: le stationnement n\u2019a pas disparu, il s\u2019est simplement d\u00e9plac\u00e9. Un nouveau <strong>parking souterrain<\/strong> a \u00e9t\u00e9 am\u00e9nag\u00e9 sous le <a href=\"https:\/\/actu.fr\/occitanie\/toulouse_31555\/en-images-a-la-decouverte-de-rempart-le-nouveau-batiment-de-l-universite-capitole_62494287.html\" target=\"_blank\" rel=\"noopener\"><strong>b\u00e2timent Rempart<\/strong>, inaugur\u00e9 cette ann\u00e9e,<\/a> entre l\u2019Arsenal et la biblioth\u00e8que universitaire. On y acc\u00e8de facilement par la rue de la Cit\u00e9 Administrative.<\/p>\n<p class=\" wall-content\">Suivez toute l\u2019actualit\u00e9 de vos villes et m\u00e9dias favoris en vous inscrivant \u00e0 <a href=\"https:\/\/moncompte.actu.fr\" title=\"D\u00e9couvez Mon Actu\" rel=\"nofollow noopener\" data-trk=\"{&quot;cta&quot;:{&quot;action&quot;:&quot;https:\\\/\\\/moncompte.actu.fr&quot;,&quot;category&quot;:&quot;mon compte&quot;,&quot;from&quot;:&quot;article footer&quot;,&quot;name&quot;:&quot;Mon actu&quot;,&quot;type&quot;:&quot;cta&quot;}}\" target=\"_blank\">Mon Actu<\/a>.<\/p>\n<ul class=\"ac-article-tag wall-content\">\n<li><a href=\"https:\/\/actu.fr\/tag\/universite-toulouse-1-capitole\" data-trk=\"{&quot;cta&quot;:{&quot;action&quot;:&quot;Universit\\u00e9 Toulouse 1 Capitole&quot;,&quot;category&quot;:&quot;tag&quot;,&quot;from&quot;:&quot;article footer&quot;,&quot;name&quot;:&quot;Universit\\u00e9 Toulouse 1 Capitole&quot;,&quot;type&quot;:&quot;cta&quot;}}\" target=\"_blank\" rel=\"noopener\">#Universit\u00e9 Toulouse 1 Capitole<\/a><\/li>\n<li><a href=\"https:\/\/actu.fr\/tag\/urbanisme\" data-trk=\"{&quot;cta&quot;:{&quot;action&quot;:&quot;Urbanisme&quot;,&quot;category&quot;:&quot;tag&quot;,&quot;from&quot;:&quot;article footer&quot;,&quot;name&quot;:&quot;Urbanisme&quot;,&quot;type&quot;:&quot;cta&quot;}}\" target=\"_blank\" rel=\"noopener\">#Urbanisme<\/a><\/li>\n<\/ul>\n","protected":false},"excerpt":{"rendered":"Par L\u00e9a Afonso Publi\u00e9 le 29 juil. 2025 \u00e0 7h12 Commenc\u00e9s en juin dernier et pr\u00e9vus jusqu\u2019en 2027,&hellip;\n","protected":false},"author":2,"featured_media":281192,"comment_status":"","ping_status":"","sticky":false,"template":"","format":"standard","meta":{"footnotes":""},"categories":[2816],"tags":[1111,11,1777,674,1011,27,12,2680,25,104,2312,7171,1352],"class_list":{"0":"post-281191","1":"post","2":"type-post","3":"status-publish","4":"format-standard","5":"has-post-thumbnail","7":"category-toulouse","8":"tag-actu","9":"tag-actualites","10":"tag-eu","11":"tag-europe","12":"tag-fr","13":"tag-france","14":"tag-news","15":"tag-occitanie","16":"tag-republique-francaise","17":"tag-societe","18":"tag-toulouse","19":"tag-universite-toulouse-1-capitole","20":"tag-urbanisme"},"share_on_mastodon":{"url":"https:\/\/pubeurope.com\/@fr\/114934858739469727","error":""},"_links":{"self":[{"href":"https:\/\/www.europesays.com\/fr\/wp-json\/wp\/v2\/posts\/281191","targetHints":{"allow":["GET"]}}],"collection":[{"href":"https:\/\/www.europesays.com\/fr\/wp-json\/wp\/v2\/posts"}],"about":[{"href":"https:\/\/www.europesays.com\/fr\/wp-json\/wp\/v2\/types\/post"}],"author":[{"embeddable":true,"href":"https:\/\/www.europesays.com\/fr\/wp-json\/wp\/v2\/users\/2"}],"replies":[{"embeddable":true,"href":"https:\/\/www.europesays.com\/fr\/wp-json\/wp\/v2\/comments?post=281191"}],"version-history":[{"count":0,"href":"https:\/\/www.europesays.com\/fr\/wp-json\/wp\/v2\/posts\/281191\/revisions"}],"wp:featuredmedia":[{"embeddable":true,"href":"https:\/\/www.europesays.com\/fr\/wp-json\/wp\/v2\/media\/281192"}],"wp:attachment":[{"href":"https:\/\/www.europesays.com\/fr\/wp-json\/wp\/v2\/media?parent=281191"}],"wp:term":[{"taxonomy":"category","embeddable":true,"href":"https:\/\/www.europesays.com\/fr\/wp-json\/wp\/v2\/categories?post=281191"},{"taxonomy":"post_tag","embeddable":true,"href":"https:\/\/www.europesays.com\/fr\/wp-json\/wp\/v2\/tags?post=281191"}],"curies":[{"name":"wp","href":"https:\/\/api.w.org\/{rel}","templated":true}]}}