{"id":281195,"date":"2025-07-29T05:27:17","date_gmt":"2025-07-29T05:27:17","guid":{"rendered":"https:\/\/www.europesays.com\/fr\/281195\/"},"modified":"2025-07-29T05:27:17","modified_gmt":"2025-07-29T05:27:17","slug":"revue-de-presse-psg-lucas-chevalier-remplacant","status":"publish","type":"post","link":"https:\/\/www.europesays.com\/fr\/281195\/","title":{"rendered":"Revue de presse PSG : Lucas Chevalier, rempla\u00e7ant\u2026 &#8211;"},"content":{"rendered":"<p><img width=\"780\" height=\"470\" src=\"https:\/\/www.europesays.com\/fr\/wp-content\/uploads\/2025\/04\/Revue-de-Presse-PSG.jpeg\" class=\"attachment-jannah-image-post size-jannah-image-post wp-post-image\" alt=\"Revue De Presse Psg\" is_main_img=\"1\" decoding=\"async\" fetchpriority=\"high\"  \/><\/p>\n<p><strong>Vu et lu au sujet du PSG dans la\u00a0<a href=\"https:\/\/canal-supporters.com\/category\/revue-de-presse\/\" target=\"_blank\" rel=\"noopener\">presse<br \/>\nhexagonale<\/a>\u00a0ce dimanche 27 juillet 2025. Le PSG<\/strong> a<br \/>\nfait une premi\u00e8re offre \u00e0 Lille pour Chevalier, Lille lui cherche<br \/>\nun rempla\u00e7ant\u2026<\/p>\n<p> <img loading=\"lazy\" decoding=\"async\" width=\"1024\" height=\"102\" src=\"https:\/\/www.europesays.com\/fr\/wp-content\/uploads\/2025\/07\/LEquipe-28-07-2025-1024x102.jpg\" alt=\"L'equipe 28 07 2025\" class=\"wp-image-577270\"  \/><\/p>\n<p>Dans son \u00e9dition du jour, <a href=\"https:\/\/kiosque.lequipe.fr\/data\/1247\/reader\/reader.html#!preferred\/0\/package\/1247\/pub\/1247\/page\/26\" target=\"_blank\" rel=\"noopener\" title=\"\">L\u2019Equipe<\/a> \u00e9voque le<br \/>\ndossier <strong>Lucas Chevalier<\/strong>. Pist\u00e9 par le<br \/>\n<strong>PSG<\/strong> pour potentiellement remplacer<br \/>\n<strong>Gianluigi Donnarumma<\/strong>, le gardien, qui a trouv\u00e9 un<br \/>\naccord avec les Rouge &amp; Bleu pour un contrat de cinq ans, a vu le<br \/>\nclub de la capitale transmettre une <a href=\"https:\/\/canal-supporters.com\/le-psg-a-fait-une-premiere-offre-a-lille-pour-lucas-chevalier\/\" title=\"\" target=\"_blank\" rel=\"noopener\">premi\u00e8re offre<\/a> \u00e0 <strong>Lille<\/strong> pour tenter de<br \/>\ns\u2019offrir ses services. Cette derni\u00e8re est l\u00e9g\u00e8rement inf\u00e9rieure \u00e0<br \/>\n40 millions d\u2019euros. Le quotidien sportif indique que cette<br \/>\nderni\u00e8re devrait \u00eatre refus\u00e9e \u00e9tant jug\u00e9e trop faible.<br \/>\n\u00ab\u00a0Mais le pr\u00e9sident Lillois, <strong>Olivier<br \/>\nL\u00e9tang<\/strong>, aura du mal \u00e0 r\u00e9sister \u00e0 une surench\u00e8re du club de<br \/>\nla capitale, d\u00e9termin\u00e9 \u00e0 recruter l\u2019international<br \/>\nfran\u00e7ais.\u00a0\u00bb L\u2019Equipe indique qu\u2019avec la cote<br \/>\n\u00e9lev\u00e9e de <strong>Lucas Chevalier,<\/strong> <strong>Lille<\/strong><br \/>\navait anticip\u00e9 cette hypoth\u00e8se et n\u2019est pas pris au d\u00e9pourvu avec<br \/>\nune liste de rempla\u00e7ants potentiels. Dans cette derni\u00e8re figure en<br \/>\npriorit\u00e9\u00a0<strong>Anton\u00edn Kinsk\u00fd<\/strong>. Il aimerait<br \/>\nr\u00e9cup\u00e9rer le gardien rempla\u00e7ant de <strong>Tottenham<\/strong> sous<br \/>\nla forme d\u2019un pr\u00eat. Le club nordiste a aussi un \u0153il sur<br \/>\n<strong>Jeffrey De Lange<\/strong>, portier num\u00e9ro 2 de<br \/>\n<strong>Marseille<\/strong>. Ce dernier ne serait pas contre signer<br \/>\n\u00e0 <strong>Lille<\/strong>, alors qu\u2019il a un tr\u00e8s faible temps de jeu<br \/>\n\u00e0 <strong>Marseille<\/strong>. Le <strong>LOSC<\/strong> piste<br \/>\n\u00e9galement <strong>Robin Roefs<\/strong>, du <strong>NEC<br \/>\nNim\u00e8gue<\/strong>, mais ce dernier part de beaucoup plus loin. Une<br \/>\nchose est s\u00fbre, <strong>Lille<\/strong> ne veut pas se pr\u00e9cipiter<br \/>\ndans la recherche du rempla\u00e7ant de <strong>Lucas<br \/>\nChevalier<\/strong>, avec le souvenir de la gestion imparfaite de<br \/>\nl\u2019apr\u00e8s-<strong>Mike Maignan<\/strong> en 2021, conclut<br \/>\nL\u2019Equipe.\u00a0<\/p>\n<p>A voir aussi : <a href=\"https:\/\/canal-supporters.com\/mercato-psg-le-dossier-lucas-chevalier-valide-par-luis-enrique\/#utm_campaign=https%3A%2F%2Fcanal-supporters.com%2Fle-psg-a-fait-une-premiere-offre-a-lille-pour-lucas-chevalier%2F&amp;utm_source=actirise-feed&amp;utm_medium=byl-back&amp;utm_content=https%3A%2F%2Fcanal-supporters.com%2Fmercato-psg-le-dossier-lucas-chevalier-valide-par-luis-enrique%2F\" title=\"\" target=\"_blank\" rel=\"noopener\">Mercato PSG \u2013 Le dossier Lucas Chevalier valid\u00e9 par Luis<br \/>\nEnrique<\/a><\/p>\n<p><a href=\"https:\/\/x.com\/CanalSupporters\" target=\"_blank\" rel=\"noopener\" title=\"\">canalsupporters.com<\/a><\/p>\n<p>Une fois n\u2019est pas coutume, Le Parisien n\u2019\u00e9voque pas le<br \/>\n<strong>PSG<\/strong> dans son \u00e9dition du jour.<\/p><\/p>\n","protected":false},"excerpt":{"rendered":"Vu et lu au sujet du PSG dans la\u00a0presse hexagonale\u00a0ce dimanche 27 juillet 2025. Le PSG a fait&hellip;\n","protected":false},"author":2,"featured_media":43795,"comment_status":"","ping_status":"","sticky":false,"template":"","format":"standard","meta":{"footnotes":""},"categories":[2815],"tags":[1111,11,81,38756,787,1777,674,1011,27,8772,811,1307,2267,4668,1434,1435,12,626,91,92,12983,93,42084,25,13125,96],"class_list":{"0":"post-281195","1":"post","2":"type-post","3":"status-publish","4":"format-standard","5":"has-post-thumbnail","7":"category-lille","8":"tag-actu","9":"tag-actualites","10":"tag-canal-supporters","11":"tag-chevalier","12":"tag-cs","13":"tag-eu","14":"tag-europe","15":"tag-fr","16":"tag-france","17":"tag-gardien","18":"tag-hauts-de-france","19":"tag-lille","20":"tag-losc","21":"tag-lucas-chevalier","22":"tag-mercato","23":"tag-mercato-psg","24":"tag-news","25":"tag-paris","26":"tag-paris-saint-germain","27":"tag-paris-sg","28":"tag-portier","29":"tag-psg","30":"tag-remplacant","31":"tag-republique-francaise","32":"tag-revue-de-presse","33":"tag-une"},"share_on_mastodon":{"url":"https:\/\/pubeurope.com\/@fr\/114934870640561623","error":""},"_links":{"self":[{"href":"https:\/\/www.europesays.com\/fr\/wp-json\/wp\/v2\/posts\/281195","targetHints":{"allow":["GET"]}}],"collection":[{"href":"https:\/\/www.europesays.com\/fr\/wp-json\/wp\/v2\/posts"}],"about":[{"href":"https:\/\/www.europesays.com\/fr\/wp-json\/wp\/v2\/types\/post"}],"author":[{"embeddable":true,"href":"https:\/\/www.europesays.com\/fr\/wp-json\/wp\/v2\/users\/2"}],"replies":[{"embeddable":true,"href":"https:\/\/www.europesays.com\/fr\/wp-json\/wp\/v2\/comments?post=281195"}],"version-history":[{"count":0,"href":"https:\/\/www.europesays.com\/fr\/wp-json\/wp\/v2\/posts\/281195\/revisions"}],"wp:featuredmedia":[{"embeddable":true,"href":"https:\/\/www.europesays.com\/fr\/wp-json\/wp\/v2\/media\/43795"}],"wp:attachment":[{"href":"https:\/\/www.europesays.com\/fr\/wp-json\/wp\/v2\/media?parent=281195"}],"wp:term":[{"taxonomy":"category","embeddable":true,"href":"https:\/\/www.europesays.com\/fr\/wp-json\/wp\/v2\/categories?post=281195"},{"taxonomy":"post_tag","embeddable":true,"href":"https:\/\/www.europesays.com\/fr\/wp-json\/wp\/v2\/tags?post=281195"}],"curies":[{"name":"wp","href":"https:\/\/api.w.org\/{rel}","templated":true}]}}