{"id":281198,"date":"2025-07-29T05:29:10","date_gmt":"2025-07-29T05:29:10","guid":{"rendered":"https:\/\/www.europesays.com\/fr\/281198\/"},"modified":"2025-07-29T05:29:10","modified_gmt":"2025-07-29T05:29:10","slug":"a-marseille-une-nouvelle-plateforme-de-radiotherapie-va-accelerer-la-recherche-sur-les-tumeurs-cerebrales","status":"publish","type":"post","link":"https:\/\/www.europesays.com\/fr\/281198\/","title":{"rendered":"\u00c0 Marseille, une nouvelle plateforme de radioth\u00e9rapie va acc\u00e9l\u00e9rer la recherche sur les tumeurs c\u00e9r\u00e9brales"},"content":{"rendered":"<p>On dirait un gros frigo. En fait, ce cube en inox est un appareil de pointe qui va acc\u00e9l\u00e9rer la recherche sur les tumeurs c\u00e9r\u00e9brales dans toute la r\u00e9gion. Il porte le nom de SARRP, un acronyme de la langue anglaise qu\u2019on r\u00e9sume par une plateforme de <a href=\"https:\/\/www.laprovence.com\/article\/sante\/1194008282275614\/radiotherapie-flash-un-espoir-contre-les-cancers-de-mauvais-pronostic\" target=\"_blank\" rel=\"nofollow noopener\">radioth\u00e9rapie <\/a>pour petit animal (comprenez, des souris). Quatre villes en sont \u00e9quip\u00e9es dans l\u2019Hexagone\u00a0: Paris, Lyon, Nantes et Marseille.<\/p>\n","protected":false},"excerpt":{"rendered":"On dirait un gros frigo. En fait, ce cube en inox est un appareil de pointe qui va&hellip;\n","protected":false},"author":2,"featured_media":281199,"comment_status":"","ping_status":"","sticky":false,"template":"","format":"standard","meta":{"footnotes":""},"categories":[2814],"tags":[17,42085,1111,11,1777,674,1011,27,884,12,2043,18931,882,12557,959,25,71,96],"class_list":{"0":"post-281198","1":"post","2":"type-post","3":"status-publish","4":"format-standard","5":"has-post-thumbnail","7":"category-marseille","8":"tag-17","9":"tag-accelerer","10":"tag-actu","11":"tag-actualites","12":"tag-eu","13":"tag-europe","14":"tag-fr","15":"tag-france","16":"tag-marseille","17":"tag-news","18":"tag-nouvelle","19":"tag-plateforme","20":"tag-provence-alpes-cote-dazur","21":"tag-radiotherapie","22":"tag-recherche","23":"tag-republique-francaise","24":"tag-sante","25":"tag-une"},"share_on_mastodon":{"url":"https:\/\/pubeurope.com\/@fr\/114934878272084864","error":""},"_links":{"self":[{"href":"https:\/\/www.europesays.com\/fr\/wp-json\/wp\/v2\/posts\/281198","targetHints":{"allow":["GET"]}}],"collection":[{"href":"https:\/\/www.europesays.com\/fr\/wp-json\/wp\/v2\/posts"}],"about":[{"href":"https:\/\/www.europesays.com\/fr\/wp-json\/wp\/v2\/types\/post"}],"author":[{"embeddable":true,"href":"https:\/\/www.europesays.com\/fr\/wp-json\/wp\/v2\/users\/2"}],"replies":[{"embeddable":true,"href":"https:\/\/www.europesays.com\/fr\/wp-json\/wp\/v2\/comments?post=281198"}],"version-history":[{"count":0,"href":"https:\/\/www.europesays.com\/fr\/wp-json\/wp\/v2\/posts\/281198\/revisions"}],"wp:featuredmedia":[{"embeddable":true,"href":"https:\/\/www.europesays.com\/fr\/wp-json\/wp\/v2\/media\/281199"}],"wp:attachment":[{"href":"https:\/\/www.europesays.com\/fr\/wp-json\/wp\/v2\/media?parent=281198"}],"wp:term":[{"taxonomy":"category","embeddable":true,"href":"https:\/\/www.europesays.com\/fr\/wp-json\/wp\/v2\/categories?post=281198"},{"taxonomy":"post_tag","embeddable":true,"href":"https:\/\/www.europesays.com\/fr\/wp-json\/wp\/v2\/tags?post=281198"}],"curies":[{"name":"wp","href":"https:\/\/api.w.org\/{rel}","templated":true}]}}