{"id":281214,"date":"2025-07-29T05:38:15","date_gmt":"2025-07-29T05:38:15","guid":{"rendered":"https:\/\/www.europesays.com\/fr\/281214\/"},"modified":"2025-07-29T05:38:15","modified_gmt":"2025-07-29T05:38:15","slug":"le-proces-de-laffaire-vesna-contre-la-jeunesse-russe-antiguerre","status":"publish","type":"post","link":"https:\/\/www.europesays.com\/fr\/281214\/","title":{"rendered":"Le proc\u00e8s de l\u2019affaire Vesna, contre la jeunesse russe antiguerre"},"content":{"rendered":"<p>                         <img loading=\"lazy\" decoding=\"async\" src=\"https:\/\/www.europesays.com\/fr\/wp-content\/uploads\/2025\/07\/96c01dc_upload-1-cnsxg60nifvu-image1.jpeg\" alt=\"Anna Arkhipova et d\u2019autres militants de Vesna, dans le box des accus\u00e9s, lors d\u2019une audience \u00e0 Saint-P\u00e9tersbourg (Russie), sur une photo extraite de son groupe de soutien sur Telegram, post\u00e9e le 10\u00a0juillet 2025.\"   width=\"664\" height=\"443\"\/>    Anna Arkhipova et d\u2019autres militants de Vesna, dans le box des accus\u00e9s, lors d\u2019une audience \u00e0 Saint-P\u00e9tersbourg (Russie), sur une photo extraite de son groupe de soutien sur Telegram, post\u00e9e le 10\u00a0juillet 2025.  TELEGRAM\/@FREEARKHIPOVA                 <\/p>\n<p class=\"article__paragraph  \">Dans sa cellule de prison, \u00ab\u00a0\u00e9puis\u00e9e moralement et physiquement\u00a0\u00bb, Anna Arkhipova continue de \u00ab\u00a0r\u00eaver d\u2019une\u00a0autre Russie\u00a0\u00bb. Etudiante \u00e0 Novossibirsk, grande ville de Sib\u00e9rie, elle militait avec d\u2019autres jeunes lib\u00e9raux et d\u00e9mocrates au sein du mouvement au nom symbolique\u00a0: \u00ab\u00a0Vesna\u00a0\u00bb, le \u00ab\u00a0printemps\u00a0\u00bb en russe. Lorsqu\u2019en f\u00e9vrier\u00a02022, le Kremlin a lanc\u00e9 son \u00ab\u00a0op\u00e9ration militaire sp\u00e9ciale\u00a0\u00bb en Ukraine, l\u2019organisation, qui depuis pr\u00e8s d\u2019une d\u00e9cennie multipliait des actions \u00e0 travers le pays contre le Kremlin de Vladimir Poutine pour d\u00e9fendre \u00ab\u00a0la construction d\u2019une nouvelle Russie fond\u00e9e sur la libert\u00e9 et les droits humains\u00a0\u00bb, s\u2019est clairement oppos\u00e9e de l\u2019int\u00e9rieur \u00e0 cette invasion \u00e0 grande \u00e9chelle. Apr\u00e8s une ann\u00e9e de pressions judiciaires et de perquisitions polici\u00e8res, six militants ont fini par \u00eatre arr\u00eat\u00e9s au printemps 2023. Parmi eux\u00a0: Anna Arkhipova, alors \u00e2g\u00e9e de 25\u00a0ans.<\/p>\n<p class=\"article__paragraph  \">Depuis plus de deux ans, alors qu\u2019une vingtaine d\u2019autres jeunes du mouvement pareillement poursuivis ont pu \u00e9chapper \u00e0 la prison en quittant la Russie \u00e0 temps, la jeune fille est en d\u00e9tention provisoire. L\u2019enqu\u00eate a dur\u00e9 une longue ann\u00e9e et le proc\u00e8s s\u2019\u00e9ternise. Depuis le d\u00e9but de l\u2019\u00e9t\u00e9, avec Evguen\u00ef Zateev, Valentin Khorochenine, Yan Ksenjepolsky, Vassili Neustroev et Pavel Sinelnikov, les cinq autres pr\u00e9venus, Anna Arkhipova assiste chaque mercredi aux audiences depuis leur cage vitr\u00e9e du tribunal de Saint-P\u00e9tersbourg charg\u00e9 de \u00ab\u00a0l\u2019affaire Vesna\u00a0\u00bb. Poursuivie de sept chefs d\u2019accusation, notamment pour participation \u00e0 \u00ab\u00a0une communaut\u00e9 extr\u00e9miste\u00a0\u00bb, atteinte \u00e0 la s\u00e9curit\u00e9 de l\u2019Etat et publication de \u00ab\u00a0fake news\u00a0\u00bb sur l\u2019arm\u00e9e, l\u2019ex-\u00e9tudiante avait pourtant, par prudence, arr\u00eat\u00e9 de participer aux actions de Vesna au fil de l\u2019ann\u00e9e 2022. Mais, aujourd\u2019hui, elle encourt jusqu\u2019\u00e0 quinze ans de prison. C\u2019est l\u2019un des quelque 1\u00a0500\u00a0prisonniers politiques russes.<\/p>\n<p class=\"reading-mode-only \"><strong>Il vous reste 74.01% de cet article \u00e0 lire. La suite est r\u00e9serv\u00e9e aux abonn\u00e9s.<\/strong><\/p>\n","protected":false},"excerpt":{"rendered":"Anna Arkhipova et d\u2019autres militants de Vesna, dans le box des accus\u00e9s, lors d\u2019une audience \u00e0 Saint-P\u00e9tersbourg (Russie),&hellip;\n","protected":false},"author":2,"featured_media":281215,"comment_status":"","ping_status":"","sticky":false,"template":"","format":"standard","meta":{"footnotes":""},"categories":[1591],"tags":[11,1887,12,1885,1886,132],"class_list":{"0":"post-281214","1":"post","2":"type-post","3":"status-publish","4":"format-standard","5":"has-post-thumbnail","7":"category-russie","8":"tag-actualites","9":"tag-federation-de-russie","10":"tag-news","11":"tag-russia","12":"tag-russian-federation","13":"tag-russie"},"share_on_mastodon":{"url":"https:\/\/pubeurope.com\/@fr\/114934913782849470","error":""},"_links":{"self":[{"href":"https:\/\/www.europesays.com\/fr\/wp-json\/wp\/v2\/posts\/281214","targetHints":{"allow":["GET"]}}],"collection":[{"href":"https:\/\/www.europesays.com\/fr\/wp-json\/wp\/v2\/posts"}],"about":[{"href":"https:\/\/www.europesays.com\/fr\/wp-json\/wp\/v2\/types\/post"}],"author":[{"embeddable":true,"href":"https:\/\/www.europesays.com\/fr\/wp-json\/wp\/v2\/users\/2"}],"replies":[{"embeddable":true,"href":"https:\/\/www.europesays.com\/fr\/wp-json\/wp\/v2\/comments?post=281214"}],"version-history":[{"count":0,"href":"https:\/\/www.europesays.com\/fr\/wp-json\/wp\/v2\/posts\/281214\/revisions"}],"wp:featuredmedia":[{"embeddable":true,"href":"https:\/\/www.europesays.com\/fr\/wp-json\/wp\/v2\/media\/281215"}],"wp:attachment":[{"href":"https:\/\/www.europesays.com\/fr\/wp-json\/wp\/v2\/media?parent=281214"}],"wp:term":[{"taxonomy":"category","embeddable":true,"href":"https:\/\/www.europesays.com\/fr\/wp-json\/wp\/v2\/categories?post=281214"},{"taxonomy":"post_tag","embeddable":true,"href":"https:\/\/www.europesays.com\/fr\/wp-json\/wp\/v2\/tags?post=281214"}],"curies":[{"name":"wp","href":"https:\/\/api.w.org\/{rel}","templated":true}]}}