{"id":281218,"date":"2025-07-29T05:40:10","date_gmt":"2025-07-29T05:40:10","guid":{"rendered":"https:\/\/www.europesays.com\/fr\/281218\/"},"modified":"2025-07-29T05:40:10","modified_gmt":"2025-07-29T05:40:10","slug":"accord-a-15-de-taxes-sur-les-produits-europeens-importes-aux-etats-unis-les-entreprises-bretonnes-dans-lattente","status":"publish","type":"post","link":"https:\/\/www.europesays.com\/fr\/281218\/","title":{"rendered":"Accord \u00e0 15 % de taxes sur les produits europ\u00e9ens import\u00e9s aux \u00c9tats-Unis\u00a0: les entreprises bretonnes dans l&rsquo;attente"},"content":{"rendered":"<p>Apr\u00e8s l&rsquo;annonce d&rsquo;un accord, dimanche27 juillet, entre les \u00c9tats-Unis et l&rsquo;Union europ\u00e9enne d&rsquo;\u00e9tablir des droits de douane \u00e0 15 % sur la plupart des produits europ\u00e9ens import\u00e9s aux \u00c9tats-Unis, les entreprises bretonnes sont dans l&rsquo;attente.<\/p>\n<p>Il y en a pour 700 millions. C&rsquo;est ce que repr\u00e9sentent les biens produits en Bretagne et export\u00e9s aux \u00c9tats-Unis. Ce \u00e0 quoi il faut ajouter les services. <strong>Le pays am\u00e9ricain repr\u00e9sente en tout 10 % de l&rsquo;exportation bretonne \u00e0 l&rsquo;\u00e9tranger. Alors l&rsquo;augmentation des taxes douani\u00e8res, c&rsquo;est une pr\u00e9occupation pour les entreprises de la r\u00e9gion.<\/strong> Or, dimanche 27 juillet, le pr\u00e9sident \u00e9tats-unien Donald Trump et la pr\u00e9sidente de la Commission europ\u00e9enne Ursula von der Leyen, ont annonc\u00e9 avoir trouv\u00e9 un accord sur les droits de douane. Les \u00c9tats-Unis ont l&rsquo;intention d&rsquo;imposer une taxe de 15 % sur la plupart des produits europ\u00e9ens import\u00e9s.<\/p>\n<p>\u00ab\u00a0\u00c7a va nous impacter, c&rsquo;est \u00e9vident\u00a0\u00bb<\/p>\n<p>L&rsquo;entreprise Breizelec, bas\u00e9e \u00e0 Ch\u00e2teaulin, risque d&rsquo;en payer le prix. On y exporte des pi\u00e8ces remanufactu\u00e9es de machines agro-industrielles. \u00ab\u00a0Des pi\u00e8ces qu&rsquo;on a r\u00e9par\u00e9es et qui sont r\u00e9export\u00e9es aux \u00c9tats-Unis pour diff\u00e9rentes grandes marques de machines agricoles\u00a0\u00bb, pr\u00e9cide Yann Coatmellec, le directeur commercial de l&rsquo;entreprise. Or les \u00c9tats-Unis, \u00ab\u00a0c&rsquo;est un gros pays dans l&rsquo;agriculture, donc c&rsquo;est un gros march\u00e9 pour nous. Si l&rsquo;accord est mis en place, pour le client am\u00e9ricain, le prix va \u00eatre augment\u00e9 de 15 % \u00e0 moins qu&rsquo;on baisse nos marges.\u00a0\u00bb <strong>Avec le risque d&rsquo;\u00eatre moins comp\u00e9titif sur le march\u00e9 am\u00e9ricain.<\/strong><\/p>\n<p>Chez MCA Process aussi, on attend de voir, sans \u00eatre compl\u00e8tement rassur\u00e9. L&rsquo;entreprise quimp\u00e9roise produit de la robotique pour l&rsquo;agro-industrie. \u00ab\u00a0\u00c7a va nous impacter, c&rsquo;est \u00e9vident\u00a0\u00bb, s&rsquo;attend Estelle Le Pape, qui dirige l&rsquo;entreprise. \u00ab\u00a0C&rsquo;est possible qu&rsquo;on ait des dossiers [de commandes] qui vont se d\u00e9caler ou qui vont se r\u00e9duire\u00a0\u00bb, craint-elle. <strong>Avec une note d&rsquo;optimisme cependant<\/strong>\u00a0: \u00ab\u00a0Est-ce que les \u00c9tats-Unis peuvent se couper compl\u00e8tement des importations europ\u00e9ennes sur certains secteurs\u00a0? Je ne pense pas.\u00a0\u00bb<\/p>\n<p>Remettre le commerce international au clair<\/p>\n<p>Autant Yann Coatmellec qu&rsquo;Estelle Le Pape ont d\u00e9j\u00e0 remarqu\u00e9 des clients \u00e9tats-uniens plus frileux que d&rsquo;habitude. <strong>D\u00fb \u00e0 l&rsquo;instabilit\u00e9 \u00e9conomique, notamment vis-\u00e0-vis du flou entretenu par Donald Trump autour des droits de douane depuis le d\u00e9but de l&rsquo;ann\u00e9e.<\/strong> Cet accord a donc au moins le m\u00e9rite de remettre le commerce international un peu plus au clair, estime Annie Berthelot. Elle est directrice g\u00e9n\u00e9rale de l&rsquo;association Bretagne Commerce International, qui repr\u00e9sente 1 000 entreprises bretonnes dont 250 exportatrices vers les \u00c9tats-Unis.<\/p>\n<p>\u00ab\u00a0C&rsquo;est comme quand vous voulez commencer \u00e0 jouer une partie de soci\u00e9t\u00e9 que vous n&rsquo;avez pas les r\u00e8gles. L\u00e0 maintenant que les r\u00e8gles vont \u00eatre mises, je pense qu&rsquo;on va pouvoir se red\u00e9ployer plus facilement. Il y a des opportunit\u00e9s \u00e0 aller chercher de nouveaux march\u00e9s. On a une vraie mobilit\u00e9 sur le commerce international, il faut en profiter.\u00a0\u00bb\u00a0<strong>Annie Berthelot reste\u00a0prudente\u00a0: l&rsquo;accord doit encore \u00eatre approuv\u00e9 par les Etats membres de l&rsquo;Union europ\u00e9enne.<\/strong><\/p>\n","protected":false},"excerpt":{"rendered":"Apr\u00e8s l&rsquo;annonce d&rsquo;un accord, dimanche27 juillet, entre les \u00c9tats-Unis et l&rsquo;Union europ\u00e9enne d&rsquo;\u00e9tablir des droits de douane \u00e0&hellip;\n","protected":false},"author":2,"featured_media":281219,"comment_status":"","ping_status":"","sticky":false,"template":"","format":"standard","meta":{"footnotes":""},"categories":[1589],"tags":[11,73,1866,12,1864,1865,1863,308],"class_list":{"0":"post-281218","1":"post","2":"type-post","3":"status-publish","4":"format-standard","5":"has-post-thumbnail","7":"category-etats-unis","8":"tag-actualites","9":"tag-etats-unis","10":"tag-etats-unis-damerique","11":"tag-news","12":"tag-united-states","13":"tag-united-states-of-america","14":"tag-us","15":"tag-usa"},"share_on_mastodon":{"url":"https:\/\/pubeurope.com\/@fr\/114934921598850037","error":""},"_links":{"self":[{"href":"https:\/\/www.europesays.com\/fr\/wp-json\/wp\/v2\/posts\/281218","targetHints":{"allow":["GET"]}}],"collection":[{"href":"https:\/\/www.europesays.com\/fr\/wp-json\/wp\/v2\/posts"}],"about":[{"href":"https:\/\/www.europesays.com\/fr\/wp-json\/wp\/v2\/types\/post"}],"author":[{"embeddable":true,"href":"https:\/\/www.europesays.com\/fr\/wp-json\/wp\/v2\/users\/2"}],"replies":[{"embeddable":true,"href":"https:\/\/www.europesays.com\/fr\/wp-json\/wp\/v2\/comments?post=281218"}],"version-history":[{"count":0,"href":"https:\/\/www.europesays.com\/fr\/wp-json\/wp\/v2\/posts\/281218\/revisions"}],"wp:featuredmedia":[{"embeddable":true,"href":"https:\/\/www.europesays.com\/fr\/wp-json\/wp\/v2\/media\/281219"}],"wp:attachment":[{"href":"https:\/\/www.europesays.com\/fr\/wp-json\/wp\/v2\/media?parent=281218"}],"wp:term":[{"taxonomy":"category","embeddable":true,"href":"https:\/\/www.europesays.com\/fr\/wp-json\/wp\/v2\/categories?post=281218"},{"taxonomy":"post_tag","embeddable":true,"href":"https:\/\/www.europesays.com\/fr\/wp-json\/wp\/v2\/tags?post=281218"}],"curies":[{"name":"wp","href":"https:\/\/api.w.org\/{rel}","templated":true}]}}