{"id":281222,"date":"2025-07-29T05:42:45","date_gmt":"2025-07-29T05:42:45","guid":{"rendered":"https:\/\/www.europesays.com\/fr\/281222\/"},"modified":"2025-07-29T05:42:45","modified_gmt":"2025-07-29T05:42:45","slug":"allemagne-le-chancelier-scholz-appelle-a-faire-barrage-a-lextreme-droite","status":"publish","type":"post","link":"https:\/\/www.europesays.com\/fr\/281222\/","title":{"rendered":"Allemagne\u00a0: le chancelier Scholz appelle \u00e0 faire barrage \u00e0 l\u2019extr\u00eame droite"},"content":{"rendered":"<p class=\"sc-fedTIj dHQWkM\">Le chancelier Olaf\u00a0Scholz a appel\u00e9 lundi \u00e0 exclure de toute majorit\u00e9 politique l&rsquo;extr\u00eame droite allemande, qui a obtenu des r\u00e9sultats record dans deux scrutins r\u00e9gionaux dans l&rsquo;est du pays, un nouveau message d&rsquo;avertissement pour la fragile coalition au pouvoir.<\/p>\n<p class=\"sc-fedTIj dHQWkM\">\u00c0 un an des \u00e9lections g\u00e9n\u00e9rales, le social-d\u00e9mocrate a qualifi\u00e9 d&rsquo;amers les r\u00e9sultats de dimanche qui illustrent l&rsquo;impopularit\u00e9 du gouvernement qu&rsquo;il dirige depuis fin\u00a02021.<\/p>\n<p class=\"sc-fedTIj dHQWkM\">L&rsquo;Alternative pour l&rsquo;Allemagne (AfD), parti anti-immigration, eurosceptique et prorusse, <a tabindex=\"0\" class=\"border-b border-solid transition-colors text-blue600 hover:text-blue600 light:text-blue600 light:hover:text-blue600 dark:text-blue400 dark:hover:text-blue400 border-gray900\/25 light:border-gray900\/25 dark:border-gray100\/25 hover:border-blue600 light:hover:border-blue600 dark:hover:border-blue400 hover:bg-gray999\/10 light:hover:bg-gray999\/10 dark:hover:bg-gray0\/10\" href=\"https:\/\/ici.radio-canada.ca\/nouvelle\/2101279\/allemagne-extreme-droite-election-regionale\" rel=\"nofollow noopener\" target=\"_blank\">est devenue la premi\u00e8re force politique en Thuringe et talonne les conservateurs en Saxe, deux L\u00e4nder de l&rsquo;ex-RDA<\/a>.<\/p>\n<p class=\"sc-fedTIj dHQWkM\">Dans un message sur les r\u00e9seaux sociaux, M.\u00a0Scholz a exhort\u00e9 tous les partis d\u00e9mocratiques \u00e0 former des gouvernements stables sans l&rsquo;extr\u00eame droite.<\/p>\n<p class=\"sc-fedTIj dHQWkM\">L&rsquo;AfD nuit \u00e0 l&rsquo;Allemagne. Elle affaiblit l&rsquo;\u00e9conomie, elle divise la soci\u00e9t\u00e9 et elle ruine la r\u00e9putation de notre pays, a-t-il ajout\u00e9.<\/p>\n<p>L&rsquo;AfD savoure<\/p>\n<p class=\"sc-fedTIj dHQWkM\">Le parti d&rsquo;extr\u00eame droite savoure au contraire son succ\u00e8s dans ces r\u00e9gions de l&rsquo;ancienne Allemagne de l&rsquo;Est communiste dont il a fait ses bastions.<\/p>\n<p class=\"sc-fedTIj dHQWkM\">Il faut faire ses valises, a lanc\u00e9 \u00e0 l&rsquo;attention de la coalition gouvernementale la codirigeante de l&rsquo;AfD, Alice\u00a0Weidel.<\/p>\n<p><img decoding=\"async\" alt=\"Alice Weidel lors d'une conf\u00e9rence de presse.\" class=\"absolute left-0 top-0 size-full object-cover transition-opacity ease-out print:relative html-dark:brightness-[.8]\" loading=\"lazy\" src=\"https:\/\/www.europesays.com\/fr\/wp-content\/uploads\/2025\/07\/alice-weidel-allemagne-afd.jpg\"\/>Ouvrir en mode plein \u00e9cran<\/p>\n<p class=\"sc-cvBxsj fbwuLG\">Alice Weidel, codirigeante du parti L&rsquo;Alternative pour l&rsquo;Allemagne.<\/p>\n<p class=\"sc-frWhYi iczfiR text-gray600 light:text-gray600 dark:text-gray400\">Photo : AFP \/ Sean Gallup<\/p>\n<p class=\"sc-fedTIj dHQWkM\">L&rsquo;AfD revendique de diriger la Thuringe, o\u00f9 la formation obtient 32,8\u00a0% des voix, men\u00e9e par Bj\u00f6rn\u00a0H\u00f6cke, l&rsquo;une des figures les plus radicales de la formation.<\/p>\n<p class=\"sc-fedTIj dHQWkM\">Tous les autres partis ont d\u00e9j\u00e0 refus\u00e9 de s&rsquo;allier avec lui, mais ce pare-feu antid\u00e9mocratique ne pourra \u00eatre maintenu \u00e0 long terme, a assur\u00e9 Mme\u00a0Weidel.<\/p>\n<p class=\"sc-fedTIj dHQWkM\">En Thuringe, qui avait \u00e9t\u00e9 la premi\u00e8re \u00e0 porter au pouvoir des nazis, en\u00a01932, l&rsquo;AfD disposera d&rsquo;une minorit\u00e9 de blocage, lui permettant notamment d&#8217;emp\u00eacher la nomination de juges.<\/p>\n<p class=\"sc-fedTIj dHQWkM\">Une perspective qui effraie Marius\u00a0G\u00fcnder, \u00e9tudiant en pharmacie de 22\u00a0ans\u00a0: J&rsquo;\u00e9tudie \u00e0 Iena et nous voulons une Thuringe ouverte sur le monde. Nous voulons que l&rsquo;Allemagne soit l\u00e0 pour tous, a-t-il d\u00e9clar\u00e9 \u00e0 l&rsquo;AFP.<\/p>\n<p class=\"sc-fedTIj dHQWkM\">Siegfried\u00a0K\u00f6hler n&rsquo;est pas de cet avis\u00a0: Les migrants, il y en a beaucoup trop. Les \u00e9trangers re\u00e7oivent de l&rsquo;argent et nous, les retrait\u00e9s, nous avons besoin qu&rsquo;on augmente nos pensions, dit cet homme de 67\u00a0ans rencontr\u00e9 \u00e0 Erfurt.<\/p>\n<p class=\"sc-fedTIj dHQWkM\">Outre l&rsquo;AfD, le camp des opposants aux livraisons d&rsquo;armes \u00e0 l&rsquo;Ukraine est renforc\u00e9 par le succ\u00e8s du nouveau parti BSW, \u00e9galement tr\u00e8s virulent contre l&rsquo;immigration. Fond\u00e9 avant les \u00e9lections autour d&rsquo;une personnalit\u00e9 de la gauche radicale, Sahra\u00a0Wagenknecht, il obtient 11,8\u00a0% en Saxe et 15,8\u00a0% en Thuringe.<\/p>\n<p><img decoding=\"async\" alt=\"La dirigeante du parti BSW, Sahra Wagenknecht, en train de prononcer un discours.\" class=\"absolute left-0 top-0 size-full object-cover transition-opacity ease-out print:relative html-dark:brightness-[.8]\" loading=\"lazy\" src=\"https:\/\/www.europesays.com\/fr\/wp-content\/uploads\/2025\/07\/sahra-wagenknecht-allemagne.jpg\"\/>Ouvrir en mode plein \u00e9cran<\/p>\n<p class=\"sc-cvBxsj fbwuLG\">La dirigeante du parti BSW, Sahra Wagenknecht.<\/p>\n<p class=\"sc-frWhYi iczfiR text-gray600 light:text-gray600 dark:text-gray400\">Photo : Getty Images \/ Pool<\/p>\n<p class=\"sc-fedTIj dHQWkM\">En Saxe, les conservateurs de la CDU (31,9\u00a0%) excluent aussi toute alliance avec l&rsquo;extr\u00eame droite (30,6\u00a0%) mais auront du mal \u00e0 trouver une majorit\u00e9 au parlement r\u00e9gional de Dresde.<\/p>\n<p>Une coalition en difficult\u00e9<\/p>\n<p class=\"sc-fedTIj dHQWkM\">Les trois partis de la coalition \u2013\u00a0sociaux-d\u00e9mocrates, verts et lib\u00e9raux\u00a0\u2013 avaient d\u00e9j\u00e0 \u00e9t\u00e9 d\u00e9faits par l&rsquo;opposition conservatrice et l&rsquo;extr\u00eame droite aux \u00e9lections europ\u00e9ennes de juin.<\/p>\n<p class=\"sc-fedTIj dHQWkM\">Le Parti social-d\u00e9mocrate d&rsquo;Allemagne (SPD) d&rsquo;Olaf\u00a0Scholz a enregistr\u00e9 en Thuringe son pire r\u00e9sultat dans un scrutin r\u00e9gional, avec un score de 6,1\u00a0%. Il fait \u00e9galement moins bien qu&rsquo;il y a cinq ans en Saxe, avec 7,3\u00a0%.<\/p>\n<p class=\"sc-fedTIj dHQWkM\">De quoi craindre le pire pour l&rsquo;\u00e9lection r\u00e9gionale du 22\u00a0septembre dans le Brandebourg, la r\u00e9gion autour de Berlin, actuellement dirig\u00e9e par les sociaux-d\u00e9mocrates.<\/p>\n<p class=\"sc-fedTIj dHQWkM\">L&rsquo;ex\u00e9cutif paie le m\u00e9contentement d&rsquo;une partie de l&rsquo;opinion publique, nourri par l&rsquo;inflation ou encore par la transition \u00e9cologique que tente de mettre en place le gouvernement. Les disputes continuelles au sein de cet attelage tripartite ne font qu&rsquo;alimenter la frustration.<\/p>\n<p class=\"sc-fedTIj dHQWkM\">\u00c0 la d\u00e9route annonc\u00e9e par les sondages s&rsquo;est ajout\u00e9 l&rsquo;impact de <a tabindex=\"0\" class=\"border-b border-solid transition-colors text-blue600 hover:text-blue600 light:text-blue600 light:hover:text-blue600 dark:text-blue400 dark:hover:text-blue400 border-gray900\/25 light:border-gray900\/25 dark:border-gray100\/25 hover:border-blue600 light:hover:border-blue600 dark:hover:border-blue400 hover:bg-gray999\/10 light:hover:bg-gray999\/10 dark:hover:bg-gray0\/10\" href=\"https:\/\/ici.radio-canada.ca\/nouvelle\/2099330\/morts-blesses-attaque-couteau-allemagne-solingen\" rel=\"nofollow noopener\" target=\"_blank\">l&rsquo;attentat qui a fait trois morts fin ao\u00fbt \u00e0 Solingen, dans l&rsquo;ouest du pays<\/a>. L&rsquo;auteur pr\u00e9sum\u00e9, un r\u00e9fugi\u00e9 syrien de 26\u00a0ans, aurait d\u00fb \u00eatre expuls\u00e9, ce qui a relanc\u00e9 le d\u00e9bat sur l&rsquo;immigration.<\/p>\n<p><img decoding=\"async\" alt=\"Des personnes en deuil pr\u00e8s du site de l'attaque meurtri\u00e8re au couteau qui a fait trois morts et huit bless\u00e9s le 24 ao\u00fbt 2024 \u00e0 Solingen, en Allemagne. \" class=\"absolute left-0 top-0 size-full object-cover transition-opacity ease-out print:relative html-dark:brightness-[.8]\" loading=\"lazy\" src=\"https:\/\/www.europesays.com\/fr\/wp-content\/uploads\/2025\/07\/solingen-attaque-couteau.jpg\"\/>Ouvrir en mode plein \u00e9cran<\/p>\n<p class=\"sc-cvBxsj fbwuLG\">Des personnes en deuil pr\u00e8s du site de l&rsquo;attaque meurtri\u00e8re au couteau qui a fait trois morts et huit bless\u00e9s le 24 ao\u00fbt 2024 \u00e0 Solingen, en Allemagne. (Photo d&rsquo;archives)<\/p>\n<p class=\"sc-frWhYi iczfiR text-gray600 light:text-gray600 dark:text-gray400\">Photo : Getty Images \/ Sascha Schuermann<\/p>\n<p class=\"sc-fedTIj dHQWkM\">\u00c0 la suite du scrutin, les Verts quittent le parlement r\u00e9gional de Thuringe. Ils se maintiennent de peu en Saxe.<\/p>\n<p class=\"sc-fedTIj dHQWkM\">La perc\u00e9e spectaculaire du parti BSW ajoute \u00e0 la fragmentation du paysage politique. Le mouvement tente de combiner politiques \u00e9conomiques de gauche et conservatisme sur les questions de soci\u00e9t\u00e9 comme l&rsquo;immigration et l&rsquo;environnement.<\/p>\n<p class=\"sc-fedTIj dHQWkM\">Il se pose en faiseur de rois dans la formation des gouvernements locaux, avec des exigences bien au-del\u00e0 de la politique r\u00e9gionale\u00a0: ses responsables ont r\u00e9affirm\u00e9 lundi que toute alliance sera conditionn\u00e9e au refus du d\u00e9ploiement de missiles am\u00e9ricains de moyenne port\u00e9e en Allemagne et au soutien \u00e0 des n\u00e9gociations de paix entre l&rsquo;Ukraine et la Russie.<\/p>\n","protected":false},"excerpt":{"rendered":"Le chancelier Olaf\u00a0Scholz a appel\u00e9 lundi \u00e0 exclure de toute majorit\u00e9 politique l&rsquo;extr\u00eame droite allemande, qui a obtenu&hellip;\n","protected":false},"author":2,"featured_media":281223,"comment_status":"","ping_status":"","sticky":false,"template":"","format":"standard","meta":{"footnotes":""},"categories":[1587],"tags":[11,672,1804,1805,1803,1777,674,1801,12,1802],"class_list":{"0":"post-281222","1":"post","2":"type-post","3":"status-publish","4":"format-standard","5":"has-post-thumbnail","7":"category-allemagne","8":"tag-actualites","9":"tag-allemagne","10":"tag-bundesrepublik-deutschland","11":"tag-de","12":"tag-deutschland","13":"tag-eu","14":"tag-europe","15":"tag-germany","16":"tag-news","17":"tag-republique-federale-dallemagne"},"share_on_mastodon":{"url":"https:\/\/pubeurope.com\/@fr\/114934930183199540","error":""},"_links":{"self":[{"href":"https:\/\/www.europesays.com\/fr\/wp-json\/wp\/v2\/posts\/281222","targetHints":{"allow":["GET"]}}],"collection":[{"href":"https:\/\/www.europesays.com\/fr\/wp-json\/wp\/v2\/posts"}],"about":[{"href":"https:\/\/www.europesays.com\/fr\/wp-json\/wp\/v2\/types\/post"}],"author":[{"embeddable":true,"href":"https:\/\/www.europesays.com\/fr\/wp-json\/wp\/v2\/users\/2"}],"replies":[{"embeddable":true,"href":"https:\/\/www.europesays.com\/fr\/wp-json\/wp\/v2\/comments?post=281222"}],"version-history":[{"count":0,"href":"https:\/\/www.europesays.com\/fr\/wp-json\/wp\/v2\/posts\/281222\/revisions"}],"wp:featuredmedia":[{"embeddable":true,"href":"https:\/\/www.europesays.com\/fr\/wp-json\/wp\/v2\/media\/281223"}],"wp:attachment":[{"href":"https:\/\/www.europesays.com\/fr\/wp-json\/wp\/v2\/media?parent=281222"}],"wp:term":[{"taxonomy":"category","embeddable":true,"href":"https:\/\/www.europesays.com\/fr\/wp-json\/wp\/v2\/categories?post=281222"},{"taxonomy":"post_tag","embeddable":true,"href":"https:\/\/www.europesays.com\/fr\/wp-json\/wp\/v2\/tags?post=281222"}],"curies":[{"name":"wp","href":"https:\/\/api.w.org\/{rel}","templated":true}]}}