{"id":281224,"date":"2025-07-29T05:44:34","date_gmt":"2025-07-29T05:44:34","guid":{"rendered":"https:\/\/www.europesays.com\/fr\/281224\/"},"modified":"2025-07-29T05:44:34","modified_gmt":"2025-07-29T05:44:34","slug":"quelles-consequences-pour-les-consommateurs-europeens-et-americains","status":"publish","type":"post","link":"https:\/\/www.europesays.com\/fr\/281224\/","title":{"rendered":"quelles cons\u00e9quences pour les consommateurs europ\u00e9ens et am\u00e9ricains ?"},"content":{"rendered":"<p><strong>D\u00c9CRYPTAGE &#8211;<\/strong> Alors que l\u2019Union europ\u00e9enne et le gouvernement de Donald Trump sont parvenus \u00e0 un accord \u00e9tablissant \u00e0 15% les droits de douane am\u00e9ricains sur les produits europ\u00e9ens, beaucoup s\u2019interrogent sur ce que cela pourrait concr\u00e8tement changer dans leur quotidien.<\/p>\n<p class=\"fig-paragraph\">Le consommateur \u00ablambda\u00bb va-t-il passer \u00e0 la caisse\u00a0? La question se pose alors que la pr\u00e9sidente de la Commission europ\u00e9enne Ursula von\u00a0der\u00a0Leyen et le pr\u00e9sident des \u00c9tats-Unis Donald Trump<a href=\"http:\/\/www.lefigaro.fr\/conjoncture\/donald-trump-annonce-un-accord-avec-l-ue-sur-des-droits-de-douane-de-15-20250727\" data-fig-type=\"NewsFlash\" data-gtm-custom-categorie=\"navigation\" data-gtm-custom-action=\"crossclick\" data-gtm-custom-label=\"Contextuel\" data-gtm-event=\"customEventSPE\" data-fig-domain=\"LEFIGARO\" rel=\"nofollow noopener\" target=\"_blank\">\u00a0viennent d\u2019annoncer avoir trouv\u00e9 un accord sur les droits de douane<\/a>, pr\u00e9voyant que les produits europ\u00e9ens export\u00e9s aux \u00c9tats-Unis soient tax\u00e9s \u00e0 15%. Esp\u00e9rant \u00e9viter une escalade commerciale, l\u2019Union europ\u00e9enne s\u2019est aussi engag\u00e9e \u00e0 750 milliards de dollars d\u2019achats d\u2019\u00e9nergie &#8211; visant notamment \u00e0 remplacer le gaz russe &#8211; et \u00e0 600 milliards d\u2019investissements suppl\u00e9mentaires outre-Atlantique. Le fruit de longues n\u00e9gociations pour trouver une solution qui contente tous les acteurs concern\u00e9s mais qui ne pourrait \u00eatre sans aucune s\u00e9quelle ni pour les march\u00e9s, ni pour les consommateurs. \u00abLes cons\u00e9quences \u00e9conomiques seront importantes et loin d\u2019\u00eatre n\u00e9gligeables\u00bb, assure de prime abord l\u2019\u00e9conomiste Ruben Nizard. Mais le responsable de l\u2019analyse des risques sociaux et politiques \u00e0 Coface veut \u00eatre plus nuanc\u00e9, estimant qu\u2019il convient d\u2019\u00abattendre les analyses par secteur\u00bb avant d\u2019\u00e9mettre un avis trop tranch\u00e9.<\/p>\n<p class=\"fig-paragraph\">Il n\u2019en reste pas moins que, selon lui, ce sont avant tout les\u2026<\/p>\n<p class=\"fig-premium-paywall__infos\">\n        Cet article est r\u00e9serv\u00e9 aux abonn\u00e9s.        Il vous reste 82% \u00e0 d\u00e9couvrir.\n    <\/p>\n<p>                <img  data- alt=\"Le Figaro\" class=\"fig-img--complete fig-img\"\/><\/p>\n<p class=\"fig-premium-paywall__title\">Vous avez envie de lire la suite ?<\/p>\n<p class=\"fig-premium-paywall__subtitle\">D\u00e9bloquez tous les articles imm\u00e9diatement.<\/p>\n<p class=\"fig-premium-paywall__connect\">\n                D\u00e9j\u00e0 abonn\u00e9\u00a0?                <a class=\"fig-premium-paywall__connect-link\" href=\"https:\/\/connect.lefigaro.fr\/login?client=horizon_web&amp;type=main&amp;redirect_uri=https%3A%2F%2Fwww.lefigaro.fr%2Fconjoncture%2Faccord-sur-les-droits-de-douane-quelles-consequences-pour-les-consommateurs-europeens-et-americains-20250729\" data-js-gtm=\"{&quot;customCategorie&quot;: &quot;conversion&quot;, &quot;customAction&quot;: &quot;before_Landing_Connexion_paywall_manuel&quot;, &quot;customLabel&quot;: &quot;bGVmaWdhcm8uZnJfXzFmMDZiOGYzLWJlY2ItNjVhOC04N2EzLWU3MmFlNmM0NmJlN19fTmV3c0ZsYXNo_Accord sur les droits de douane\u00a0: quelles cons\u00e9quences pour les consommateurs europ\u00e9ens et am\u00e9ricains\u00a0?_62&quot;, &quot;customIDSPE&quot;: &quot;bGVmaWdhcm8uZnJfXzFmMDZiOGYzLWJlY2ItNjVhOC04N2EzLWU3MmFlNmM0NmJlN19fTmV3c0ZsYXNo&quot;, &quot;event&quot;: &quot;customEventSPE&quot;}\" rel=\"nofollow noopener\" target=\"_blank\"><br \/>\n                    Connectez-vous<br \/>\n                <\/a>\n            <\/p>\n","protected":false},"excerpt":{"rendered":"D\u00c9CRYPTAGE &#8211; Alors que l\u2019Union europ\u00e9enne et le gouvernement de Donald Trump sont parvenus \u00e0 un accord \u00e9tablissant&hellip;\n","protected":false},"author":2,"featured_media":281225,"comment_status":"","ping_status":"","sticky":false,"template":"","format":"standard","meta":{"footnotes":""},"categories":[1586],"tags":[11,75,1777,674,1011,27,1074,12,25,364],"class_list":{"0":"post-281224","1":"post","2":"type-post","3":"status-publish","4":"format-standard","5":"has-post-thumbnail","7":"category-europe","8":"tag-actualites","9":"tag-donald-trump","10":"tag-eu","11":"tag-europe","12":"tag-fr","13":"tag-france","14":"tag-guerre-commerciale","15":"tag-news","16":"tag-republique-francaise","17":"tag-union-europeenne"},"share_on_mastodon":{"url":"https:\/\/pubeurope.com\/@fr\/114934937225579650","error":""},"_links":{"self":[{"href":"https:\/\/www.europesays.com\/fr\/wp-json\/wp\/v2\/posts\/281224","targetHints":{"allow":["GET"]}}],"collection":[{"href":"https:\/\/www.europesays.com\/fr\/wp-json\/wp\/v2\/posts"}],"about":[{"href":"https:\/\/www.europesays.com\/fr\/wp-json\/wp\/v2\/types\/post"}],"author":[{"embeddable":true,"href":"https:\/\/www.europesays.com\/fr\/wp-json\/wp\/v2\/users\/2"}],"replies":[{"embeddable":true,"href":"https:\/\/www.europesays.com\/fr\/wp-json\/wp\/v2\/comments?post=281224"}],"version-history":[{"count":0,"href":"https:\/\/www.europesays.com\/fr\/wp-json\/wp\/v2\/posts\/281224\/revisions"}],"wp:featuredmedia":[{"embeddable":true,"href":"https:\/\/www.europesays.com\/fr\/wp-json\/wp\/v2\/media\/281225"}],"wp:attachment":[{"href":"https:\/\/www.europesays.com\/fr\/wp-json\/wp\/v2\/media?parent=281224"}],"wp:term":[{"taxonomy":"category","embeddable":true,"href":"https:\/\/www.europesays.com\/fr\/wp-json\/wp\/v2\/categories?post=281224"},{"taxonomy":"post_tag","embeddable":true,"href":"https:\/\/www.europesays.com\/fr\/wp-json\/wp\/v2\/tags?post=281224"}],"curies":[{"name":"wp","href":"https:\/\/api.w.org\/{rel}","templated":true}]}}