{"id":281235,"date":"2025-07-29T05:53:10","date_gmt":"2025-07-29T05:53:10","guid":{"rendered":"https:\/\/www.europesays.com\/fr\/281235\/"},"modified":"2025-07-29T05:53:10","modified_gmt":"2025-07-29T05:53:10","slug":"wta-montreal-pegula-dans-lattente-jespere-neanmoins-trouver-un-peu-de-magie-au-canada-tout-le-monde-me-rappelle-sans-cesse-la-possibilite-de-remporter-un-triple-mais-cest-encore-loin","status":"publish","type":"post","link":"https:\/\/www.europesays.com\/fr\/281235\/","title":{"rendered":"WTA &#8211; Montr\u00e9al > Pegula dans l&rsquo;attente : \u00ab\u00a0J&rsquo;esp\u00e8re n\u00e9anmoins trouver un peu de magie au Canada. Tout le monde me rappelle sans cesse la possibilit\u00e9 de remporter un tripl\u00e9, mais c&rsquo;est encore loin\u00a0\u00bb"},"content":{"rendered":"<p>L\u2019Am\u00e9ricaine est dans le doute. En effet, Jessica Pegula sort de deux contre\u2010performances, \u00e0 Wimbledon puis plus r\u00e9cem\u00adment lors du tournoi de Washington.<\/p>\n<p>Mais c\u2019est en tant que double laur\u00e9ate du Masters 1000 du Canada que la 4e joueuse se pr\u00e9sente au Canada. Elle peut donc viser un tripl\u00e9.\u00a0<\/p>\n<p><strong>\u00ab\u202fJe suis impa\u00adtient d\u2019\u00eatre de retour. J\u2019ai d\u2019ex\u00adcel\u00adlents souve\u00adnirs de cet endroit, ici comme \u00e0 Toronto. Tout le monde me rappelle sans cesse la possi\u00adbi\u00adlit\u00e9 de remporter un tripl\u00e9, mais c\u2019est encore loin. J\u2019esp\u00e8re n\u00e9an\u00admoins trouver un peu de magie ici, au Canada. Au moins quelque chose qui se rapproche de ce qui m\u2019a permis de jouer mon meilleur tennis ces derni\u00e8res ann\u00e9es. Wimbledon ne s\u2019est pas d\u00e9roul\u00e9 comme je le souhai\u00adtais. J\u2019\u00e9tais d\u00e9\u00e7ue, mais ce n\u2019est pas si mal d\u2019\u00eatre \u00e0 la maison pendant deux semaines et demie avant de commencer ce circuit. Maintenant, je me concentre sur une nouvelle surface, je m\u2019y adapte et je passe du temps \u00e0 la maison.\u202f\u00bb<\/strong><\/p>\n<p>Jessica Pegula, t\u00eate de s\u00e9rie n\u00b03 du tournoi, affron\u00adtera lors de son premier tour la gagnante du match entre Maria Sakkari et la locale Carson Branstine.<\/p>\n<p class=\"post-published-date\" style=\"color: silver; font-size: 75%; text-align: left;\">Publi\u00e9 le lundi 28 juillet 2025 \u00e0 17:11<\/p>\n","protected":false},"excerpt":{"rendered":"L\u2019Am\u00e9ricaine est dans le doute. En effet, Jessica Pegula sort de deux contre\u2010performances, \u00e0 Wimbledon puis plus r\u00e9cem\u00adment&hellip;\n","protected":false},"author":2,"featured_media":281236,"comment_status":"","ping_status":"","sticky":false,"template":"","format":"standard","meta":{"footnotes":""},"categories":[1415],"tags":[1011,27,60,1467],"class_list":{"0":"post-281235","1":"post","2":"type-post","3":"status-publish","4":"format-standard","5":"has-post-thumbnail","7":"category-tennis","8":"tag-fr","9":"tag-france","10":"tag-sports","11":"tag-tennis"},"share_on_mastodon":{"url":"https:\/\/pubeurope.com\/@fr\/114934972599983887","error":""},"_links":{"self":[{"href":"https:\/\/www.europesays.com\/fr\/wp-json\/wp\/v2\/posts\/281235","targetHints":{"allow":["GET"]}}],"collection":[{"href":"https:\/\/www.europesays.com\/fr\/wp-json\/wp\/v2\/posts"}],"about":[{"href":"https:\/\/www.europesays.com\/fr\/wp-json\/wp\/v2\/types\/post"}],"author":[{"embeddable":true,"href":"https:\/\/www.europesays.com\/fr\/wp-json\/wp\/v2\/users\/2"}],"replies":[{"embeddable":true,"href":"https:\/\/www.europesays.com\/fr\/wp-json\/wp\/v2\/comments?post=281235"}],"version-history":[{"count":0,"href":"https:\/\/www.europesays.com\/fr\/wp-json\/wp\/v2\/posts\/281235\/revisions"}],"wp:featuredmedia":[{"embeddable":true,"href":"https:\/\/www.europesays.com\/fr\/wp-json\/wp\/v2\/media\/281236"}],"wp:attachment":[{"href":"https:\/\/www.europesays.com\/fr\/wp-json\/wp\/v2\/media?parent=281235"}],"wp:term":[{"taxonomy":"category","embeddable":true,"href":"https:\/\/www.europesays.com\/fr\/wp-json\/wp\/v2\/categories?post=281235"},{"taxonomy":"post_tag","embeddable":true,"href":"https:\/\/www.europesays.com\/fr\/wp-json\/wp\/v2\/tags?post=281235"}],"curies":[{"name":"wp","href":"https:\/\/api.w.org\/{rel}","templated":true}]}}